{"id":35554,"date":"2025-08-28T09:17:17","date_gmt":"2025-08-28T09:17:17","guid":{"rendered":"https:\/\/conakrynews.org\/?p=35554"},"modified":"2025-08-28T09:17:17","modified_gmt":"2025-08-28T09:17:17","slug":"guinee-environnement-amenagement-du-lac-de-sonfonia-au-centre-des-discussions-dun-atelier-a-conakry","status":"publish","type":"post","link":"https:\/\/conakrynews.org\/index.php\/guinee-environnement-amenagement-du-lac-de-sonfonia-au-centre-des-discussions-dun-atelier-a-conakry\/","title":{"rendered":"Guin\u00e9e\/Environnement : Am\u00e9nagement du Lac de Sonfonia au centre des discussions d\u2019un atelier \u00e0 Conakry"},"content":{"rendered":"<h1 class=\"name post-title entry-title\"><\/h1>\n<p class=\"post-meta\">\n<div class=\"clear\"><\/div>\n<div class=\"entry\">\n<p>La\u00a0 ministre l\u2019Environnement et du D\u00e9veloppement Durable Djami DIALLO a pr\u00e9sid\u00e9 ce mercredi 27 ao\u00fbt 2025 \u00e0 Conakry, l\u2019ouverture des travaux de l\u2019atelier de restitution du rapport sur l\u2019\u00e9tat \u00e9cologique du lac de Sonfonia assorti d\u2019un plan d\u2019am\u00e9nagement et de gestion durable.<\/p>\n<p>Cette rencontre permettra au cabinet recrut\u00e9 par le Minist\u00e8re de l\u2019Environnement et du D\u00e9veloppement Durable (MEDD), avec le soutien du PNUD de soumettre le rapport pr\u00e9liminaire \u00e0 toutes les parties prenantes pour examen concernant l\u2019\u00e9tat \u00e9cologique du Lac de Sonfonia assorti d\u2019un Plan d\u2019Am\u00e9nagement et de Gestion Durable.<\/p>\n<p>Dans son discours, le Repr\u00e9sentant R\u00e9sidant du PNUD-Guin\u00e9e, M. Anthony Ohemeng Boamah, a indiqu\u00e9 que le rapport soumis lors de cet atelier pr\u00e9sente un diagnostic complet ainsi qu\u2019une feuille de route destin\u00e9e \u00e0 permettre au Lac de Sonfonia de remplir pleinement ses fonctions environnementales et sociales par une gestion concert\u00e9e impliquant l\u2019ensemble des parties prenantes.<\/p>\n<p>Le PNUD continue d\u2019appuyer ces initiatives et prendra part aux prochaines \u00e9tapes, particuli\u00e8rement, en ce qui concerne la mobilisation des partenaires n\u00e9cessaires \u00e0 la mise en \u0153uvre des solutions identifi\u00e9es avec toutes les parties concern\u00e9es \u00ab\u00a0. Rassure-t-il Mr Anthony Ohemeng Boamah<\/p>\n<p>Pour le Directeur G\u00e9n\u00e9ral du Centre National de la Protection du Milieu Marin et des Zones C\u00f4ti\u00e8res Lama You Camara, le Lac de Sonfonia est un \u00e9cosyst\u00e8me qui traverse un des moments tr\u00e8s difficiles avec la pollution, la r\u00e9servation.<\/p>\n<p>Ce plan d\u2019am\u00e9nagement du Lac comprend le volet environnemental, aussi le volet communautaire qui sera \u00e0 l\u2019avantage de la nouvelle commune de Sonfonia et de qui va \u00eatre une lumi\u00e8re pour la ville de Conakry. Alors, j\u2019invite les riverains de la localit\u00e9 \u00e0 accompagner ce projet qui va aider non seulement la communaut\u00e9 mais aussi toute la capitale Conakry, parce que \u00e7a sera vraiment un symbole en termes d\u2019am\u00e9nagement au milieu urbain. \u00a0\u00bb<\/p>\n<p>Avant de proc\u00e9der au lancement des travaux de l\u2019atelier, la Ministre de l\u2019Environnement et du D\u00e9veloppement Durable Djami DIALLO a rappel\u00e9 que le Lac de Sonfonia a \u00e9t\u00e9 cr\u00e9\u00e9 \u00e0 l\u2019\u00e9poque coloniale comme r\u00e9servoir et fut un joyau \u00e9cologique, un havre de biodiversit\u00e9, un lieu de d\u00e9tente et de loisirs pour les populations riveraines, avant de devenir, apr\u00e8s l\u2019ind\u00e9pendance, un pilier pour la production agricole et pastorale.<\/p>\n<p>Ce patrimoine naturel et historique est aujourd\u2019hui gravement menac\u00e9 du fait de la pression combin\u00e9e d\u2019une urbanisation rapide et anarchique, de la pollution par les d\u00e9chets solides et les eaux us\u00e9es, et des effets du changement climatique, qui ont entra\u00een\u00e9 sa d\u00e9gradation acc\u00e9l\u00e9r\u00e9e au cours des derni\u00e8res ann\u00e9es. L\u2019objectif est de cr\u00e9er un cadre favorable pour restaurer et prot\u00e9ger cet \u00e9cosyst\u00e8me, contribuer non seulement \u00e0 r\u00e9duire des risques pour des vies humaines, mais aussi cr\u00e9er des emplois et des espaces de divertissement pour les g\u00e9n\u00e9rations pr\u00e9sentes et futures.\u00a0\u00bb Souligne-t-elle la Ministre Djami DIALLO<\/p>\n<p>Pour finir, elle a pr\u00e9cis\u00e9 que la sauvegarde du Lac de Sonfonia ne saurait \u00eatre l\u2019affaire du seul Minist\u00e8re de l\u2019Environnement. C\u2019est une responsabilit\u00e9 partag\u00e9e qui n\u00e9cessite une synergie d\u2019action de tout le monde (gouvernement, collectivit\u00e9s locales, soci\u00e9t\u00e9 civile, partenaires techniques et financiers, aussi la population riveraine.<\/p>\n<p>&nbsp;<\/p>\n<p><strong>Karifa Zoumanigui pour GuineeQuotidien<\/strong><\/p>\n<\/div>\n","protected":false},"excerpt":{"rendered":"<p>La\u00a0 ministre l\u2019Environnement et du D\u00e9veloppement Durable Djami DIALLO a pr\u00e9sid\u00e9 ce mercredi 27 ao\u00fbt 2025 \u00e0 Conakry, l\u2019ouverture des travaux de l\u2019atelier de restitution du rapport sur l\u2019\u00e9tat \u00e9cologique du lac de Sonfonia assorti d\u2019un plan d\u2019am\u00e9nagement et de gestion durable. Cette rencontre permettra au cabinet recrut\u00e9 par le Minist\u00e8re de l\u2019Environnement et du [&hellip;]<\/p>\n","protected":false},"author":2,"featured_media":35555,"comment_status":"closed","ping_status":"closed","sticky":false,"template":"","format":"standard","meta":{"footnotes":""},"categories":[60],"tags":[],"class_list":{"0":"post-35554","1":"post","2":"type-post","3":"status-publish","4":"format-standard","5":"has-post-thumbnail","7":"category-environnement"},"_links":{"self":[{"href":"https:\/\/conakrynews.org\/index.php\/wp-json\/wp\/v2\/posts\/35554","targetHints":{"allow":["GET"]}}],"collection":[{"href":"https:\/\/conakrynews.org\/index.php\/wp-json\/wp\/v2\/posts"}],"about":[{"href":"https:\/\/conakrynews.org\/index.php\/wp-json\/wp\/v2\/types\/post"}],"author":[{"embeddable":true,"href":"https:\/\/conakrynews.org\/index.php\/wp-json\/wp\/v2\/users\/2"}],"replies":[{"embeddable":true,"href":"https:\/\/conakrynews.org\/index.php\/wp-json\/wp\/v2\/comments?post=35554"}],"version-history":[{"count":0,"href":"https:\/\/conakrynews.org\/index.php\/wp-json\/wp\/v2\/posts\/35554\/revisions"}],"wp:featuredmedia":[{"embeddable":true,"href":"https:\/\/conakrynews.org\/index.php\/wp-json\/wp\/v2\/media\/35555"}],"wp:attachment":[{"href":"https:\/\/conakrynews.org\/index.php\/wp-json\/wp\/v2\/media?parent=35554"}],"wp:term":[{"taxonomy":"category","embeddable":true,"href":"https:\/\/conakrynews.org\/index.php\/wp-json\/wp\/v2\/categories?post=35554"},{"taxonomy":"post_tag","embeddable":true,"href":"https:\/\/conakrynews.org\/index.php\/wp-json\/wp\/v2\/tags?post=35554"}],"curies":[{"name":"wp","href":"https:\/\/api.w.org\/{rel}","templated":true}]}}