{"id":35558,"date":"2025-08-28T10:20:43","date_gmt":"2025-08-28T10:20:43","guid":{"rendered":"https:\/\/conakrynews.org\/?p=35558"},"modified":"2025-08-28T10:20:43","modified_gmt":"2025-08-28T10:20:43","slug":"presidentielle-2025-vincent-toh-bi-irie-reve-dune-cote-divoire-juste-en-paix-et-developpee","status":"publish","type":"post","link":"https:\/\/conakrynews.org\/index.php\/presidentielle-2025-vincent-toh-bi-irie-reve-dune-cote-divoire-juste-en-paix-et-developpee\/","title":{"rendered":"Pr\u00e9sidentielle 2025 : Vincent Toh Bi Iri\u00e9 r\u00eave d\u2019une C\u00f4te d\u2019Ivoire juste, en paix et d\u00e9velopp\u00e9e"},"content":{"rendered":"<div class=\"post-header post-tp-1-header\">\n<h1 class=\"single-post-title\"><\/h1>\n<div class=\"post-meta-wrap clearfix\">\n<div class=\"term-badges \"><\/div>\n<div class=\"post-meta single-post-meta\"><a class=\"post-author-a post-author-avatar\" title=\"Parcourir les articles Auteur\" href=\"https:\/\/guineelive.com\/author\/guineelive-com\/\"><img loading=\"lazy\" decoding=\"async\" class=\"avatar avatar-26 photo avatar-default b-loaded\" src=\"https:\/\/secure.gravatar.com\/avatar\/bc3fd6d073ac938c9215a67f9d374e6c449bc69ed91b1ebee0327c71326b4c53?s=26&amp;d=mm&amp;r=g\" alt=\"\" width=\"26\" height=\"26\" \/><\/a><\/div>\n<div class=\"google-auto-placed\"><ins class=\"adsbygoogle adsbygoogle-noablate\" data-ad-format=\"auto\" data-ad-client=\"ca-pub-1633418506232299\" data-adsbygoogle-status=\"done\" data-ad-status=\"unfilled\"><\/p>\n<div id=\"aswift_3_host\"><\/div>\n<p><\/ins><\/div>\n<div class=\"google-auto-placed\"><ins class=\"adsbygoogle adsbygoogle-noablate\" data-ad-format=\"auto\" data-ad-client=\"ca-pub-1633418506232299\" data-adsbygoogle-status=\"done\" data-ad-status=\"unfilled\"><\/p>\n<div id=\"aswift_2_host\"><\/div>\n<p><\/ins><\/div>\n<\/div>\n<div class=\"single-featured\"><\/div>\n<\/div>\n<p><!--more--><\/p>\n<p><!--more--><\/p>\n<p><!--more--><\/p>\n<div class=\"post-share single-post-share top-share clearfix style-12\">\n<div class=\"post-share-btn-group\"><\/div>\n<div class=\"share-handler-wrap bs-pretty-tabs bs-pretty-tabs-initialized\"><span class=\"share-handler post-share-btn rank-default\"><i class=\"bf-icon  fa fa-share-alt\"><\/i>\u00a0<\/span><i class=\"bf-icon fa fa-plus\"><\/i><\/div>\n<\/div>\n<div class=\"entry-content clearfix single-post-content\">\n<div class=\"draggable h-header-height top-0 z-10 flex items-center border-transparent px-2 md:hidden bg-token-bg-primary sticky [box-shadow:var(--sharp-edge-top-shadow)]\">\n<div class=\"no-draggable flex-1\">\n<div>Vincent Toh Bi Iri\u00e9, a officiellement d\u00e9pos\u00e9 sa candidature \u00e0 l\u2019\u00e9lection pr\u00e9sidentielle de 2025. Son dossier, selon ses proches, est complet et conforme aux lois et r\u00e8glements en vigueur.<\/div>\n<\/div>\n<\/div>\n<div class=\"google-auto-placed\"><ins class=\"adsbygoogle adsbygoogle-noablate\" data-ad-format=\"auto\" data-ad-client=\"ca-pub-1633418506232299\" data-adsbygoogle-status=\"done\" data-ad-status=\"unfilled\"><\/p>\n<div id=\"aswift_4_host\"><\/div>\n<p><\/ins><\/div>\n<div class=\"google-auto-placed\"><ins class=\"adsbygoogle adsbygoogle-noablate\" data-ad-format=\"auto\" data-ad-client=\"ca-pub-1633418506232299\" data-adsbygoogle-status=\"done\" data-ad-status=\"filled\"><\/p>\n<div id=\"aswift_5_host\"><\/div>\n<p><\/ins><\/div>\n<p>&nbsp;<\/p>\n<p><main id=\"main\" class=\"transition-width relative h-full w-full flex-1 overflow-auto -translate-y-[calc(env(safe-area-inset-bottom,0px)\/2)] pt-[calc(env(safe-area-inset-bottom,0px)\/2)]\">&nbsp;<\/p>\n<div id=\"thread\" class=\"group\/thread @container\/thread h-full w-full\">\n<div class=\"composer-parent flex h-full flex-col focus-visible:outline-0 overflow-hidden\" role=\"presentation\">\n<div class=\"relative flex basis-auto flex-col -mb-(--composer-overlap-px) [--composer-overlap-px:28px] grow overflow-hidden\">\n<div class=\"relative h-full\">\n<div class=\"flex h-full flex-col overflow-y-auto [scrollbar-gutter:stable_both-edges] @[84rem]\/thread:pt-(--header-height)\">\n<div class=\"@thread-xl\/thread:pt-header-height flex flex-col text-sm keyboard-open:pb-[calc(var(--composer-height,100px)+var(--screen-keyboard-height,0))] pb-25\">\n<article class=\"text-token-text-primary w-full focus:outline-none scroll-mt-[calc(var(--header-height)+min(200px,max(70px,20svh)))]\" dir=\"auto\" data-turn-id=\"0a038953-728a-4d1c-8e58-ca23d053fd82\" data-testid=\"conversation-turn-2\" data-scroll-anchor=\"true\" data-turn=\"assistant\">\n<div class=\"text-base my-auto mx-auto pb-10 [--thread-content-margin:--spacing(4)] @[37rem]:[--thread-content-margin:--spacing(6)] @[72rem]:[--thread-content-margin:--spacing(16)] px-(--thread-content-margin)\">\n<div class=\"[--thread-content-max-width:32rem] @[34rem]:[--thread-content-max-width:40rem] @[64rem]:[--thread-content-max-width:48rem] mx-auto max-w-(--thread-content-max-width) flex-1 group\/turn-messages focus-visible:outline-hidden relative flex w-full min-w-0 flex-col agent-turn\">\n<div class=\"flex max-w-full flex-col grow\">\n<div class=\"min-h-8 text-message relative flex w-full flex-col items-end gap-2 text-start break-words whitespace-normal [.text-message+&amp;]:mt-5\" dir=\"auto\" data-message-author-role=\"assistant\" data-message-id=\"1d9bb521-f6b2-49bc-990d-c6ef04e72de5\" data-message-model-slug=\"gpt-5\">\n<div class=\"flex w-full flex-col gap-1 empty:hidden first:pt-[3px]\">\n<div class=\"markdown prose dark:prose-invert w-full break-words light markdown-new-styling\">\n<p data-start=\"395\" data-end=\"668\">Dans sa d\u00e9claration, le candidat a partag\u00e9 sa vision d\u2019une C\u00f4te d\u2019Ivoire o\u00f9 \u00ab la justice, la paix et le d\u00e9veloppement \u00bb constituent les piliers de la vie nationale. Pour lui, ce triptyque incarne le r\u00eave d\u2019une soci\u00e9t\u00e9 plus \u00e9quitable, r\u00e9concili\u00e9e et tourn\u00e9e vers l\u2019avenir.<\/p>\n<p data-start=\"670\" data-end=\"930\">Se pr\u00e9sentant comme le porte-voix d\u2019une \u00ab transition g\u00e9n\u00e9rationnelle \u00bb, Vincent Toh Bi Iri\u00e9 affirme fonder son projet sur le respect des a\u00een\u00e9s, la richesse de la diversit\u00e9 culturelle, les valeurs de patriotisme et son exp\u00e9rience acquise au service de l\u2019\u00c9tat.<\/p>\n<p data-start=\"932\" data-end=\"1146\">\u00ab Nous pensons \u00eatre la transition g\u00e9n\u00e9rationnelle la plus apte \u00e0 porter haut notre pays, la C\u00f4te d\u2019Ivoire \u00bb, a-t-il d\u00e9clar\u00e9, invitant ses partisans \u00e0 se mobiliser pour concr\u00e9tiser ce r\u00eave lors du scrutin \u00e0 venir.<\/p>\n<p data-start=\"932\" data-end=\"1146\"><strong>Daouda Yansan\u00e9\u00a0<\/strong><\/p>\n<\/div>\n<\/div>\n<\/div>\n<\/div>\n<\/div>\n<\/div>\n<\/article>\n<\/div>\n<\/div>\n<\/div>\n<\/div>\n<\/div>\n<\/div>\n<p><\/main><\/div>\n","protected":false},"excerpt":{"rendered":"\u00a0 Vincent Toh Bi Iri\u00e9, a officiellement d\u00e9pos\u00e9 sa candidature \u00e0 l\u2019\u00e9lection pr\u00e9sidentielle de 2025. Son dossier, selon ses proches, est complet et conforme aux lois et r\u00e8glements en vigueur. &nbsp; &nbsp; Dans sa d\u00e9claration, le candidat a partag\u00e9 sa vision d\u2019une C\u00f4te d\u2019Ivoire o\u00f9 \u00ab la justice, la paix et le d\u00e9veloppement \u00bb constituent [...]","protected":false},"author":2,"featured_media":35559,"comment_status":"closed","ping_status":"closed","sticky":false,"template":"","format":"standard","meta":{"footnotes":""},"categories":[57],"tags":[],"class_list":{"0":"post-35558","1":"post","2":"type-post","3":"status-publish","4":"format-standard","5":"has-post-thumbnail","7":"category-politique"},"_links":{"self":[{"href":"https:\/\/conakrynews.org\/index.php\/wp-json\/wp\/v2\/posts\/35558","targetHints":{"allow":["GET"]}}],"collection":[{"href":"https:\/\/conakrynews.org\/index.php\/wp-json\/wp\/v2\/posts"}],"about":[{"href":"https:\/\/conakrynews.org\/index.php\/wp-json\/wp\/v2\/types\/post"}],"author":[{"embeddable":true,"href":"https:\/\/conakrynews.org\/index.php\/wp-json\/wp\/v2\/users\/2"}],"replies":[{"embeddable":true,"href":"https:\/\/conakrynews.org\/index.php\/wp-json\/wp\/v2\/comments?post=35558"}],"version-history":[{"count":0,"href":"https:\/\/conakrynews.org\/index.php\/wp-json\/wp\/v2\/posts\/35558\/revisions"}],"wp:featuredmedia":[{"embeddable":true,"href":"https:\/\/conakrynews.org\/index.php\/wp-json\/wp\/v2\/media\/35559"}],"wp:attachment":[{"href":"https:\/\/conakrynews.org\/index.php\/wp-json\/wp\/v2\/media?parent=35558"}],"wp:term":[{"taxonomy":"category","embeddable":true,"href":"https:\/\/conakrynews.org\/index.php\/wp-json\/wp\/v2\/categories?post=35558"},{"taxonomy":"post_tag","embeddable":true,"href":"https:\/\/conakrynews.org\/index.php\/wp-json\/wp\/v2\/tags?post=35558"}],"curies":[{"name":"wp","href":"https:\/\/api.w.org\/{rel}","templated":true}]}}