{"id":35573,"date":"2025-08-28T16:01:45","date_gmt":"2025-08-28T16:01:45","guid":{"rendered":"https:\/\/conakrynews.org\/?p=35573"},"modified":"2025-08-28T16:01:45","modified_gmt":"2025-08-28T16:01:45","slug":"cooperation-economique-lallemagne-ratifiera-les-accords-entre-lue-et-neuf-pays-africains","status":"publish","type":"post","link":"https:\/\/conakrynews.org\/index.php\/cooperation-economique-lallemagne-ratifiera-les-accords-entre-lue-et-neuf-pays-africains\/","title":{"rendered":"Coop\u00e9ration \u00e9conomique: L\u2019Allemagne ratifiera les accords entre l\u2019UE et neuf pays africains"},"content":{"rendered":"<h1 class=\"name post-title entry-title\"><\/h1>\n<p class=\"post-meta\">\n<div class=\"clear\"><\/div>\n<div class=\"entry\">\n<div id=\"copy\">\n<p class=\"teaser\">En ratifiant ces accords commerciaux avec l\u2019Afrique, l\u2019Allemagne entend renforcer une coop\u00e9ration \u00e9conomique profitable aux deux parties, a ses partenaires comme \u00e0 ses entreprises.<\/p>\n<div class=\"content\">\n<section class=\"main\">Le gouvernement f\u00e9d\u00e9ral allemand a lanc\u00e9 la ratification de quatre accords commerciaux conclus entre l\u2019Union europ\u00e9enne et neuf pays africains. Ces accords visent \u00e0 offrir aux entreprises africaines et europ\u00e9ennes un cadre durable pour renforcer le commerce et les investissements. Cette ratification, propos\u00e9e par la ministre du D\u00e9veloppement, Reem Alabali Radovan, concerne la C\u00f4te d\u2019Ivoire, le Ghana, le Cameroun et six pays de la Communaut\u00e9 de d\u00e9veloppement de l\u2019Afrique australe, \u00e0 savoir le Botswana, l\u2019Eswatini, le Lesotho, le Mozambique, la Namibie et l\u2019Afrique du Sud.&nbsp;<\/p>\n<p>D\u00e9j\u00e0 ratifi\u00e9s par les partenaires africains et appliqu\u00e9s \u00e0 titre provisoire, ces accords doivent encore \u00eatre formellement approuv\u00e9s par l\u2019ensemble des \u00c9tats membres de l\u2019Union europ\u00e9enne (UE) pour entrer pleinement en vigueur, a rappel\u00e9 le minist\u00e8re allemand du D\u00e9veloppement (BMZ). \u00ab L\u2019Allemagne reste un partenaire fiable pour des relations commerciales \u00e9quitables. Cela est particuli\u00e8rement crucial \u00e0 une \u00e9poque o\u00f9 le commerce mondial est confront\u00e9 \u00e0 des incertitudes importantes et o\u00f9 nos r\u00e8gles communes sont agressivement mises sous pression \u00bb, a d\u00e9clar\u00e9 la ministre.<\/p>\n<h2>Un partenariat plus \u00e9quilibr\u00e9<\/h2>\n<p>Elle a soulign\u00e9 que ces accords posent les bases d\u2019un partenariat \u00e9conomique plus \u00e9quilibr\u00e9 avec l\u2019Afrique. Ils soutiennent le d\u00e9veloppement local, tout en offrant aux entreprises allemandes un acc\u00e8s s\u00e9curis\u00e9 \u00e0 de nouveaux march\u00e9s et fournisseurs, dans un cadre fond\u00e9 sur des r\u00e8gles claires et partag\u00e9es.<\/p>\n<p>Gr\u00e2ce \u00e0 ces accords, les pays africains partenaires b\u00e9n\u00e9ficient d\u2019un acc\u00e8s permanent, sans droits de douane ni quotas, au march\u00e9 de l\u2019UE. En retour, ils r\u00e9duisent leurs tarifs douaniers sur des produits europ\u00e9ens, avec des p\u00e9riodes de transition pouvant aller jusqu\u2019\u00e0 25 ans pour prot\u00e9ger leurs secteurs sensibles. Les quatre accords concern\u00e9s sont des Accords de partenariat \u00e9conomique (APE) sign\u00e9s entre 2007 et 2016 entre l\u2019UE et des regroupements de pays africains. Ils visent \u00e0 instaurer un commerce plus \u00e9quilibr\u00e9, soutenant le d\u00e9veloppement durable tout en encadrant progressivement l\u2019ouverture des march\u00e9s africains aux produits europ\u00e9ens.<\/p>\n<\/section>\n<\/div>\n<\/div>\n<div class=\"info-row\">\n<nav class=\"navbar\" role=\"navigation\" aria-label=\"article navigation\">\n<div class=\"navbar-menu is-active\">\n<div class=\"navbar-start\"><\/div>\n<div class=\"navbar-end\">\n<div class=\"navbar-item\">\n<div class=\"field is-grouped\"><strong>Avec dpa-news<\/strong><\/div>\n<\/div>\n<\/div>\n<\/div>\n<\/nav>\n<\/div>\n<\/div>\n","protected":false},"excerpt":{"rendered":"<p>En ratifiant ces accords commerciaux avec l\u2019Afrique, l\u2019Allemagne entend renforcer une coop\u00e9ration \u00e9conomique profitable aux deux parties, a ses partenaires comme \u00e0 ses entreprises. Le gouvernement f\u00e9d\u00e9ral allemand a lanc\u00e9 la ratification de quatre accords commerciaux conclus entre l\u2019Union europ\u00e9enne et neuf pays africains. Ces accords visent \u00e0 offrir aux entreprises africaines et europ\u00e9ennes un [&hellip;]<\/p>\n","protected":false},"author":2,"featured_media":35574,"comment_status":"closed","ping_status":"closed","sticky":false,"template":"","format":"standard","meta":{"footnotes":""},"categories":[66],"tags":[],"class_list":{"0":"post-35573","1":"post","2":"type-post","3":"status-publish","4":"format-standard","5":"has-post-thumbnail","7":"category-economie"},"_links":{"self":[{"href":"https:\/\/conakrynews.org\/index.php\/wp-json\/wp\/v2\/posts\/35573","targetHints":{"allow":["GET"]}}],"collection":[{"href":"https:\/\/conakrynews.org\/index.php\/wp-json\/wp\/v2\/posts"}],"about":[{"href":"https:\/\/conakrynews.org\/index.php\/wp-json\/wp\/v2\/types\/post"}],"author":[{"embeddable":true,"href":"https:\/\/conakrynews.org\/index.php\/wp-json\/wp\/v2\/users\/2"}],"replies":[{"embeddable":true,"href":"https:\/\/conakrynews.org\/index.php\/wp-json\/wp\/v2\/comments?post=35573"}],"version-history":[{"count":0,"href":"https:\/\/conakrynews.org\/index.php\/wp-json\/wp\/v2\/posts\/35573\/revisions"}],"wp:featuredmedia":[{"embeddable":true,"href":"https:\/\/conakrynews.org\/index.php\/wp-json\/wp\/v2\/media\/35574"}],"wp:attachment":[{"href":"https:\/\/conakrynews.org\/index.php\/wp-json\/wp\/v2\/media?parent=35573"}],"wp:term":[{"taxonomy":"category","embeddable":true,"href":"https:\/\/conakrynews.org\/index.php\/wp-json\/wp\/v2\/categories?post=35573"},{"taxonomy":"post_tag","embeddable":true,"href":"https:\/\/conakrynews.org\/index.php\/wp-json\/wp\/v2\/tags?post=35573"}],"curies":[{"name":"wp","href":"https:\/\/api.w.org\/{rel}","templated":true}]}}