{"id":35580,"date":"2025-08-28T17:57:33","date_gmt":"2025-08-28T17:57:33","guid":{"rendered":"https:\/\/conakrynews.org\/?p=35580"},"modified":"2025-08-28T19:08:02","modified_gmt":"2025-08-28T19:08:02","slug":"cnss-revalorisation-des-pensions-de-retraitecommunique","status":"publish","type":"post","link":"https:\/\/conakrynews.org\/index.php\/cnss-revalorisation-des-pensions-de-retraitecommunique\/","title":{"rendered":"CNSS: Revalorisation des Pensions de Retraite(Communiqu\u00e9)"},"content":{"rendered":"<div class=\"elementor-element elementor-element-11dc722 elementor-widget elementor-widget-theme-post-title elementor-page-title elementor-widget-heading\" data-id=\"11dc722\" data-element_type=\"widget\" data-widget_type=\"theme-post-title.default\">\n<h1 class=\"elementor-heading-title elementor-size-default\"><\/h1>\n<\/div>\n<div class=\"elementor-element elementor-element-2b5a7ef elementor-widget elementor-widget-theme-post-featured-image elementor-widget-image\" data-id=\"2b5a7ef\" data-element_type=\"widget\" data-widget_type=\"theme-post-featured-image.default\"><\/div>\n<div class=\"elementor-element elementor-element-242eaf9 elementor-widget elementor-widget-post-info\" data-id=\"242eaf9\" data-element_type=\"widget\" data-widget_type=\"post-info.default\">\n<div class=\"elementor-widget-container\">\n<p>&nbsp;<\/p>\n<\/div>\n<\/div>\n<div class=\"elementor-element elementor-element-77521c64 elementor-widget elementor-widget-theme-post-content\" data-id=\"77521c64\" data-element_type=\"widget\" data-widget_type=\"theme-post-content.default\">\n<div class=\"elementor-widget-container\">\n<p><strong>Le Ministre du Travail et de la Fonction Publique informe les retrait\u00e9s<\/strong>\u00a0<strong>du secteur priv\u00e9 et<\/strong>\u00a0assimil\u00e9s que, dans le cadre de la politique sociale du Gouvernement, et sur la base d\u2019une \u00e9tude actuarielle men\u00e9e par la Caisse Nationale de S\u00e9curit\u00e9 Sociale (CNSS),\u00a0<strong>les pensions de retraite, d\u2019invalidit\u00e9 et de survivants g\u00e9r\u00e9es par la CNSS seront revaloris\u00e9es \u00e0 hauteur d\u2019une moyenne pond\u00e9r\u00e9e de 15 %.<\/strong><\/p>\n<p><strong>Cette augmentation entrera en vigueur \u00e0 compter de l\u2019\u00e9ch\u00e9ance du mois de septembre 2025 et sera vers\u00e9e le vendredi 29 ao\u00fbt 2025.<\/strong><\/p>\n<p>Cette revalorisation a pour objectif d\u2019am\u00e9liorer le pouvoir d\u2019achat des retrait\u00e9s.<\/p>\n<p>Elle s\u2019inscrit dans une logique de justice sociale et de solidarit\u00e9 nationale, conform\u00e9ment \u00e0 la volont\u00e9 du Chef de l\u2019\u00c9tat, qui place les pensionn\u00e9s au c\u0153ur de sa politique sociale.<\/p>\n<p>Par cette mesure, le Gouvernement Guin\u00e9en r\u00e9affirme son engagement constant \u00e0 soutenir les retrait\u00e9s et \u00e0 pr\u00e9server la p\u00e9rennit\u00e9 du syst\u00e8me de retraite en R\u00e9publique de Guin\u00e9e et s\u2019engage \u00e0 poursuivre ses efforts pour l\u2019am\u00e9lioration continue des conditions de vie des retrait\u00e9s.<\/p>\n<p><strong>Le Ministre du Travail et de la Fonction Publique invite les b\u00e9n\u00e9ficiaires concern\u00e9s \u00e0 prendre connaissance de cette augmentation et \u00e0 se rapprocher de la CNSS pour toute information compl\u00e9mentaire.<\/strong><\/p>\n<p><img loading=\"lazy\" decoding=\"async\" class=\"alignnone size-medium wp-image-11742\" src=\"https:\/\/cnss.gov.gn\/wp-content\/uploads\/2025\/08\/Revalorisation-des-pensions-359x500.jpg\" alt=\"\" width=\"359\" height=\"500\" \/><\/p>\n<p>&nbsp;<\/p>\n<p><strong>Le Ministre<\/strong><\/p>\n<p><strong>Faya Fran\u00e7ois BOUROUNO<\/strong><\/p>\n<\/div>\n<\/div>\n","protected":false},"excerpt":{"rendered":"<p>&nbsp; Le Ministre du Travail et de la Fonction Publique informe les retrait\u00e9s\u00a0du secteur priv\u00e9 et\u00a0assimil\u00e9s que, dans le cadre de la politique sociale du Gouvernement, et sur la base d\u2019une \u00e9tude actuarielle men\u00e9e par la Caisse Nationale de S\u00e9curit\u00e9 Sociale (CNSS),\u00a0les pensions de retraite, d\u2019invalidit\u00e9 et de survivants g\u00e9r\u00e9es par la CNSS seront revaloris\u00e9es [&hellip;]<\/p>\n","protected":false},"author":2,"featured_media":35584,"comment_status":"closed","ping_status":"closed","sticky":false,"template":"","format":"standard","meta":{"footnotes":""},"categories":[58],"tags":[],"class_list":{"0":"post-35580","1":"post","2":"type-post","3":"status-publish","4":"format-standard","5":"has-post-thumbnail","7":"category-societe"},"_links":{"self":[{"href":"https:\/\/conakrynews.org\/index.php\/wp-json\/wp\/v2\/posts\/35580","targetHints":{"allow":["GET"]}}],"collection":[{"href":"https:\/\/conakrynews.org\/index.php\/wp-json\/wp\/v2\/posts"}],"about":[{"href":"https:\/\/conakrynews.org\/index.php\/wp-json\/wp\/v2\/types\/post"}],"author":[{"embeddable":true,"href":"https:\/\/conakrynews.org\/index.php\/wp-json\/wp\/v2\/users\/2"}],"replies":[{"embeddable":true,"href":"https:\/\/conakrynews.org\/index.php\/wp-json\/wp\/v2\/comments?post=35580"}],"version-history":[{"count":0,"href":"https:\/\/conakrynews.org\/index.php\/wp-json\/wp\/v2\/posts\/35580\/revisions"}],"wp:featuredmedia":[{"embeddable":true,"href":"https:\/\/conakrynews.org\/index.php\/wp-json\/wp\/v2\/media\/35584"}],"wp:attachment":[{"href":"https:\/\/conakrynews.org\/index.php\/wp-json\/wp\/v2\/media?parent=35580"}],"wp:term":[{"taxonomy":"category","embeddable":true,"href":"https:\/\/conakrynews.org\/index.php\/wp-json\/wp\/v2\/categories?post=35580"},{"taxonomy":"post_tag","embeddable":true,"href":"https:\/\/conakrynews.org\/index.php\/wp-json\/wp\/v2\/tags?post=35580"}],"curies":[{"name":"wp","href":"https:\/\/api.w.org\/{rel}","templated":true}]}}