{"id":35638,"date":"2025-08-31T13:34:13","date_gmt":"2025-08-31T13:34:13","guid":{"rendered":"https:\/\/conakrynews.org\/?p=35638"},"modified":"2025-08-31T13:36:06","modified_gmt":"2025-08-31T13:36:06","slug":"guinee-sensibilisation-autour-du-projet-de-nouvelle-constitution-le-premier-ministre-amadou-oury-bah-a-pita","status":"publish","type":"post","link":"https:\/\/conakrynews.org\/index.php\/guinee-sensibilisation-autour-du-projet-de-nouvelle-constitution-le-premier-ministre-amadou-oury-bah-a-pita\/","title":{"rendered":"Guin\u00e9e\/Sensibilisation autour du projet de nouvelle constitution : le Premier ministre Amadou Oury Bah \u00e0 Pita"},"content":{"rendered":"<h1 class=\"name post-title entry-title\"><\/h1>\n<div class=\"clear\"><\/div>\n<div class=\"entry\">\n<div class=\"elementor-element elementor-element-11dc722 elementor-widget elementor-widget-theme-post-title elementor-page-title elementor-widget-heading\" data-id=\"11dc722\" data-element_type=\"widget\" data-widget_type=\"theme-post-title.default\">\n<div class=\"elementor-widget-container\">\n<p class=\"elementor-heading-title elementor-size-default\">En s\u00e9jour dans sa ville natale, le Premier ministre, Chef du Gouvernement, Amadou Oury Bah, a pr\u00e9sid\u00e9 une importante rencontre de sensibilisation consacr\u00e9e au projet de r\u00e9forme constitutionnelle. Cette action a r\u00e9uni plusieurs sensibilit\u00e9s de la pr\u00e9fecture dont les jeunes en pr\u00e9sence des autorit\u00e9s administratives, religieuses et coutumi\u00e8res.<\/p>\n<\/div>\n<\/div>\n<div class=\"elementor-element elementor-element-77521c64 elementor-widget elementor-widget-theme-post-content\" data-id=\"77521c64\" data-element_type=\"widget\" data-widget_type=\"theme-post-content.default\">\n<div class=\"elementor-widget-container\">\n<p>Accompagn\u00e9 du ministre de l\u2019Enseignement pr\u00e9universitaire et de l\u2019Alphab\u00e9tisation, Jean Paul Cedy, le Premier ministre a salu\u00e9 l\u2019engagement exemplaire des populations de Pita dans la d\u00e9fense des id\u00e9aux r\u00e9publicains. Il a appel\u00e9 \u00e0 une mobilisation massive en faveur du projet de Constitution, fruit d\u2019un processus inclusif et porteur de r\u00e9formes majeures, notamment :<br \/>\n\u2022 la couverture sant\u00e9 universelle ;<br \/>\n\u2022 la gratuit\u00e9 de l\u2019enseignement jusqu\u2019\u00e0 l\u2019\u00e2ge de 17 ans ;<br \/>\n\u2022 la cr\u00e9ation d\u2019une seconde chambre parlementaire ;<br \/>\n\u2022 le renforcement de la protection de l\u2019environnement ;<br \/>\n\u2022 et une participation accrue des femmes aux instances de d\u00e9cision.<br \/>\nAu nom du Pr\u00e9sident de la R\u00e9publique, le G\u00e9n\u00e9ral Mamadi Doumbouya, le Premier ministre le Chef du Gouvernement a r\u00e9affirm\u00e9 sa confiance en la population de Pita, soulignant son r\u00f4le strat\u00e9gique dans la consolidation de la d\u00e9mocratie et la r\u00e9ussite de la refondation.<br \/>\nPrenant la parole \u00e0 son tour, le ministre Jean Paul Cedy a exprim\u00e9 sa reconnaissance envers les acteurs de l\u2019\u00e9ducation locale. Il a annonc\u00e9 plusieurs projets d\u2019infrastructures scolaires, dont la reconstruction du lyc\u00e9e Oustoya, en partenariat avec les autorit\u00e9s locales.<br \/>\nLe pr\u00e9sident de la d\u00e9l\u00e9gation sp\u00e9ciale de la commune urbaine, Youssouf Bah, a r\u00e9it\u00e9r\u00e9 l\u2019adh\u00e9sion des populations de Pita au processus de refondation engag\u00e9 par le CNRD.<\/p>\n<\/div>\n<p><strong>\u00a0<\/strong><br \/>\n<strong>Avec CCG<\/strong><\/p>\n<p>&nbsp;<\/p>\n<\/div>\n<\/div>\n","protected":false},"excerpt":{"rendered":"<p>En s\u00e9jour dans sa ville natale, le Premier ministre, Chef du Gouvernement, Amadou Oury Bah, a pr\u00e9sid\u00e9 une importante rencontre de sensibilisation consacr\u00e9e au projet de r\u00e9forme constitutionnelle. Cette action a r\u00e9uni plusieurs sensibilit\u00e9s de la pr\u00e9fecture dont les jeunes en pr\u00e9sence des autorit\u00e9s administratives, religieuses et coutumi\u00e8res. Accompagn\u00e9 du ministre de l\u2019Enseignement pr\u00e9universitaire et [&hellip;]<\/p>\n","protected":false},"author":2,"featured_media":35639,"comment_status":"closed","ping_status":"closed","sticky":false,"template":"","format":"standard","meta":{"footnotes":""},"categories":[57],"tags":[],"class_list":{"0":"post-35638","1":"post","2":"type-post","3":"status-publish","4":"format-standard","5":"has-post-thumbnail","7":"category-politique"},"_links":{"self":[{"href":"https:\/\/conakrynews.org\/index.php\/wp-json\/wp\/v2\/posts\/35638","targetHints":{"allow":["GET"]}}],"collection":[{"href":"https:\/\/conakrynews.org\/index.php\/wp-json\/wp\/v2\/posts"}],"about":[{"href":"https:\/\/conakrynews.org\/index.php\/wp-json\/wp\/v2\/types\/post"}],"author":[{"embeddable":true,"href":"https:\/\/conakrynews.org\/index.php\/wp-json\/wp\/v2\/users\/2"}],"replies":[{"embeddable":true,"href":"https:\/\/conakrynews.org\/index.php\/wp-json\/wp\/v2\/comments?post=35638"}],"version-history":[{"count":0,"href":"https:\/\/conakrynews.org\/index.php\/wp-json\/wp\/v2\/posts\/35638\/revisions"}],"wp:featuredmedia":[{"embeddable":true,"href":"https:\/\/conakrynews.org\/index.php\/wp-json\/wp\/v2\/media\/35639"}],"wp:attachment":[{"href":"https:\/\/conakrynews.org\/index.php\/wp-json\/wp\/v2\/media?parent=35638"}],"wp:term":[{"taxonomy":"category","embeddable":true,"href":"https:\/\/conakrynews.org\/index.php\/wp-json\/wp\/v2\/categories?post=35638"},{"taxonomy":"post_tag","embeddable":true,"href":"https:\/\/conakrynews.org\/index.php\/wp-json\/wp\/v2\/tags?post=35638"}],"curies":[{"name":"wp","href":"https:\/\/api.w.org\/{rel}","templated":true}]}}