{"id":35658,"date":"2025-08-31T22:35:50","date_gmt":"2025-08-31T22:35:50","guid":{"rendered":"https:\/\/conakrynews.org\/?p=35658"},"modified":"2025-08-31T22:36:48","modified_gmt":"2025-08-31T22:36:48","slug":"referendum-du-21-septembre-a-mamou-les-ministres-djami-diallo-et-bouna-sylla-appellent-a-voter-massivement-en-faveur-du-oui","status":"publish","type":"post","link":"https:\/\/conakrynews.org\/index.php\/referendum-du-21-septembre-a-mamou-les-ministres-djami-diallo-et-bouna-sylla-appellent-a-voter-massivement-en-faveur-du-oui\/","title":{"rendered":"R\u00e9f\u00e9rendum du 21 septembre : \u00c0 Mamou, les Ministres Djami Diallo et Bouna Sylla appellent \u00e0 voter massivement en faveur du OUI"},"content":{"rendered":"<h1 class=\"name post-title entry-title\"><\/h1>\n<div class=\"clear\"><\/div>\n<div class=\"entry\">\n<p>Ce dimanche 31 Ao\u00fbt 2025, dans la dynamique de la mobilisation citoyenne pour une large victoire du OUI en faveur de la nouvelle constitution, les Ministres de Djami DIALLO et Bouna Sylla ont rencontr\u00e9 l\u2019ensemble des acteurs sociaux et administratifs de la r\u00e9gion de MAMOU.<\/p>\n<p>Devant de nombreux citoyens et autorit\u00e9s de Mamou mobilis\u00e9s pour l\u2019occasion la Ministre de l\u2019Environnement a appel\u00e9 les populations de la ville carrefour \u00e0 voter largement en faveur du OUI.<\/p>\n<p>Cette constitution c\u2019est pour les femmes, les jeunes, les vielles personnes c\u2019est pour nous tous rajoute t-elle avant de conclure que cette derni\u00e8re favorise l\u2019\u00e9ducation et la sant\u00e9 pour tous, ainsi que la promotion des droits des femmes, piliers essentiels pour un d\u00e9veloppement harmonieux durable et inclusif.<\/p>\n<p>&nbsp;<\/p>\n<p><strong>Source: Service comm MEDD<\/strong><\/p>\n<\/div>\n","protected":false},"excerpt":{"rendered":"<p>Ce dimanche 31 Ao\u00fbt 2025, dans la dynamique de la mobilisation citoyenne pour une large victoire du OUI en faveur de la nouvelle constitution, les Ministres de Djami DIALLO et Bouna Sylla ont rencontr\u00e9 l\u2019ensemble des acteurs sociaux et administratifs de la r\u00e9gion de MAMOU. Devant de nombreux citoyens et autorit\u00e9s de Mamou mobilis\u00e9s pour [&hellip;]<\/p>\n","protected":false},"author":2,"featured_media":35660,"comment_status":"closed","ping_status":"closed","sticky":false,"template":"","format":"standard","meta":{"footnotes":""},"categories":[57],"tags":[],"class_list":{"0":"post-35658","1":"post","2":"type-post","3":"status-publish","4":"format-standard","5":"has-post-thumbnail","7":"category-politique"},"_links":{"self":[{"href":"https:\/\/conakrynews.org\/index.php\/wp-json\/wp\/v2\/posts\/35658","targetHints":{"allow":["GET"]}}],"collection":[{"href":"https:\/\/conakrynews.org\/index.php\/wp-json\/wp\/v2\/posts"}],"about":[{"href":"https:\/\/conakrynews.org\/index.php\/wp-json\/wp\/v2\/types\/post"}],"author":[{"embeddable":true,"href":"https:\/\/conakrynews.org\/index.php\/wp-json\/wp\/v2\/users\/2"}],"replies":[{"embeddable":true,"href":"https:\/\/conakrynews.org\/index.php\/wp-json\/wp\/v2\/comments?post=35658"}],"version-history":[{"count":0,"href":"https:\/\/conakrynews.org\/index.php\/wp-json\/wp\/v2\/posts\/35658\/revisions"}],"wp:featuredmedia":[{"embeddable":true,"href":"https:\/\/conakrynews.org\/index.php\/wp-json\/wp\/v2\/media\/35660"}],"wp:attachment":[{"href":"https:\/\/conakrynews.org\/index.php\/wp-json\/wp\/v2\/media?parent=35658"}],"wp:term":[{"taxonomy":"category","embeddable":true,"href":"https:\/\/conakrynews.org\/index.php\/wp-json\/wp\/v2\/categories?post=35658"},{"taxonomy":"post_tag","embeddable":true,"href":"https:\/\/conakrynews.org\/index.php\/wp-json\/wp\/v2\/tags?post=35658"}],"curies":[{"name":"wp","href":"https:\/\/api.w.org\/{rel}","templated":true}]}}