{"id":35695,"date":"2025-09-02T12:05:46","date_gmt":"2025-09-02T12:05:46","guid":{"rendered":"https:\/\/conakrynews.org\/?p=35695"},"modified":"2025-09-02T12:12:07","modified_gmt":"2025-09-02T12:12:07","slug":"guinee-la-rentree-scolaire-desormais-fixee-pour-le-6-octobre-communique","status":"publish","type":"post","link":"https:\/\/conakrynews.org\/index.php\/guinee-la-rentree-scolaire-desormais-fixee-pour-le-6-octobre-communique\/","title":{"rendered":"Derni\u00e8re minute: La rentr\u00e9e scolaire d\u00e9sormais fix\u00e9e pour le 6 Octobre (Communiqu\u00e9)"},"content":{"rendered":"<div class=\"entry-header\">\n<h1><\/h1>\n<h1 class=\"jeg_post_title\">Dans un communiqu\u00e9 dont notre quotidien en ligne d\u00e9tient copie , le minist\u00e8re de l\u2019Enseignement pr\u00e9-universitaire et de l\u2019Alphab\u00e9tisation a annonc\u00e9 le report de la rentr\u00e9e scolaire.Selon ce communiqu\u00e9, l&rsquo;ouverture des classes qui \u00e9tait initialement pr\u00e9vue pour le 15 septembre 2025, la rentr\u00e9e est d\u00e9sormais\u00a0 fix\u00e9e au 6 octobre 2025.<\/h1>\n<div class=\"jeg_meta_container\">\n<div class=\"jeg_post_meta jeg_post_meta_1\">\n<div class=\"meta_left\">\n<div class=\"jeg_meta_author\"><img loading=\"lazy\" decoding=\"async\" class=\"alignnone size-medium wp-image-35697\" src=\"https:\/\/conakrynews.org\/wp-content\/uploads\/2025\/09\/COM-733x1024-1-268x375.jpeg\" alt=\"\" width=\"268\" height=\"375\" srcset=\"https:\/\/conakrynews.org\/wp-content\/uploads\/2025\/09\/COM-733x1024-1-268x375.jpeg 268w, https:\/\/conakrynews.org\/wp-content\/uploads\/2025\/09\/COM-733x1024-1-150x210.jpeg 150w, https:\/\/conakrynews.org\/wp-content\/uploads\/2025\/09\/COM-733x1024-1-300x419.jpeg 300w, https:\/\/conakrynews.org\/wp-content\/uploads\/2025\/09\/COM-733x1024-1-696x972.jpeg 696w, https:\/\/conakrynews.org\/wp-content\/uploads\/2025\/09\/COM-733x1024-1-301x420.jpeg 301w, https:\/\/conakrynews.org\/wp-content\/uploads\/2025\/09\/COM-733x1024-1.jpeg 733w\" sizes=\"auto, (max-width: 268px) 100vw, 268px\" \/><\/div>\n<\/div>\n<\/div>\n<\/div>\n<\/div>\n<p>&nbsp;<\/p>\n<p>Conakrynews.org<\/p>\n","protected":false},"excerpt":{"rendered":"<p>Dans un communiqu\u00e9 dont notre quotidien en ligne d\u00e9tient copie , le minist\u00e8re de l\u2019Enseignement pr\u00e9-universitaire et de l\u2019Alphab\u00e9tisation a annonc\u00e9 le report de la rentr\u00e9e scolaire.Selon ce communiqu\u00e9, l&rsquo;ouverture des classes qui \u00e9tait initialement pr\u00e9vue pour le 15 septembre 2025, la rentr\u00e9e est d\u00e9sormais\u00a0 fix\u00e9e au 6 octobre 2025. &nbsp; Conakrynews.org<\/p>\n","protected":false},"author":2,"featured_media":35702,"comment_status":"closed","ping_status":"closed","sticky":false,"template":"","format":"standard","meta":{"footnotes":""},"categories":[58],"tags":[],"class_list":{"0":"post-35695","1":"post","2":"type-post","3":"status-publish","4":"format-standard","5":"has-post-thumbnail","7":"category-societe"},"_links":{"self":[{"href":"https:\/\/conakrynews.org\/index.php\/wp-json\/wp\/v2\/posts\/35695","targetHints":{"allow":["GET"]}}],"collection":[{"href":"https:\/\/conakrynews.org\/index.php\/wp-json\/wp\/v2\/posts"}],"about":[{"href":"https:\/\/conakrynews.org\/index.php\/wp-json\/wp\/v2\/types\/post"}],"author":[{"embeddable":true,"href":"https:\/\/conakrynews.org\/index.php\/wp-json\/wp\/v2\/users\/2"}],"replies":[{"embeddable":true,"href":"https:\/\/conakrynews.org\/index.php\/wp-json\/wp\/v2\/comments?post=35695"}],"version-history":[{"count":0,"href":"https:\/\/conakrynews.org\/index.php\/wp-json\/wp\/v2\/posts\/35695\/revisions"}],"wp:featuredmedia":[{"embeddable":true,"href":"https:\/\/conakrynews.org\/index.php\/wp-json\/wp\/v2\/media\/35702"}],"wp:attachment":[{"href":"https:\/\/conakrynews.org\/index.php\/wp-json\/wp\/v2\/media?parent=35695"}],"wp:term":[{"taxonomy":"category","embeddable":true,"href":"https:\/\/conakrynews.org\/index.php\/wp-json\/wp\/v2\/categories?post=35695"},{"taxonomy":"post_tag","embeddable":true,"href":"https:\/\/conakrynews.org\/index.php\/wp-json\/wp\/v2\/tags?post=35695"}],"curies":[{"name":"wp","href":"https:\/\/api.w.org\/{rel}","templated":true}]}}