{"id":35751,"date":"2025-09-04T13:33:26","date_gmt":"2025-09-04T13:33:26","guid":{"rendered":"https:\/\/conakrynews.org\/?p=35751"},"modified":"2025-09-04T13:33:26","modified_gmt":"2025-09-04T13:33:26","slug":"accident-de-funiculaire-a-lisbonne-deuil-national-au-portugal-le-bilan-porte-a-17-morts","status":"publish","type":"post","link":"https:\/\/conakrynews.org\/index.php\/accident-de-funiculaire-a-lisbonne-deuil-national-au-portugal-le-bilan-porte-a-17-morts\/","title":{"rendered":"Accident de funiculaire \u00e0 Lisbonne : deuil national au Portugal, le bilan port\u00e9 \u00e0 17 morts"},"content":{"rendered":"<h1 class=\"name post-title entry-title\"><\/h1>\n<p class=\"post-meta\">\n<div class=\"clear\"><\/div>\n<div class=\"entry\">\n<p>Le c\u00e9l\u00e8bre funiculaire de la Gloria a d\u00e9raill\u00e9 mercredi dans l\u2019un des quartiers les plus touristiques de Lisbonne, faisant au moins 17 morts et 21 bless\u00e9s graves.\u00a0Le Portugal observe jeudi une journ\u00e9e de deuil national au lendemain\u00a0du drame.<\/p>\n<p>Une journ\u00e9e de deuil national a \u00e9t\u00e9 d\u00e9cr\u00e9t\u00e9e au\u00a0<a class=\"gtm-add-suggested-tag\" href=\"https:\/\/www.france24.com\/fr\/tag\/portugal\/\" target=\"_self\" rel=\"noopener noreferrer\">Portugal<\/a>, jeudi 4 septembre,\u00a0<a href=\"https:\/\/www.france24.com\/fr\/info-en-continu\/20250903-plusieurs-morts-et-des-bless%C3%A9s-graves-dans-l-accident-d-un-funiculaire-%C3%A0-lisbonne\" target=\"_self\" rel=\"noopener noreferrer\">au lendemain du d\u00e9raillement d\u2019un funiculaire<\/a>\u00a0embl\u00e9matique de Lisbonne qui a fait au moins 17 morts dans un des quartiers ultra touristiques de Lisbonne.<\/p>\n<p>L\u2019accident survenu mercredi en fin de journ\u00e9e a \u00e9galement fait 21 bless\u00e9s, parmi lesquels se trouvent au moins 11 \u00e9trangers, dont deux Allemands, deux Espagnols, une Fran\u00e7aise, un Italien, un Suisse, un Canadien, un Cor\u00e9en, un Marocain et un Cap-verdien, a indiqu\u00e9\u00a0la responsable de la protection civile municipale de la capitale portugaise, Margarida Castro.<\/p>\n<p>La justice a annonc\u00e9 l\u2019ouverture d\u2019une enqu\u00eate apr\u00e8s que le wagon du c\u00e9l\u00e8bre funiculaire de la Gloria, reliant la place du Rossio aux quartiers du Bairro Alto et du Principe Real, se soit renvers\u00e9. Les causes ne sont pas encore connues.<\/p>\n<p>Toutes les victimes ont \u00e9t\u00e9 d\u00e9gag\u00e9es des gravats du d\u00e9raillement survenu peu apr\u00e8s 18 heures locales (17 heures GMT), a indiqu\u00e9 \u00e0 la presse en d\u00e9but de soir\u00e9e Tiago Augusto, responsable du service d\u2019urgences m\u00e9dicales, pr\u00e9cisant que des \u00e9trangers figuraient parmi les victimes, sans \u00eatre en mesure de pr\u00e9ciser leur nationalit\u00e9.<\/p>\n<p>L\u2019ascenseur, d\u2019une capacit\u00e9 d\u2019une quarantaine de passagers (dont la moiti\u00e9 debout), est un moyen de transport tr\u00e8s appr\u00e9ci\u00e9 des nombreux touristes qui visitent la capitale portugaise.<\/p>\n<p>C\u2019est \u00ab\u00a0une trag\u00e9die qui ne s\u2019\u00e9tait jamais produite dans notre ville\u00a0\u00bb, a r\u00e9agi le maire de Lisbonne, Carlos Moedas.<\/p>\n<h2>Inaugur\u00e9 en 1885<\/h2>\n<p>Un important rassemblement de pompiers, police et services d\u2019urgences m\u00e9dicales a \u00e9t\u00e9 d\u00e9ploy\u00e9 toute la soir\u00e9e au milieu de la rue tr\u00e8s pentue o\u00f9 se trouvait le wagon, tomb\u00e9 sur le flanc et tr\u00e8s endommag\u00e9, ont constat\u00e9 des journalistes de l\u2019AFP.<\/p>\n<p>\u00ab\u00a0Nous sommes un peu soulag\u00e9s\u00a0\u00bb, a t\u00e9moign\u00e9 \u00e0 l\u2019AFP Antonio Javier, un touriste espagnol de 44 ans qui avait finalement renonc\u00e9 \u00e0 prendre l\u2019ascenseur avec sa femme et ses deux enfants, car la file d\u2019attente \u00e9tait trop longue.<\/p>\n<p>D\u2019apr\u00e8s le site des Monuments nationaux, ce funiculaire a \u00e9t\u00e9 construit par l\u2019ing\u00e9nieur franco-portugais Raoul Mesnier du Ponsard, et inaugur\u00e9 en 1885. Il a \u00e9t\u00e9 \u00e9lectrifi\u00e9 \u00e0 partir de 1915.<\/p>\n<p>Un t\u00e9moin de l\u2019accident a d\u00e9clar\u00e9 \u00e0 la cha\u00eene SIC avoir vu le funiculaire descendre \u00ab\u00a0\u00e0 toute vitesse\u00a0\u00bb sur la pente abrupte o\u00f9 il circule quotidiennement, avant de heurter un immeuble: \u00ab\u00a0Il a percut\u00e9 un b\u00e2timent avec une force brutale et s\u2019est effondr\u00e9 comme une bo\u00eete en carton, il n\u2019avait aucun frein\u00a0\u00bb, a racont\u00e9 cette femme.<\/p>\n<p>Comme le d\u00e9termine la loi \u00ab\u00a0dans ce type de situations\u00a0\u00bb, \u00ab\u00a0le minist\u00e8re public va ouvrir une enqu\u00eate\u00a0\u00bb autour des circonstances de l\u2019accident, a indiqu\u00e9 le parquet g\u00e9n\u00e9ral \u00e0 l\u2019agence Lusa.<\/p>\n<p>Apr\u00e8s l\u2019accident, la mairie a d\u00e9cid\u00e9 de suspendre le fonctionnement des trois autres funiculaires de la capitale portugaise.<\/p>\n<h2>Respect de\u00a0\u00ab\u00a0tous les protocoles d\u2019entretien\u00a0\u00bb<\/h2>\n<p>La soci\u00e9t\u00e9 qui g\u00e8re les transports de la capitale portugaise, la Carris, a imm\u00e9diatement r\u00e9agi en assurant que \u00ab\u00a0tous les protocoles d\u2019entretien\u00a0\u00bb avaient \u00e9t\u00e9 effectu\u00e9s, \u00ab\u00a0notamment la maintenance g\u00e9n\u00e9rale, r\u00e9alis\u00e9e tous les quatre ans et effectu\u00e9e en 2022, la maintenance interm\u00e9diaire, r\u00e9alis\u00e9e tous les deux ans, la derni\u00e8re ayant \u00e9t\u00e9 r\u00e9alis\u00e9e en 2024\u00a0\u00bb.<\/p>\n<p>Sur les lieux du drame, le pr\u00e9sident du conseil d\u2019administration de Carris, Pedro Bogas, a reconnu que l\u2019entretien de ces v\u00e9hicules \u00e9tait assur\u00e9 par un prestataire externe depuis 14 ans sans fournir davantage d\u2019explications.<\/p>\n<p>\u00ab\u00a0Des programmes de maintenance mensuelle, hebdomadaire et d\u2019inspection quotidienne ont \u00e9t\u00e9 scrupuleusement respect\u00e9s\u00a0\u00bb, a aussi assur\u00e9 la soci\u00e9t\u00e9, pr\u00e9cisant avoir ouvert une enqu\u00eate conjointement avec les autorit\u00e9s pour d\u00e9terminer les causes du drame.<\/p>\n<p>Sur le site de la soci\u00e9t\u00e9, l\u2019annonce d\u2019une op\u00e9ration d\u2019entretien reste toujours visible, pr\u00e9vue du 4 au 7 mai 2025, p\u00e9riode durant laquelle le funiculaire a d\u00fb \u00eatre immobilis\u00e9.<\/p>\n<p>La pr\u00e9sidente de la Commission europ\u00e9enne Ursula von der Leyen a elle aussi pr\u00e9sent\u00e9 ses condol\u00e9ances aux familles des victimes, en portugais, sur le r\u00e9seau social X, assurant avoir appris \u00ab\u00a0avec tristesse\u00a0\u00bb l\u2019accident.<\/p>\n<p>&nbsp;<\/p>\n<p><strong><em>Avec AFP<\/em><\/strong><\/p>\n<\/div>\n","protected":false},"excerpt":{"rendered":"<p>Le c\u00e9l\u00e8bre funiculaire de la Gloria a d\u00e9raill\u00e9 mercredi dans l\u2019un des quartiers les plus touristiques de Lisbonne, faisant au moins 17 morts et 21 bless\u00e9s graves.\u00a0Le Portugal observe jeudi une journ\u00e9e de deuil national au lendemain\u00a0du drame. Une journ\u00e9e de deuil national a \u00e9t\u00e9 d\u00e9cr\u00e9t\u00e9e au\u00a0Portugal, jeudi 4 septembre,\u00a0au lendemain du d\u00e9raillement d\u2019un funiculaire\u00a0embl\u00e9matique [&hellip;]<\/p>\n","protected":false},"author":2,"featured_media":35752,"comment_status":"closed","ping_status":"closed","sticky":false,"template":"","format":"standard","meta":{"footnotes":""},"categories":[58],"tags":[],"class_list":{"0":"post-35751","1":"post","2":"type-post","3":"status-publish","4":"format-standard","5":"has-post-thumbnail","7":"category-societe"},"_links":{"self":[{"href":"https:\/\/conakrynews.org\/index.php\/wp-json\/wp\/v2\/posts\/35751","targetHints":{"allow":["GET"]}}],"collection":[{"href":"https:\/\/conakrynews.org\/index.php\/wp-json\/wp\/v2\/posts"}],"about":[{"href":"https:\/\/conakrynews.org\/index.php\/wp-json\/wp\/v2\/types\/post"}],"author":[{"embeddable":true,"href":"https:\/\/conakrynews.org\/index.php\/wp-json\/wp\/v2\/users\/2"}],"replies":[{"embeddable":true,"href":"https:\/\/conakrynews.org\/index.php\/wp-json\/wp\/v2\/comments?post=35751"}],"version-history":[{"count":0,"href":"https:\/\/conakrynews.org\/index.php\/wp-json\/wp\/v2\/posts\/35751\/revisions"}],"wp:featuredmedia":[{"embeddable":true,"href":"https:\/\/conakrynews.org\/index.php\/wp-json\/wp\/v2\/media\/35752"}],"wp:attachment":[{"href":"https:\/\/conakrynews.org\/index.php\/wp-json\/wp\/v2\/media?parent=35751"}],"wp:term":[{"taxonomy":"category","embeddable":true,"href":"https:\/\/conakrynews.org\/index.php\/wp-json\/wp\/v2\/categories?post=35751"},{"taxonomy":"post_tag","embeddable":true,"href":"https:\/\/conakrynews.org\/index.php\/wp-json\/wp\/v2\/tags?post=35751"}],"curies":[{"name":"wp","href":"https:\/\/api.w.org\/{rel}","templated":true}]}}