{"id":35766,"date":"2025-09-05T09:18:17","date_gmt":"2025-09-05T09:18:17","guid":{"rendered":"https:\/\/conakrynews.org\/?p=35766"},"modified":"2025-09-05T09:18:17","modified_gmt":"2025-09-05T09:18:17","slug":"rdc-une-nouvelle-epidemie-debola-fait-au-moins-seize-morts","status":"publish","type":"post","link":"https:\/\/conakrynews.org\/index.php\/rdc-une-nouvelle-epidemie-debola-fait-au-moins-seize-morts\/","title":{"rendered":"RDC: une nouvelle \u00e9pid\u00e9mie d\u2019Ebola fait au moins seize morts"},"content":{"rendered":"<h1 class=\"name post-title entry-title\"><\/h1>\n<p class=\"post-meta\">\n<div class=\"clear\"><\/div>\n<div class=\"entry\">\n<p>Une nouvelle \u00e9pid\u00e9mie d\u2019Ebola a \u00e9t\u00e9 d\u00e9clar\u00e9e par les autorit\u00e9s sanitaires en R\u00e9publique d\u00e9mocratique du Congo. Selon le minist\u00e8re de la Sant\u00e9, au moins seize morts sont \u00e0 d\u00e9plorer depuis la fin du mois d\u2019ao\u00fbt. Cette nouvelle \u00e9pid\u00e9mie touche la province du Kasa\u00ef, dans le centre du pays.<\/p>\n<p>En\u00a0<a href=\"https:\/\/www.rfi.fr\/fr\/tag\/rdc\/\" target=\"_self\" rel=\"noopener noreferrer\"><strong>R\u00e9publique d\u00e9mocratique du Congo<\/strong><\/a>\u00a0(RDC), le premier cas d\u2019<a href=\"https:\/\/www.rfi.fr\/fr\/tag\/ebola\/\" target=\"_self\" rel=\"noopener noreferrer\"><strong>Ebola<\/strong><\/a>\u00a0date du 20 ao\u00fbt. Il a \u00e9t\u00e9 signal\u00e9 sur une femme enceinte qui s\u2019est pr\u00e9sent\u00e9e \u00e0 l\u2019h\u00f4pital g\u00e9n\u00e9ral de Boulap\u00e9, dans le Kasa\u00ef, avec des sympt\u00f4mes alarmants : fi\u00e8vre intense, vomissements, faiblesse extr\u00eame et h\u00e9morragies.<\/p>\n<p>Mercredi 3 septembre, cinq \u00e9chantillons ont confirm\u00e9 la pr\u00e9sence du virus. Et depuis, vingt-huit autres cas suspects ont \u00e9t\u00e9 enregistr\u00e9s dans cette province. Pour l\u2019instant, le taux de mortalit\u00e9 est estim\u00e9 \u00e0 un peu plus de 50%.\u00a0Quatre membres du personnel soignant de l\u2019h\u00f4pital g\u00e9n\u00e9ral de Boulap\u00e9 figurent notamment parmi les personnes d\u00e9c\u00e9d\u00e9es.<\/p>\n<p>Selon les autorit\u00e9s sanitaires, cette nouvelle pouss\u00e9e du virus est due \u00e0 la souche Za\u00efre contre laquelle il existe un vaccin. Selon l\u2019Organisation mondiale de la Sant\u00e9 (<strong><a class=\"gtm-add-suggested-tag\" href=\"https:\/\/www.rfi.fr\/fr\/tag\/oms\/\" target=\"_self\" rel=\"noopener noreferrer\">OMS<\/a><\/strong>), la RDC dispose actuellement d\u2019un stock de 2 000 doses \u00ab\u00a0<em>pr\u00e9positionn\u00e9es \u00e0 Kinshasa<\/em>\u00a0\u00bb et qui doivent \u00eatre achemin\u00e9es au Kasa\u00ef.<\/p>\n<div class=\"tms-ad m-inread-ad\" data-tms-ad-type=\"inread\" data-tms-ad-provider=\"gam\" data-tms-ad-owner=\"fmm\" data-tms-ad-pos=\"1\" data-tms-ad-status=\"resized\" data-tms-ad-inread-provider=\"teads\">\n<div id=\"tms-block-6325991736328891\" class=\"m-inread-ad__content\">\n<div class=\"teads\"><\/div>\n<\/div>\n<div class=\"m-inread-ad__report m-inread-ad__report--report-enabled\"><\/div>\n<\/div>\n<h2>\u00ab<em>\u00a0Le nombre de cas devrait augmenter\u00a0<\/em>\u00bb<\/h2>\n<p>Dans un communiqu\u00e9, le Dr Mohamed Janabi, directeur r\u00e9gional de l\u2019OMS pour l\u2019Afrique, d\u00e9clare agir \u00ab\u00a0<em>avec d\u00e9termination pour arr\u00eater rapidement la propagation du virus et prot\u00e9ger les communaut\u00e9s<\/em>\u00a0\u00bb m\u00eame si, toujours selon les experts de l\u2019OMS, \u00ab\u00a0<em>le nombre de cas devrait augmenter<\/em>\u00a0\u00bb.<\/p>\n<p>Face \u00e0 la crainte d\u2019une diffusion rapide du virus, le ministre congolais de la Sant\u00e9,\u00a0Samuel Roger Kamba, se veut toutefois rassurant. \u00ab\u00a0<em>Nous disposons de l\u2019expertise n\u00e9cessaire\u00a0<\/em>[pour y faire face]\u00a0<em>et nous savons ce qu\u2019il faut faire<\/em>\u00a0<em>\u00bb,\u00a0<\/em>affirme ainsi celui-ci avant d\u2019expliquer le protocole de riposte mis en place par les autorit\u00e9s : \u00ab\u00a0<em>Il s\u2019agit\u00a0de trouver le contact de tous les malades ainsi que celui de toutes les personnes avec lesquelles elles ont \u00e9t\u00e9 en lien pour les prendre en charge, notamment en les vaccinant avec un traitement sp\u00e9cifique, le traitement Ebanga. Gr\u00e2ce \u00e0 ce m\u00e9dicament que nous allons leur administrer, nous esp\u00e9rons contenir tr\u00e8s rapidement l\u2019\u00e9pid\u00e9mie<\/em>\u00a0\u00bb.<\/p>\n<p>Les \u00e9quipes de riposte parmi lesquelles figure notamment l\u2019OMS assurent en outre que l\u2019\u00e9picentre de la contamination se trouve dans une zone enclav\u00e9e : pour s\u2019y rendre, il faut en effet compter au moins une journ\u00e9e de route depuis Tshikapa, le chef-lieu de la province du Kasa\u00ef. Les liaisons a\u00e9riennes avec la r\u00e9gion touch\u00e9e restent par ailleurs tr\u00e8s rares.<\/p>\n<h2>La seizi\u00e8me \u00e9pid\u00e9mie enregistr\u00e9e en RDC<\/h2>\n<p>Quant \u00e0 l\u2019origine de cette nouvelle \u00e9pid\u00e9mie,\u00a0Samuel Roger Kamba estime qu\u2019elle ne fait aucun myst\u00e8re. \u00ab\u00a0<em>Le virus auquel nous sommes confront\u00e9 aujourd\u2019hui est diff\u00e9rent du virus de 2007 et de 2009. Il s\u2019agit d\u2019une r\u00e9surgence, d\u2019une contamination de l\u2019animal \u00e0 l\u2019homme par un virus qui n\u2019est pas le m\u00eame<\/em>\u00a0\u00bb, pr\u00e9cise celui-ci. Il s\u2019agit de la seizi\u00e8me \u00e9pid\u00e9mie enregistr\u00e9e dans le pays.<\/p>\n<p>L\u2019\u00e9pid\u00e9mie d\u2019Ebola se transmet par les fluides corporels, avec pour principaux sympt\u00f4mes des fi\u00e8vres, vomissements, saignements et diarrh\u00e9es. Les personnes infect\u00e9es ne deviennent contagieuses qu\u2019apr\u00e8s l\u2019apparition des sympt\u00f4mes, apr\u00e8s une p\u00e9riode d\u2019incubation allant de 2 \u00e0 21 jours.<\/p>\n<p><strong>Avec RFI<\/strong><\/p>\n<p>&nbsp;<\/p>\n<\/div>\n","protected":false},"excerpt":{"rendered":"<p>Une nouvelle \u00e9pid\u00e9mie d\u2019Ebola a \u00e9t\u00e9 d\u00e9clar\u00e9e par les autorit\u00e9s sanitaires en R\u00e9publique d\u00e9mocratique du Congo. Selon le minist\u00e8re de la Sant\u00e9, au moins seize morts sont \u00e0 d\u00e9plorer depuis la fin du mois d\u2019ao\u00fbt. Cette nouvelle \u00e9pid\u00e9mie touche la province du Kasa\u00ef, dans le centre du pays. En\u00a0R\u00e9publique d\u00e9mocratique du Congo\u00a0(RDC), le premier cas [&hellip;]<\/p>\n","protected":false},"author":2,"featured_media":35767,"comment_status":"closed","ping_status":"closed","sticky":false,"template":"","format":"standard","meta":{"footnotes":""},"categories":[59],"tags":[],"class_list":{"0":"post-35766","1":"post","2":"type-post","3":"status-publish","4":"format-standard","5":"has-post-thumbnail","7":"category-sante"},"_links":{"self":[{"href":"https:\/\/conakrynews.org\/index.php\/wp-json\/wp\/v2\/posts\/35766","targetHints":{"allow":["GET"]}}],"collection":[{"href":"https:\/\/conakrynews.org\/index.php\/wp-json\/wp\/v2\/posts"}],"about":[{"href":"https:\/\/conakrynews.org\/index.php\/wp-json\/wp\/v2\/types\/post"}],"author":[{"embeddable":true,"href":"https:\/\/conakrynews.org\/index.php\/wp-json\/wp\/v2\/users\/2"}],"replies":[{"embeddable":true,"href":"https:\/\/conakrynews.org\/index.php\/wp-json\/wp\/v2\/comments?post=35766"}],"version-history":[{"count":0,"href":"https:\/\/conakrynews.org\/index.php\/wp-json\/wp\/v2\/posts\/35766\/revisions"}],"wp:featuredmedia":[{"embeddable":true,"href":"https:\/\/conakrynews.org\/index.php\/wp-json\/wp\/v2\/media\/35767"}],"wp:attachment":[{"href":"https:\/\/conakrynews.org\/index.php\/wp-json\/wp\/v2\/media?parent=35766"}],"wp:term":[{"taxonomy":"category","embeddable":true,"href":"https:\/\/conakrynews.org\/index.php\/wp-json\/wp\/v2\/categories?post=35766"},{"taxonomy":"post_tag","embeddable":true,"href":"https:\/\/conakrynews.org\/index.php\/wp-json\/wp\/v2\/tags?post=35766"}],"curies":[{"name":"wp","href":"https:\/\/api.w.org\/{rel}","templated":true}]}}