{"id":35770,"date":"2025-09-05T17:30:51","date_gmt":"2025-09-05T17:30:51","guid":{"rendered":"https:\/\/conakrynews.org\/?p=35770"},"modified":"2025-09-05T17:30:51","modified_gmt":"2025-09-05T17:30:51","slug":"journee-de-recueillement-national-a-maneah-le-gouvernement-rend-hommage-aux-victimes-de-leboulement-du-20-aout-dernier","status":"publish","type":"post","link":"https:\/\/conakrynews.org\/index.php\/journee-de-recueillement-national-a-maneah-le-gouvernement-rend-hommage-aux-victimes-de-leboulement-du-20-aout-dernier\/","title":{"rendered":"Journ\u00e9e de recueillement national \u00e0 Man\u00e9ah: le gouvernement rend hommage aux victimes de l\u2019\u00e9boulement du 20 ao\u00fbt dernier"},"content":{"rendered":"<h1 class=\"name post-title entry-title\"><\/h1>\n<div class=\"clear\">Une journ\u00e9e de recueillement national et de pri\u00e8res a \u00e9t\u00e9 organis\u00e9e par le gouvernement, ce vendredi \u00e0 l\u2019\u00c9cole militaire de Man\u00e9ah, en hommage aux victimes du tragique \u00e9boulement survenu dans la nuit du 20 ao\u00fbt \u00e0 Zakop\u00e9 dans la commune urbaine de Man\u00e9ah.<\/div>\n<div class=\"entry\">\n<div class=\"elementor-element elementor-element-77521c64 elementor-widget elementor-widget-theme-post-content\" data-id=\"77521c64\" data-element_type=\"widget\" data-widget_type=\"theme-post-content.default\">\n<div class=\"elementor-widget-container\">\n<p>En tout, 19 personnes ont perdu la vie dans cette catastrophe et 9 autres sont pour l\u2019instant introuvables.<br \/>\nLa journ\u00e9e nationale de recueillement a \u00e9t\u00e9 marqu\u00e9e par la forte pr\u00e9sence des autorit\u00e9s civiles, militaires, religieuses et des repr\u00e9sentants des familles endeuill\u00e9es.<br \/>\nAu nom du Pr\u00e9sident de la R\u00e9publique, Chef de l\u2019Etat, le G\u00e9n\u00e9ral Mamadi Doumbouya, le Premier ministre, Chef du Gouvernement, Amadou Oury BAH, a exprim\u00e9 la compassion de toute la nation \u00e0 l\u2019endroit des victimes. \u00ab Nous sommes r\u00e9unis aujourd\u2019hui dans la douleur, mais aussi dans la solidarit\u00e9 \u00bb, a-t-il d\u00e9clar\u00e9, rappelant que cette trag\u00e9die ne concerne pas que Man\u00e9ah, mais toute la Guin\u00e9e.<br \/>\nIl a r\u00e9affirm\u00e9 l\u2019engagement du gouvernement \u00e0 accompagner les familles touch\u00e9es.<br \/>\nLe Premier ministre a \u00e9galement appel\u00e9 \u00e0 une prise de conscience collective sur les dangers li\u00e9s \u00e0 l\u2019occupation des zones \u00e0 risque : \u00ab Ces pertes doivent nous \u00e9lever au niveau de prudence requis quant \u00e0 l\u2019occupation des zones d\u2019habitation. \u00bb<br \/>\nReconnaissant les effets des changements climatiques et les failles dans les infrastructures, il a insist\u00e9 sur la n\u00e9cessit\u00e9 de renforcer les capacit\u00e9s de pr\u00e9vention, d\u2019alerte et d\u2019intervention face aux catastrophes naturelles.<br \/>\n\u00ab Aujourd\u2019hui, nous prions ensemble, nous nous recueillons ensemble, et nous promettons ensemble de ne jamais oublier \u00bb, a-t-il conclu, en rendant un hommage appuy\u00e9 aux victimes de l\u2019\u00e9boulement.<\/p>\n<p><strong>Avec CCG<\/strong><\/p>\n<\/div>\n<\/div>\n<\/div>\n","protected":false},"excerpt":{"rendered":"<p>Une journ\u00e9e de recueillement national et de pri\u00e8res a \u00e9t\u00e9 organis\u00e9e par le gouvernement, ce vendredi \u00e0 l\u2019\u00c9cole militaire de Man\u00e9ah, en hommage aux victimes du tragique \u00e9boulement survenu dans la nuit du 20 ao\u00fbt \u00e0 Zakop\u00e9 dans la commune urbaine de Man\u00e9ah. En tout, 19 personnes ont perdu la vie dans cette catastrophe et [&hellip;]<\/p>\n","protected":false},"author":2,"featured_media":35771,"comment_status":"closed","ping_status":"closed","sticky":false,"template":"","format":"standard","meta":{"footnotes":""},"categories":[58],"tags":[],"class_list":{"0":"post-35770","1":"post","2":"type-post","3":"status-publish","4":"format-standard","5":"has-post-thumbnail","7":"category-societe"},"_links":{"self":[{"href":"https:\/\/conakrynews.org\/index.php\/wp-json\/wp\/v2\/posts\/35770","targetHints":{"allow":["GET"]}}],"collection":[{"href":"https:\/\/conakrynews.org\/index.php\/wp-json\/wp\/v2\/posts"}],"about":[{"href":"https:\/\/conakrynews.org\/index.php\/wp-json\/wp\/v2\/types\/post"}],"author":[{"embeddable":true,"href":"https:\/\/conakrynews.org\/index.php\/wp-json\/wp\/v2\/users\/2"}],"replies":[{"embeddable":true,"href":"https:\/\/conakrynews.org\/index.php\/wp-json\/wp\/v2\/comments?post=35770"}],"version-history":[{"count":0,"href":"https:\/\/conakrynews.org\/index.php\/wp-json\/wp\/v2\/posts\/35770\/revisions"}],"wp:featuredmedia":[{"embeddable":true,"href":"https:\/\/conakrynews.org\/index.php\/wp-json\/wp\/v2\/media\/35771"}],"wp:attachment":[{"href":"https:\/\/conakrynews.org\/index.php\/wp-json\/wp\/v2\/media?parent=35770"}],"wp:term":[{"taxonomy":"category","embeddable":true,"href":"https:\/\/conakrynews.org\/index.php\/wp-json\/wp\/v2\/categories?post=35770"},{"taxonomy":"post_tag","embeddable":true,"href":"https:\/\/conakrynews.org\/index.php\/wp-json\/wp\/v2\/tags?post=35770"}],"curies":[{"name":"wp","href":"https:\/\/api.w.org\/{rel}","templated":true}]}}