{"id":35777,"date":"2025-09-06T14:36:42","date_gmt":"2025-09-06T14:36:42","guid":{"rendered":"https:\/\/conakrynews.org\/?p=35777"},"modified":"2025-09-06T14:36:42","modified_gmt":"2025-09-06T14:36:42","slug":"celebration-du-maouloud-le-ministre-secretaire-general-des-affaires-religieuses-en-tournee-a-conakry","status":"publish","type":"post","link":"https:\/\/conakrynews.org\/index.php\/celebration-du-maouloud-le-ministre-secretaire-general-des-affaires-religieuses-en-tournee-a-conakry\/","title":{"rendered":"C\u00e9l\u00e9bration du Maouloud : Le ministre secr\u00e9taire g\u00e9n\u00e9ral des Affaires religieuses en tourn\u00e9e \u00e0 Conakry"},"content":{"rendered":"<div class=\"td-pb-row\">\n<div class=\"td-pb-span12\">\n<div class=\"td-post-header\">\n<header class=\"td-post-title\">\n<h1 class=\"entry-title\"><\/h1>\n<div class=\"td-module-meta-info\">\n<div class=\"td-post-author-name\">\n<div class=\"td-author-by\"><\/div>\n<\/div>\n<\/div>\n<\/header>\n<\/div>\n<\/div>\n<\/div>\n<div class=\"td-pb-row\">\n<div class=\"td-pb-span8 td-main-content\" role=\"main\">\n<div class=\"td-ss-main-content\">\n<div class=\"td-post-sharing td-post-sharing-top \">\n<div class=\"td-default-sharing\"><\/div>\n<\/div>\n<div class=\"td-post-content\">\n<div class=\"td-post-featured-image\"><\/div>\n<p>Dans le cadre de la comm\u00e9moration de la naissance du Proph\u00e8te Mohamed (Paix et Salut sur lui), le ministre secr\u00e9taire G\u00e9n\u00e9ral Des Affaires Religieuses Elhadj Karamo Diawara a effectu\u00e9, dans la nuit du Jeudi 04 \u00e0 Vendredi 05 Septembre 2025, une tourn\u00e9e de visites dans plusieurs lieux de pri\u00e8re et de rassemblements religieux de la capitale.<\/p>\n<p><a href=\"https:\/\/i0.wp.com\/liberationinfo.com\/wp-content\/uploads\/2025\/09\/IMG-20250906-WA0011.jpg\"><img loading=\"lazy\" decoding=\"async\" class=\"alignnone size-medium wp-image-28249 td-animation-stack-type0-2\" src=\"https:\/\/i0.wp.com\/liberationinfo.com\/wp-content\/uploads\/2025\/09\/IMG-20250906-WA0011.jpg?resize=300%2C135\" alt=\"\" width=\"300\" height=\"135\" data-recalc-dims=\"1\" \/><\/a><br \/>\nAccompagn\u00e9 de Madame la Gouverneure de la ville de Conakry G\u00e9n\u00e9rale Hadja M\u2019mahawa Sylla et du repr\u00e9sentant des autorit\u00e9s r\u00e9gionales Elhadj Alhousseny Camara et communales, le ministre a tenu \u00e0 s\u2019impr\u00e9gner de l\u2019organisation et du bon d\u00e9roulement des festivit\u00e9s du Maouloud. Cette d\u00e9marche traduit, selon lui,\u00a0<em><strong>\u00ab la volont\u00e9 du gouvernement d\u2019accompagner les fid\u00e8les musulmans dans la pratique de leur foi et de pr\u00e9server l\u2019esprit de paix, d\u2019unit\u00e9 et de fraternit\u00e9 qui caract\u00e9rise cette nuit b\u00e9nie \u00bb.<\/strong><\/em><\/p>\n<p><a href=\"https:\/\/i0.wp.com\/liberationinfo.com\/wp-content\/uploads\/2025\/09\/IMG-20250906-WA0004.jpg\"><img loading=\"lazy\" decoding=\"async\" class=\"alignnone size-medium wp-image-28250 td-animation-stack-type0-2\" src=\"https:\/\/i0.wp.com\/liberationinfo.com\/wp-content\/uploads\/2025\/09\/IMG-20250906-WA0004.jpg?resize=222%2C300\" alt=\"\" width=\"222\" height=\"300\" data-recalc-dims=\"1\" \/><\/a><br \/>\nAu cours de cette tourn\u00e9e, la d\u00e9l\u00e9gation a \u00e9t\u00e9 chaleureusement accueillie par les autorit\u00e9s religieuses, les leaders communautaires et de nombreux fid\u00e8les. Dans les mosqu\u00e9es, les messages ont port\u00e9 sur la n\u00e9cessit\u00e9 de renforcer la coh\u00e9sion sociale, de promouvoir la tol\u00e9rance et de pr\u00e9server les valeurs de l\u2019islam dans un contexte marqu\u00e9 par des d\u00e9fis sociaux et \u00e9conomiques.<\/p>\n<p>Madame la Gouverneure de la ville de Conakry a, pour sa part, salu\u00e9 l\u2019engagement des citoyens \u00e0 c\u00e9l\u00e9brer le Maouloud dans le respect des r\u00e8gles de s\u00e9curit\u00e9 et de discipline. Elle a r\u00e9affirm\u00e9 la disponibilit\u00e9 de l\u2019administration locale \u00e0 travailler aux c\u00f4t\u00e9s des communaut\u00e9s religieuses pour favoriser la qui\u00e9tude sociale.<\/p>\n<p><a href=\"https:\/\/i0.wp.com\/liberationinfo.com\/wp-content\/uploads\/2025\/09\/IMG-20250906-WA0009.jpg\"><img loading=\"lazy\" decoding=\"async\" class=\"alignnone size-medium wp-image-28251 td-animation-stack-type0-2\" src=\"https:\/\/i0.wp.com\/liberationinfo.com\/wp-content\/uploads\/2025\/09\/IMG-20250906-WA0009.jpg?resize=300%2C135\" alt=\"\" width=\"300\" height=\"135\" data-recalc-dims=\"1\" \/><\/a><br \/>\nCette tourn\u00e9e nocturne s\u2019est achev\u00e9e par des pri\u00e8res et b\u00e9n\u00e9dictions formul\u00e9es pour la paix en Guin\u00e9e et pour le pr\u00e9sident de la r\u00e9publique le G\u00e9n\u00e9ral. Mamadi Doumbouya , la prosp\u00e9rit\u00e9 du pays et le raffermissement des liens entre les diff\u00e9rentes composantes de la nation.<\/p>\n<p>La comm\u00e9moration du Maouloud, c\u00e9l\u00e9br\u00e9e chaque ann\u00e9e par des millions de musulmans, constitue un moment privil\u00e9gi\u00e9 de recueillement spirituel, mais aussi de dialogue et de rapprochement entre les croyants.<\/p>\n<p><strong>Ibrahima Sory Camara<\/strong><\/p>\n<\/div>\n<\/div>\n<\/div>\n<\/div>\n","protected":false},"excerpt":{"rendered":"<p>Dans le cadre de la comm\u00e9moration de la naissance du Proph\u00e8te Mohamed (Paix et Salut sur lui), le ministre secr\u00e9taire G\u00e9n\u00e9ral Des Affaires Religieuses Elhadj Karamo Diawara a effectu\u00e9, dans la nuit du Jeudi 04 \u00e0 Vendredi 05 Septembre 2025, une tourn\u00e9e de visites dans plusieurs lieux de pri\u00e8re et de rassemblements religieux de la [&hellip;]<\/p>\n","protected":false},"author":2,"featured_media":35778,"comment_status":"closed","ping_status":"closed","sticky":false,"template":"","format":"standard","meta":{"footnotes":""},"categories":[58],"tags":[],"class_list":{"0":"post-35777","1":"post","2":"type-post","3":"status-publish","4":"format-standard","5":"has-post-thumbnail","7":"category-societe"},"_links":{"self":[{"href":"https:\/\/conakrynews.org\/index.php\/wp-json\/wp\/v2\/posts\/35777","targetHints":{"allow":["GET"]}}],"collection":[{"href":"https:\/\/conakrynews.org\/index.php\/wp-json\/wp\/v2\/posts"}],"about":[{"href":"https:\/\/conakrynews.org\/index.php\/wp-json\/wp\/v2\/types\/post"}],"author":[{"embeddable":true,"href":"https:\/\/conakrynews.org\/index.php\/wp-json\/wp\/v2\/users\/2"}],"replies":[{"embeddable":true,"href":"https:\/\/conakrynews.org\/index.php\/wp-json\/wp\/v2\/comments?post=35777"}],"version-history":[{"count":0,"href":"https:\/\/conakrynews.org\/index.php\/wp-json\/wp\/v2\/posts\/35777\/revisions"}],"wp:featuredmedia":[{"embeddable":true,"href":"https:\/\/conakrynews.org\/index.php\/wp-json\/wp\/v2\/media\/35778"}],"wp:attachment":[{"href":"https:\/\/conakrynews.org\/index.php\/wp-json\/wp\/v2\/media?parent=35777"}],"wp:term":[{"taxonomy":"category","embeddable":true,"href":"https:\/\/conakrynews.org\/index.php\/wp-json\/wp\/v2\/categories?post=35777"},{"taxonomy":"post_tag","embeddable":true,"href":"https:\/\/conakrynews.org\/index.php\/wp-json\/wp\/v2\/tags?post=35777"}],"curies":[{"name":"wp","href":"https:\/\/api.w.org\/{rel}","templated":true}]}}