{"id":35846,"date":"2025-09-08T17:24:14","date_gmt":"2025-09-08T17:24:14","guid":{"rendered":"https:\/\/conakrynews.org\/?p=35846"},"modified":"2025-09-08T17:24:14","modified_gmt":"2025-09-08T17:24:14","slug":"un-attentat-a-jerusalem-est-fait-au-moins-six-morts","status":"publish","type":"post","link":"https:\/\/conakrynews.org\/index.php\/un-attentat-a-jerusalem-est-fait-au-moins-six-morts\/","title":{"rendered":"Un attentat \u00e0 J\u00e9rusalem-Est fait au moins six morts"},"content":{"rendered":"<h1 class=\"name post-title entry-title\"><\/h1>\n<p class=\"post-meta\">\n<div class=\"clear\"><\/div>\n<div class=\"entry\">\n<p>Au moins six personnes ont \u00e9t\u00e9 tu\u00e9es lundi et plusieurs bless\u00e9es par balles au cours d\u2019une fusillade \u00e0 J\u00e9rusalem-Est qualifi\u00e9e d&rsquo;\u00a0\u00bbattaque terroriste\u00a0\u00bb par la police.<\/p>\n<p>Au moins six personnes ont \u00e9t\u00e9 tu\u00e9es et plusieurs bless\u00e9es lundi 8 septembre lors d\u2019une fusillade \u00e0 J\u00e9rusalem-Est, pr\u00e9sent\u00e9e par la police isra\u00e9lienne comme une l\u2019une des \u00ab\u00a0attaques terroristes\u00a0\u00bb les plus meurtri\u00e8res dans la ville ces derni\u00e8res ann\u00e9es.<\/p>\n<p>Deux hommes arm\u00e9s palestiniens ont ouvert le feu \u00e0 un arr\u00eat de bus, \u00e0 l\u2019entr\u00e9e du quartier de Ramot, dans un secteur de la ville sainte occup\u00e9 et annex\u00e9 par\u00a0<a class=\"gtm-add-suggested-tag\" href=\"https:\/\/www.france24.com\/fr\/tag\/isra%C3%ABl\/\" target=\"_self\" rel=\"noopener noreferrer\">Isra\u00ebl<\/a>.<\/p>\n<p>Des images prises par une cam\u00e9ra embarqu\u00e9e sur les lieux du drame montrent des personnes fuyant depuis un bus \u00e0 l\u2019arr\u00eat sur le bord de la route tandis que des coups de feu retentissent. Une autre vid\u00e9o montre le pare-brise et les vitres d\u2019un bus cribl\u00e9s de balles.<\/p>\n<p>\u00ab\u00a0Soudain, j\u2019ai entendu les coups de feu. [\u2026] J\u2019ai eu l\u2019impression de courir pendant une \u00e9ternit\u00e9\u00a0\u00bb, raconte Ester Lugasi, bless\u00e9e lors de l\u2019attaque, \u00e0 la t\u00e9l\u00e9vision isra\u00e9lienne depuis un h\u00f4pital. \u00ab\u00a0J\u2019ai cru que j\u2019allais mourir\u00a0\u00bb, ajoute-elle.<\/p>\n<h2>Assaillants tu\u00e9s par la police<\/h2>\n<p>Pr\u00e9sents sur les lieux de l\u2019attaque, \u00ab\u00a0un agent de s\u00e9curit\u00e9 et un civil ont imm\u00e9diatement r\u00e9agi, ont ripost\u00e9 et neutralis\u00e9 les assaillants\u00a0\u00bb, indique un communiqu\u00e9 de la police, pr\u00e9cisant que \u00ab\u00a0leurs d\u00e9c\u00e8s ont \u00e9t\u00e9 confirm\u00e9s\u00a0\u00bb.<\/p>\n<p>S\u2019exprimant sur les lieux de l\u2019attaque, le Premier ministre isra\u00e9lien,\u00a0<a class=\"gtm-add-suggested-tag\" href=\"https:\/\/www.france24.com\/fr\/tag\/benjamin-netanyahu\/\" target=\"_self\" rel=\"noopener noreferrer\">Benjamin Netanyahu<\/a>, a d\u00e9clar\u00e9 que les forces isra\u00e9liennes \u00e9taient \u00e0 la poursuite des suspects qui avaient aid\u00e9s les assaillants.<\/p>\n<p>L\u2019arm\u00e9e a dit avoir d\u00e9ploy\u00e9 des soldats dans le secteur et travailler avec la police. Des soldats \u00e9taient \u00e9galement pr\u00e9sents dans certains quartiers de Ramallah, en Cisjordanie occup\u00e9e par Isra\u00ebl, pour mener des interrogatoires et, dit-on, \u00ab\u00a0contrecarrer le terrorisme\u00a0\u00bb.<\/p>\n<p class=\"a-read-more\"><a class=\"a-read-more__link\" href=\"https:\/\/www.france24.com\/fr\/info-en-continu\/20250907-l-arm%C3%A9e-isra%C3%A9lienne-d%C3%A9truit-une-nouvelle-tour-d-habitation-%C3%A0-gaza-ville-o%C3%B9-elle-%C3%A9tend-ses-op%C3%A9rations\" target=\"_self\" rel=\"noopener noreferrer\" data-tms-tr=\"\">Isra\u00ebl intensifie ses op\u00e9rations \u00e0 Gaza avec la destruction d\u2019une nouvelle tour d\u2019habitation<\/a><\/p>\n<p>Le\u00a0<a class=\"gtm-add-suggested-tag\" href=\"https:\/\/www.france24.com\/fr\/tag\/hamas\/\" target=\"_self\" rel=\"noopener noreferrer\">Hamas<\/a>, en guerre contre Isra\u00ebl dans la bande de Gaza, a salu\u00e9 l\u2019attaque en affirmant que les auteurs \u00e9taient des Palestiniens.<\/p>\n<p>\u00ab\u00a0Nous affirmons que cette op\u00e9ration est une r\u00e9ponse naturelle aux crimes de l\u2019occupation et au g\u00e9nocide qu\u2019elle m\u00e8ne contre notre peuple\u00a0\u00bb, indique le mouvement islamiste palestinien dans un communiqu\u00e9.<\/p>\n<p>Le Jihad islamique, un groupe palestinien soutenu par l\u2019<a class=\"gtm-add-suggested-tag\" href=\"https:\/\/www.france24.com\/fr\/tag\/iran\/\" target=\"_self\" rel=\"noopener noreferrer\">Iran<\/a>, s\u2019est \u00e9galement f\u00e9licit\u00e9 de cette fusillade, mais n\u2019en a pas revendiqu\u00e9 la responsabilit\u00e9.<\/p>\n<p>De son c\u00f4t\u00e9, la France a condamn\u00e9 \u00ab\u00a0avec la plus grande fermet\u00e9 l\u2019attentat qui vient de survenir \u00e0 J\u00e9rusalem-Est\u00a0\u00bb, a d\u00e9clar\u00e9 lundi\u00a0<a class=\"gtm-add-suggested-tag\" href=\"https:\/\/www.france24.com\/fr\/tag\/emmanuel-macron\/\" target=\"_self\" rel=\"noopener noreferrer\">Emmanuel Macron<\/a>, pr\u00e9sentant ses \u00ab\u00a0plus sinc\u00e8res condol\u00e9ances aux familles des victimes et \u00e0 tout le peuple isra\u00e9lien\u00a0\u00bb.<\/p>\n<p>\u00ab\u00a0La spirale de la violence doit prendre fin. Seule une solution politique permettra le retour de la paix et de la stabilit\u00e9 pour tous dans la r\u00e9gion\u00a0\u00bb, a ajout\u00e9 sur le r\u00e9seau X le pr\u00e9sident fran\u00e7ais, dont les relations sont plus que tendues avec les autorit\u00e9s isra\u00e9liennes en raison de sa d\u00e9cision de reconna\u00eetre l\u2019\u00c9tat palestinien.<\/p>\n<div class=\"m-em-image\">\n<figure class=\"m-item-image m-item-image--original m-item-image--has-caption\"><img decoding=\"async\" class=\"a-img loaded tie-appear\" src=\"https:\/\/s.france24.com\/media\/display\/798c2198-8cad-11f0-b50f-005056bfb2b6\/w:980\/Capture-Macron.png\" alt=\"Le pr\u00e9sident Emmanuel Macron a a condamn\u00e9 &quot;avec la plus grande fermet\u00e9&quot; l'attentat meurtrier qui s'est d\u00e9roul\u00e9, le 8 septembre 2025, \u00e0 J\u00e9rusalem-Est.\" data-ll-status=\"loaded\" \/><figcaption class=\"a-figcaption\">Le pr\u00e9sident Emmanuel Macron a a condamn\u00e9 \u00ab\u00a0avec la plus grande fermet\u00e9\u00a0\u00bb l\u2019attentat meurtrier qui s\u2019est d\u00e9roul\u00e9, le 8 septembre 2025, \u00e0 J\u00e9rusalem-Est.\u00a0\u00a9 capture France 24<\/figcaption><div class=\"m-item-image__overlay-wrapper\"><\/div>\n<\/figure>\n<\/div>\n<p>En octobre 2024, deux Palestiniens, l\u2019un muni d\u2019une arme \u00e0 feu, l\u2019autre d\u2019un couteau, ont tu\u00e9 sept personnes \u00e0 Tel Aviv. En novembre 2023, deux hommes arm\u00e9s palestiniens ont tu\u00e9 trois personnes \u00e0 un arr\u00eat de bus de J\u00e9rusalem. Les services de s\u00e9curit\u00e9 isra\u00e9liens ont d\u00e9clar\u00e9 que les auteurs de la fusillade de 2023 \u00e0 J\u00e9rusalem \u00e9taient li\u00e9s au Hamas.<\/p>\n<p><em>Avec AFP et Reuters<\/em><\/p>\n<\/div>\n","protected":false},"excerpt":{"rendered":"<p>Au moins six personnes ont \u00e9t\u00e9 tu\u00e9es lundi et plusieurs bless\u00e9es par balles au cours d\u2019une fusillade \u00e0 J\u00e9rusalem-Est qualifi\u00e9e d&rsquo;\u00a0\u00bbattaque terroriste\u00a0\u00bb par la police. Au moins six personnes ont \u00e9t\u00e9 tu\u00e9es et plusieurs bless\u00e9es lundi 8 septembre lors d\u2019une fusillade \u00e0 J\u00e9rusalem-Est, pr\u00e9sent\u00e9e par la police isra\u00e9lienne comme une l\u2019une des \u00ab\u00a0attaques terroristes\u00a0\u00bb les [&hellip;]<\/p>\n","protected":false},"author":2,"featured_media":35847,"comment_status":"closed","ping_status":"closed","sticky":false,"template":"","format":"standard","meta":{"footnotes":""},"categories":[58],"tags":[],"class_list":{"0":"post-35846","1":"post","2":"type-post","3":"status-publish","4":"format-standard","5":"has-post-thumbnail","7":"category-societe"},"_links":{"self":[{"href":"https:\/\/conakrynews.org\/index.php\/wp-json\/wp\/v2\/posts\/35846","targetHints":{"allow":["GET"]}}],"collection":[{"href":"https:\/\/conakrynews.org\/index.php\/wp-json\/wp\/v2\/posts"}],"about":[{"href":"https:\/\/conakrynews.org\/index.php\/wp-json\/wp\/v2\/types\/post"}],"author":[{"embeddable":true,"href":"https:\/\/conakrynews.org\/index.php\/wp-json\/wp\/v2\/users\/2"}],"replies":[{"embeddable":true,"href":"https:\/\/conakrynews.org\/index.php\/wp-json\/wp\/v2\/comments?post=35846"}],"version-history":[{"count":0,"href":"https:\/\/conakrynews.org\/index.php\/wp-json\/wp\/v2\/posts\/35846\/revisions"}],"wp:featuredmedia":[{"embeddable":true,"href":"https:\/\/conakrynews.org\/index.php\/wp-json\/wp\/v2\/media\/35847"}],"wp:attachment":[{"href":"https:\/\/conakrynews.org\/index.php\/wp-json\/wp\/v2\/media?parent=35846"}],"wp:term":[{"taxonomy":"category","embeddable":true,"href":"https:\/\/conakrynews.org\/index.php\/wp-json\/wp\/v2\/categories?post=35846"},{"taxonomy":"post_tag","embeddable":true,"href":"https:\/\/conakrynews.org\/index.php\/wp-json\/wp\/v2\/tags?post=35846"}],"curies":[{"name":"wp","href":"https:\/\/api.w.org\/{rel}","templated":true}]}}