{"id":35856,"date":"2025-09-09T12:38:06","date_gmt":"2025-09-09T12:38:06","guid":{"rendered":"https:\/\/conakrynews.org\/?p=35856"},"modified":"2025-09-09T12:38:06","modified_gmt":"2025-09-09T12:38:06","slug":"rdc-felix-tshisekedi-reunit-les-institutions-autour-de-la-crise-securitaire-et-de-la-rentree-politique","status":"publish","type":"post","link":"https:\/\/conakrynews.org\/index.php\/rdc-felix-tshisekedi-reunit-les-institutions-autour-de-la-crise-securitaire-et-de-la-rentree-politique\/","title":{"rendered":"RDC: F\u00e9lix Tshisekedi r\u00e9unit les institutions autour de la crise s\u00e9curitaire et de la rentr\u00e9e politique"},"content":{"rendered":"<h1 class=\"name post-title entry-title\"><\/h1>\n<p class=\"post-meta\">\n<div class=\"clear\"><\/div>\n<div class=\"entry\">\n<p>En RDC, le pr\u00e9sident F\u00e9lix Tshisekedi a convoqu\u00e9 lundi 8 septembre une r\u00e9union interinstitutionnelle avec le pr\u00e9sident de l\u2019Assembl\u00e9e nationale, Vital Kamerhe, le pr\u00e9sident du S\u00e9nat, Jean-Michel Sama Lukonde, la Premi\u00e8re ministre Judith Suminwa, ainsi que le pr\u00e9sident de la Cour constitutionnelle et du Conseil sup\u00e9rieur de la magistrature. Il a \u00e9t\u00e9 question de la crise s\u00e9curitaire \u00e0 l\u2019est du pays, mais aussi de la prochaine rentr\u00e9e parlementaire.<\/p>\n<p>En\u00a0<strong><a href=\"https:\/\/www.rfi.fr\/fr\/tag\/rdc\/\" target=\"_self\" rel=\"noopener noreferrer\">RDC<\/a><\/strong>, la prochaine rentr\u00e9e parlementaire doit avoir lieu le 15 septembre. Elle intervient dans un moment de tension au sein de la coalition au pouvoir. Son ouverture s\u2019annonce d\u00e9j\u00e0 tendue puisqu\u2019une p\u00e9tition rassemble des signatures pour demander le d\u00e9part du pr\u00e9sident de l\u2019Assembl\u00e9e nationale. Elle circule dans les rangs de l\u2019Union sacr\u00e9e, la coalition au pouvoir, depuis presque de deux mois, croit savoir un observateur. Elle pourrait donner lieu \u00e0 une motion.<\/p>\n<p>Reste \u00e0 savoir si cette derni\u00e8re portera sur ensemble du bureau de la chambre basse ou sur certains de ses membres, avec en ligne de mire le pr\u00e9sident Vital Kamerhe. Depuis plusieurs mois, la m\u00e9fiance est grandissante entre le chef de l\u2019UNC et le pouvoir. \u00ab<em>\u00a0On ne le trouve plus align\u00e9 sur le pr\u00e9sident<\/em>\u00a0\u00bb, explique un analyste. Un ancien proche de Vital Kamerhe y voit, lui, une guerre de positionnement pour 2028.<\/p>\n<p>La tension est telle que des d\u00e9put\u00e9s proches du pr\u00e9sident de l\u2019Assembl\u00e9e ont \u00e9t\u00e9 bri\u00e8vement arr\u00eat\u00e9s vendredi soir. Leur arrestation a \u00e9t\u00e9 d\u00e9nonc\u00e9e par l\u2019opposition ainsi que par l\u2019organisation de la soci\u00e9t\u00e9 civile, la Lucha. Reste \u00e0 savoir d\u00e9sormais quelle sera la position des autres cadres de l\u2019Union sacr\u00e9e, que ce soit Jean-Pierre Bemba, Jean-Michel Sama Lukonde, Christophe Mboso ou encore Modeste Bahati.<\/p>\n<p><strong>Avec RFI<\/strong><\/p>\n<p>&nbsp;<\/p>\n<\/div>\n","protected":false},"excerpt":{"rendered":"<p>En RDC, le pr\u00e9sident F\u00e9lix Tshisekedi a convoqu\u00e9 lundi 8 septembre une r\u00e9union interinstitutionnelle avec le pr\u00e9sident de l\u2019Assembl\u00e9e nationale, Vital Kamerhe, le pr\u00e9sident du S\u00e9nat, Jean-Michel Sama Lukonde, la Premi\u00e8re ministre Judith Suminwa, ainsi que le pr\u00e9sident de la Cour constitutionnelle et du Conseil sup\u00e9rieur de la magistrature. Il a \u00e9t\u00e9 question de la [&hellip;]<\/p>\n","protected":false},"author":2,"featured_media":35857,"comment_status":"closed","ping_status":"closed","sticky":false,"template":"","format":"standard","meta":{"footnotes":""},"categories":[57],"tags":[],"class_list":{"0":"post-35856","1":"post","2":"type-post","3":"status-publish","4":"format-standard","5":"has-post-thumbnail","7":"category-politique"},"_links":{"self":[{"href":"https:\/\/conakrynews.org\/index.php\/wp-json\/wp\/v2\/posts\/35856","targetHints":{"allow":["GET"]}}],"collection":[{"href":"https:\/\/conakrynews.org\/index.php\/wp-json\/wp\/v2\/posts"}],"about":[{"href":"https:\/\/conakrynews.org\/index.php\/wp-json\/wp\/v2\/types\/post"}],"author":[{"embeddable":true,"href":"https:\/\/conakrynews.org\/index.php\/wp-json\/wp\/v2\/users\/2"}],"replies":[{"embeddable":true,"href":"https:\/\/conakrynews.org\/index.php\/wp-json\/wp\/v2\/comments?post=35856"}],"version-history":[{"count":0,"href":"https:\/\/conakrynews.org\/index.php\/wp-json\/wp\/v2\/posts\/35856\/revisions"}],"wp:featuredmedia":[{"embeddable":true,"href":"https:\/\/conakrynews.org\/index.php\/wp-json\/wp\/v2\/media\/35857"}],"wp:attachment":[{"href":"https:\/\/conakrynews.org\/index.php\/wp-json\/wp\/v2\/media?parent=35856"}],"wp:term":[{"taxonomy":"category","embeddable":true,"href":"https:\/\/conakrynews.org\/index.php\/wp-json\/wp\/v2\/categories?post=35856"},{"taxonomy":"post_tag","embeddable":true,"href":"https:\/\/conakrynews.org\/index.php\/wp-json\/wp\/v2\/tags?post=35856"}],"curies":[{"name":"wp","href":"https:\/\/api.w.org\/{rel}","templated":true}]}}