{"id":35859,"date":"2025-09-09T16:32:50","date_gmt":"2025-09-09T16:32:50","guid":{"rendered":"https:\/\/conakrynews.org\/?p=35859"},"modified":"2025-09-09T16:43:17","modified_gmt":"2025-09-09T16:43:17","slug":"conakry-remise-des-vehicules-aux-sous-prefets-pour-renforcer-leur-mobilite","status":"publish","type":"post","link":"https:\/\/conakrynews.org\/index.php\/conakry-remise-des-vehicules-aux-sous-prefets-pour-renforcer-leur-mobilite\/","title":{"rendered":"Conakry: Remise des v\u00e9hicules aux sous pr\u00e9fets pour renforcer leur mobilit\u00e9"},"content":{"rendered":"<div dir=\"auto\" data-width=\"320px\" data-min-width=\"\" data-max-width=\"\">\n<div data-width=\"320px\" data-min-width=\"\" data-max-width=\"\">\n<h1><\/h1>\n<\/div>\n<\/div>\n<div dir=\"auto\" data-width=\"320px\" data-min-width=\"\" data-max-width=\"\">\n<div data-width=\"320px\" data-min-width=\"\" data-max-width=\"\">\n<div dir=\"auto\">\n<div><\/div>\n<\/div>\n<div dir=\"auto\">\n<div><\/div>\n<div dir=\"auto\"><\/div>\n<div dir=\"auto\"><\/div>\n<div dir=\"auto\"><\/div>\n<div dir=\"auto\">Le minist\u00e8re de<\/div>\n<div dir=\"auto\">\u00a0 \u00a0l&rsquo;Administration du Territoire et de\u00a0 la D\u00e9centralisation \u00e0 proc\u00e9d\u00e9 ce mardi 09 Septembre 2025,\u00a0 \u00e0\u00a0 la remise de plus de trois cent v\u00e9hicules aux sous-pr\u00e9fets du pays.Cette c\u00e9r\u00e9monie de remise a \u00e9t\u00e9 pr\u00e9sid\u00e9 par le premier ministre chef du Gouvernement,Amadou Oury Bah,en pr\u00e9sence du ministre de l&rsquo;Administration du Territoire et de la D\u00e9centralisation, Ibrahima Kalil Cond\u00e9, ainsi que des membres du Gouvernement.<\/div>\n<div dir=\"auto\"><\/div>\n<div dir=\"auto\"><\/div>\n<div dir=\"auto\"><a href=\"https:\/\/i0.wp.com\/liberationinfo.com\/wp-content\/uploads\/2025\/09\/IMG-20250909-WA0014.jpg\" target=\"_blank\" rel=\"noopener noreferrer noreferrer\" data-saferedirecturl=\"https:\/\/www.google.com\/url?q=https:\/\/i0.wp.com\/liberationinfo.com\/wp-content\/uploads\/2025\/09\/IMG-20250909-WA0014.jpg&amp;source=gmail&amp;ust=1757521687776000&amp;usg=AOvVaw0Oll8g-0U1fcHrFNZyACw2\"><img loading=\"lazy\" decoding=\"async\" src=\"https:\/\/i0.wp.com\/liberationinfo.com\/wp-content\/uploads\/2025\/09\/IMG-20250909-WA0014.jpg?resize=300%2C169\" alt=\"\" width=\"300\" height=\"169\" \/><\/a><\/div>\n<div dir=\"auto\">\u00a0Dans son\u00a0 intervention, sous-pr\u00e9f\u00e8te de Kamsar et n porte parole: des\u00a0 sous-pr\u00e9fets\u00a0 de\u00a0 \u00a0circonstance, a d&rsquo;abord remerci\u00e9 le chef de l\u2019\u00c9tat, G\u00e9n\u00e9ral Maladie Doumbouya pour son geste hautement historique,qui contribue \u00e0\u00a0 l\u2019am\u00e9lioration des conditions de vie des administrateurs territoriaux.<\/div>\n<div dir=\"auto\">\n<div dir=\"auto\"><\/div>\n<div dir=\"auto\"><a href=\"https:\/\/i0.wp.com\/liberationinfo.com\/wp-content\/uploads\/2025\/09\/IMG-20250909-WA0012.jpg\" target=\"_blank\" rel=\"noopener noreferrer noreferrer\" data-saferedirecturl=\"https:\/\/www.google.com\/url?q=https:\/\/i0.wp.com\/liberationinfo.com\/wp-content\/uploads\/2025\/09\/IMG-20250909-WA0012.jpg&amp;source=gmail&amp;ust=1757521687776000&amp;usg=AOvVaw1uLgzq9ISGhIWFx_tGMs2M\"><img loading=\"lazy\" decoding=\"async\" src=\"https:\/\/i0.wp.com\/liberationinfo.com\/wp-content\/uploads\/2025\/09\/IMG-20250909-WA0012.jpg?resize=300%2C216\" alt=\"\" width=\"300\" height=\"216\" \/><\/a><\/div>\n<div dir=\"auto\">Avant de souligner que c&rsquo;est pour la\u00a0<em><strong>pour la premi\u00e8re fois dans l\u2019histoire de notre pays, que l\u2019ensemble des sous-pr\u00e9fets\u00a0 \u00a0 b\u00e9n\u00e9ficient\u00a0 des v\u00e9hicules de commandement. \u00ab\u00a0Ce geste hautement significatif, au-del\u00e0 des aspects op\u00e9rationnels, illustre parfaitement la vision de refondation de l\u2019\u00c9tat pr\u00f4n\u00e9e par le G\u00e9n\u00e9ral Pr\u00e9sident Mamadi Doumbouya, depuis le 5 septembre 2021\u00a0\u00bb, a d\u00e9clar\u00e9 la porte parole des sous pr\u00e9fets dans cette c\u00e9r\u00e9monie.<\/strong><\/em><\/div>\n<div dir=\"auto\"><em><strong>\u00a0<\/strong><\/em><\/div>\n<div dir=\"auto\"><em><strong>Et de pr\u00e9ciser que la\u00a0 refondation de l\u2019\u00c9tat incarne en son sein la restauration de l\u2019autorit\u00e9 de l\u2019\u00c9tat dans toutes les administrations publiques.\u00a0\u00bb\u00a0 C\u2019est le lieu, une fois encore, de louer les efforts et les \u00e9normes efforts consentis dans tous les domaines pour une Guin\u00e9e unie et prosp\u00e8re. Pour notre part, nous nous engageons encore une fois de plus. A sauvegarder les acquis du CNRD, mais aussi \u00e0 faire de ces v\u00e9hicules un v\u00e9ritable instrument de commandement et d\u00e9veloppement au service de la nation\u00a0\u00bb\u00a0 a rassur\u00e9\u00a0 les donateurs.<\/strong><\/em><\/div>\n<\/div>\n<div dir=\"auto\"><a href=\"https:\/\/i0.wp.com\/liberationinfo.com\/wp-content\/uploads\/2025\/09\/IMG-20250909-WA0009.jpg\" target=\"_blank\" rel=\"noopener noreferrer noreferrer\" data-saferedirecturl=\"https:\/\/www.google.com\/url?q=https:\/\/i0.wp.com\/liberationinfo.com\/wp-content\/uploads\/2025\/09\/IMG-20250909-WA0009.jpg&amp;source=gmail&amp;ust=1757521687776000&amp;usg=AOvVaw0FOqckvHiWc7kkFscs4Ue5\"><img loading=\"lazy\" decoding=\"async\" src=\"https:\/\/i0.wp.com\/liberationinfo.com\/wp-content\/uploads\/2025\/09\/IMG-20250909-WA0009.jpg?resize=300%2C169\" alt=\"\" width=\"300\" height=\"169\" \/><\/a> Elhadj Ibrahima Kalil Cond\u00e9, ministre de l&rsquo;Administration du Territoire et de la D\u00e9centralisation ,\u00a0 \u00a0a dans remerci\u00e9 me pr\u00e9sident de la R\u00e9publique,le G\u00e9n\u00e9ral Mamadi Doumbouy\u00a0 pour ce geste salutaire a l&rsquo;endroit des administrateurs Territoire de la Guin\u00e9e.<\/div>\n<div dir=\"auto\"><\/div>\n<div dir=\"auto\"><em><strong>\u00ab\u00a0 C&rsquo;est plaisir et une profonde satisfaction que je prends la parole en ce jour solennel du mardi 9 septembre 2025, marqu\u00e9 par la remise officielle de v\u00e9hicules de commandement au sous-pr\u00e9fet de la R\u00e9publique de Guin\u00e9e. Cette tactique r\u00e9publicaine n\u2019a jamais \u00e9t\u00e9 pos\u00e9 en R\u00e9publique de Guin\u00e9e depuis la premi\u00e8re R\u00e9publique. Ces v\u00e9hicules de commandement sont bien plus qu\u2019un simple outil de travail. Ils sont le symbole de la confiance plac\u00e9e en vous par l\u2019\u00c9tat. Un moyen essentiel pour renforcer votre mobilit\u00e9, votre proximit\u00e9 avec les populations et votre capacit\u00e9 \u00e0 agir efficacement sur le terrain. Un atout majeur pour r\u00e9pondre avec diligence aux urgences administratives, s\u00e9curitaires et sociales, Je suis convaincu que ces notations logistiques contribueront significativement \u00e0 am\u00e9liorer vos conditions de travail et, partant, \u00e0 renforcer la pr\u00e9sence et l\u2019efficacit\u00e9 de l\u2019\u00c9tat jusque dans les zones les plus recul\u00e9es de notre pays\u00a0\u00bb, a lanc\u00e9 aux administrateurs Territoire du pays.<\/strong><\/em><\/div>\n<div dir=\"auto\"><\/div>\n<div dir=\"auto\">\n<div dir=\"auto\"><\/div>\n<div dir=\"auto\"><\/div>\n<div dir=\"auto\">Pour finir , le patron du d\u00e9partement de l&rsquo;Administration du Territoire et de la D\u00e9centralisation,\u00a0 a invit\u00e9 les sous-pr\u00e9fets\u00a0 \u00e0\u00a0 faire bon\u00a0<em><strong>usage\u00a0 de ces v\u00e9hicules, en veillant veiller \u00e0 leur entretien r\u00e9gulier afin de garantir leur durabilit\u00e9, et surtout \u00e0 les mettre exclusivement au service des missions qui vous sont confi\u00e9es par l\u2019\u00c9tat Guin\u00e9en.<\/strong><\/em><\/div>\n<div dir=\"auto\"><em><strong>\u00a0<\/strong><\/em><\/div>\n<div dir=\"auto\"><em><strong>Sylla Ibrahima Kalil, pour\u00a0<a href=\"http:\/\/www.conakrynews.org\/\" target=\"_blank\" rel=\"noopener noreferrer\" data-saferedirecturl=\"https:\/\/www.google.com\/url?q=http:\/\/www.conakrynews.org&amp;source=gmail&amp;ust=1757521687776000&amp;usg=AOvVaw257cTcefBlpI2mzzoMIcJr\">www.conakrynews.org<\/a>, 625444534<\/strong><\/em><\/div>\n<\/div>\n<\/div>\n<\/div>\n<\/div>\n","protected":false},"excerpt":{"rendered":"<p>Le minist\u00e8re de \u00a0 \u00a0l&rsquo;Administration du Territoire et de\u00a0 la D\u00e9centralisation \u00e0 proc\u00e9d\u00e9 ce mardi 09 Septembre 2025,\u00a0 \u00e0\u00a0 la remise de plus de trois cent v\u00e9hicules aux sous-pr\u00e9fets du pays.Cette c\u00e9r\u00e9monie de remise a \u00e9t\u00e9 pr\u00e9sid\u00e9 par le premier ministre chef du Gouvernement,Amadou Oury Bah,en pr\u00e9sence du ministre de l&rsquo;Administration du Territoire et de [&hellip;]<\/p>\n","protected":false},"author":2,"featured_media":35868,"comment_status":"closed","ping_status":"closed","sticky":false,"template":"","format":"standard","meta":{"footnotes":""},"categories":[57],"tags":[],"class_list":{"0":"post-35859","1":"post","2":"type-post","3":"status-publish","4":"format-standard","5":"has-post-thumbnail","7":"category-politique"},"_links":{"self":[{"href":"https:\/\/conakrynews.org\/index.php\/wp-json\/wp\/v2\/posts\/35859","targetHints":{"allow":["GET"]}}],"collection":[{"href":"https:\/\/conakrynews.org\/index.php\/wp-json\/wp\/v2\/posts"}],"about":[{"href":"https:\/\/conakrynews.org\/index.php\/wp-json\/wp\/v2\/types\/post"}],"author":[{"embeddable":true,"href":"https:\/\/conakrynews.org\/index.php\/wp-json\/wp\/v2\/users\/2"}],"replies":[{"embeddable":true,"href":"https:\/\/conakrynews.org\/index.php\/wp-json\/wp\/v2\/comments?post=35859"}],"version-history":[{"count":0,"href":"https:\/\/conakrynews.org\/index.php\/wp-json\/wp\/v2\/posts\/35859\/revisions"}],"wp:featuredmedia":[{"embeddable":true,"href":"https:\/\/conakrynews.org\/index.php\/wp-json\/wp\/v2\/media\/35868"}],"wp:attachment":[{"href":"https:\/\/conakrynews.org\/index.php\/wp-json\/wp\/v2\/media?parent=35859"}],"wp:term":[{"taxonomy":"category","embeddable":true,"href":"https:\/\/conakrynews.org\/index.php\/wp-json\/wp\/v2\/categories?post=35859"},{"taxonomy":"post_tag","embeddable":true,"href":"https:\/\/conakrynews.org\/index.php\/wp-json\/wp\/v2\/tags?post=35859"}],"curies":[{"name":"wp","href":"https:\/\/api.w.org\/{rel}","templated":true}]}}