{"id":35876,"date":"2025-09-09T20:30:43","date_gmt":"2025-09-09T20:30:43","guid":{"rendered":"https:\/\/conakrynews.org\/?p=35876"},"modified":"2025-09-09T20:32:43","modified_gmt":"2025-09-09T20:32:43","slug":"explosions-a-doha-israel-affirme-avoir-frappe-de-hauts-responsables-du-hamas","status":"publish","type":"post","link":"https:\/\/conakrynews.org\/index.php\/explosions-a-doha-israel-affirme-avoir-frappe-de-hauts-responsables-du-hamas\/","title":{"rendered":"Explosions \u00e0 Doha, Isra\u00ebl affirme avoir frapp\u00e9 \u00ab\u00a0de hauts responsables\u00a0\u00bb du Hamas"},"content":{"rendered":"<h1 class=\"name post-title entry-title\"><\/h1>\n<h1><\/h1>\n<h1 class=\"name post-title entry-title\">L&rsquo;arm\u00e9e isra\u00e9lienne a annonc\u00e9 mardi avoir men\u00e9 une frappe contre des \u00ab hauts responsables \u00bb du mouvement islamiste palestinien Hamas, peu de temps apr\u00e8s que des explosions ont \u00e9t\u00e9 entendues \u00e0 Doha. Le Qatar a d\u00e9nonc\u00e9 une attaque \u00ab l\u00e2che \u00bb.<\/h1>\n<div class=\"entry\">\n<div class=\"style__TimeLineLiveMessageTimeTitle-gngBLY iZfhAl live-message--time-title\">\n<h2 class=\"style__LiveMessageTitle-dSYABm dEhygC live-message--title\">Qui est Khalil Al-Hayya, la figure de proue du Hamas prise pour cible par Isra\u00ebl ?<\/h2>\n<\/div>\n<div class=\"style__LiveMessageTextWithLink-MuGhR jgcohz live-message--message\">\n<p>Khalil Al-Hayya, haut responsable du Hamas vis\u00e9 par Isra\u00ebl au Qatar, est devenu une figure de plus en plus centrale au sein de la direction du groupe militant palestinien depuis la mort d\u2019Ismail Haniyeh et de Yahya Sinouar l\u2019ann\u00e9e derni\u00e8re.<\/p>\n<p>Des responsables isra\u00e9liens ont d\u00e9clar\u00e9 \u00e0 Reuters que l\u2019attaque visait les principaux dirigeants du Hamas, dont Khalil al-Hayya, son chef en exil \u00e0 Gaza et principal n\u00e9gociateur. Deux sources du Hamas ont d\u00e9clar\u00e9 \u00e0 Reuters que la d\u00e9l\u00e9gation du groupe charg\u00e9e des n\u00e9gociations de cessez-le-feu \u00e0 Doha avait surv\u00e9cu \u00e0 l\u2019attaque.<\/p>\n<p>Au c\u0153ur des n\u00e9gociations de cessez-le-feu pendant la guerre qui a \u00e9clat\u00e9 il y a deux ans, Khalil al-Hayya est largement consid\u00e9r\u00e9 comme la figure la plus influente du groupe \u00e0 l\u2019\u00e9tranger depuis qu\u2019Ismail Haniyeh a \u00e9t\u00e9 tu\u00e9 par Isra\u00ebl en Iran en juillet 2024.<\/p>\n<p><strong>Avec France 24<\/strong><\/p>\n<p>&nbsp;<\/p>\n<\/div>\n<\/div>\n","protected":false},"excerpt":{"rendered":"<p>L&rsquo;arm\u00e9e isra\u00e9lienne a annonc\u00e9 mardi avoir men\u00e9 une frappe contre des \u00ab hauts responsables \u00bb du mouvement islamiste palestinien Hamas, peu de temps apr\u00e8s que des explosions ont \u00e9t\u00e9 entendues \u00e0 Doha. Le Qatar a d\u00e9nonc\u00e9 une attaque \u00ab l\u00e2che \u00bb. Qui est Khalil Al-Hayya, la figure de proue du Hamas prise pour cible par [&hellip;]<\/p>\n","protected":false},"author":2,"featured_media":35877,"comment_status":"closed","ping_status":"closed","sticky":false,"template":"","format":"standard","meta":{"footnotes":""},"categories":[58],"tags":[],"class_list":{"0":"post-35876","1":"post","2":"type-post","3":"status-publish","4":"format-standard","5":"has-post-thumbnail","7":"category-societe"},"_links":{"self":[{"href":"https:\/\/conakrynews.org\/index.php\/wp-json\/wp\/v2\/posts\/35876","targetHints":{"allow":["GET"]}}],"collection":[{"href":"https:\/\/conakrynews.org\/index.php\/wp-json\/wp\/v2\/posts"}],"about":[{"href":"https:\/\/conakrynews.org\/index.php\/wp-json\/wp\/v2\/types\/post"}],"author":[{"embeddable":true,"href":"https:\/\/conakrynews.org\/index.php\/wp-json\/wp\/v2\/users\/2"}],"replies":[{"embeddable":true,"href":"https:\/\/conakrynews.org\/index.php\/wp-json\/wp\/v2\/comments?post=35876"}],"version-history":[{"count":0,"href":"https:\/\/conakrynews.org\/index.php\/wp-json\/wp\/v2\/posts\/35876\/revisions"}],"wp:featuredmedia":[{"embeddable":true,"href":"https:\/\/conakrynews.org\/index.php\/wp-json\/wp\/v2\/media\/35877"}],"wp:attachment":[{"href":"https:\/\/conakrynews.org\/index.php\/wp-json\/wp\/v2\/media?parent=35876"}],"wp:term":[{"taxonomy":"category","embeddable":true,"href":"https:\/\/conakrynews.org\/index.php\/wp-json\/wp\/v2\/categories?post=35876"},{"taxonomy":"post_tag","embeddable":true,"href":"https:\/\/conakrynews.org\/index.php\/wp-json\/wp\/v2\/tags?post=35876"}],"curies":[{"name":"wp","href":"https:\/\/api.w.org\/{rel}","templated":true}]}}