{"id":35883,"date":"2025-09-10T11:53:56","date_gmt":"2025-09-10T11:53:56","guid":{"rendered":"https:\/\/conakrynews.org\/?p=35883"},"modified":"2025-09-10T11:53:56","modified_gmt":"2025-09-10T11:53:56","slug":"campagne-referendaire-les-autorites-communales-de-matam-recoivent-le-premier-ministre-amadou-oury-bah","status":"publish","type":"post","link":"https:\/\/conakrynews.org\/index.php\/campagne-referendaire-les-autorites-communales-de-matam-recoivent-le-premier-ministre-amadou-oury-bah\/","title":{"rendered":"Campagne r\u00e9f\u00e9rendaire : les autorit\u00e9s communales de Matam re\u00e7oivent le premier Ministre Amadou Oury Bah"},"content":{"rendered":"<h1 class=\"name post-title entry-title\"><\/h1>\n<p class=\"post-meta\">\n<div class=\"clear\"><\/div>\n<div class=\"entry\">\n<p>Matam\/ campagne r\u00e9f\u00e9rendaire : les autorit\u00e9s communales de re\u00e7oivent le premier Ministre Amadou Oury Bah<\/p>\n<p>Dans le cadre de la poursuite de la campagne r\u00e9f\u00e9rendaire, les autorit\u00e9s communales de Matam ont re\u00e7u ce mardi 09 septembre 2025 ,le Premier Ministre chef du gouvernement Amadou Oury Bah \u00e0 la maison des jeunes de Touguiwondy.<\/p>\n<p>\u00c0 cette occasion , le pr\u00e9sident de la d\u00e9l\u00e9gation sp\u00e9ciale de Matam Aly Badra checkna Kon\u00e9, s\u2019est r\u00e9joui le choix port\u00e9 sur sa localit\u00e9 pour abriter le lancement de la campagne r\u00e9f\u00e9rendaire 21 septembre par Premier ministre dans la grande Conakry.<\/p>\n<p>Toutefois, il a indiqu\u00e9 que ce r\u00e9f\u00e9rendum du 21 septembre 2025 n\u2019est pas un simple rendez-vous \u00e9lectoral; c\u2019est une consultation historique, une interpellation de notre conscience collective, une invitation \u00e0 choisir l\u2019avenir que nous voulons l\u00e9guer \u00e0 nos enfants.<\/p>\n<p>C\u2019est pourquoi dit-il :&lt;&lt;En disant Oui, nous disons Oui \u00e0 la stabilit\u00e9, Oui \u00e0 la paix, Oui \u00e0 la continuit\u00e9 des r\u00e9formes qui ouvrent la voie au d\u00e9veloppement. Le Oui n\u2019est pas un mot, c\u2019est une vision. Le Oui n\u2019est pas une couleur, c\u2019est un cap pour b\u00e2tir une Guin\u00e9e plus juste, plus forte et plus unie&gt;&gt;, a-t-il d\u00e9clar\u00e9.<\/p>\n<p>Poursuivant, il a tenu \u00e0 lancer un appel solennel \u00e0 l\u2019endroit de tous les citoyens de prendre responsabilit\u00e9 dans la dignit\u00e9 et s\u2019engager pour que sa voix puisse\u00eatre entendue. &lt;&lt;Chaque voix compte, et chaque Oui portera la Guin\u00e9e vers un avenir de prosp\u00e9rit\u00e9 partag\u00e9e&gt;&gt;, a-t-il conclu.<\/p>\n<p>Pour sa part, le Premier Ministre chef du gouvernement Amadou Oury Bah, a soulign\u00e9 l\u2019importance du retrait des cartes d\u2019\u00e9lecteurs.<\/p>\n<p>&lt;&lt; La carte d\u2019\u00e9lecteur, c\u2019est la cl\u00e9 pour voter et pour beaucoup d\u2019autres choses par la suite. C\u2019est la raison pour laquelle il faut tout faire. Vous, le pr\u00e9sident de la d\u00e9l\u00e9gation sp\u00e9ciale, dans son enti\u00e8ret\u00e9, les chefs de quartier, les chefs de secteur et tous les autres responsables de la commune de Matam, sans oublier les anciens chefs de quartier qui sont l\u00e0 et les nouveaux chefs de quartier, les dames, les femmes, les jeunes. C\u2019est par ce biais-l\u00e0 que chacun pourra avoir la possibilit\u00e9 d\u2019exprimer son choix&gt;&gt;, a-t-il dit.<\/p>\n<p>&lt;&lt;Nous souhaitons que le Oui l\u2019emporte largement avec un taux de participation \u00e9lev\u00e9, d\u2019o\u00f9 la n\u00e9cessit\u00e9 de r\u00e9cup\u00e9rer les cartes des lecteurs. Mais cela ne veut pas dire que nous emp\u00eacherons d\u2019autres qui pensent autrement de voter, comme leur conscience, leur dicte, c\u2019est leur droit. Et c\u2019est un droit citoyen que nous devons respecter&gt;&gt;,a-t-il insist\u00e9.<\/p>\n<p>Pour terminer, le premier Ministre a profit\u00e9 de l\u2019occasion pour de sensibiliser les citoyens sur la proc\u00e9dure \u00e9lectorale, afin d\u2019\u00e9viter les bulletins nuls pendant le jour du vote.<\/p>\n<p><strong>Mamadou Bhoye Diallo pour GuineeQuotidien<\/strong><\/p>\n<p>&nbsp;<\/p>\n<\/div>\n","protected":false},"excerpt":{"rendered":"<p>Matam\/ campagne r\u00e9f\u00e9rendaire : les autorit\u00e9s communales de re\u00e7oivent le premier Ministre Amadou Oury Bah Dans le cadre de la poursuite de la campagne r\u00e9f\u00e9rendaire, les autorit\u00e9s communales de Matam ont re\u00e7u ce mardi 09 septembre 2025 ,le Premier Ministre chef du gouvernement Amadou Oury Bah \u00e0 la maison des jeunes de Touguiwondy. \u00c0 cette [&hellip;]<\/p>\n","protected":false},"author":2,"featured_media":35884,"comment_status":"closed","ping_status":"closed","sticky":false,"template":"","format":"standard","meta":{"footnotes":""},"categories":[57],"tags":[],"class_list":{"0":"post-35883","1":"post","2":"type-post","3":"status-publish","4":"format-standard","5":"has-post-thumbnail","7":"category-politique"},"_links":{"self":[{"href":"https:\/\/conakrynews.org\/index.php\/wp-json\/wp\/v2\/posts\/35883","targetHints":{"allow":["GET"]}}],"collection":[{"href":"https:\/\/conakrynews.org\/index.php\/wp-json\/wp\/v2\/posts"}],"about":[{"href":"https:\/\/conakrynews.org\/index.php\/wp-json\/wp\/v2\/types\/post"}],"author":[{"embeddable":true,"href":"https:\/\/conakrynews.org\/index.php\/wp-json\/wp\/v2\/users\/2"}],"replies":[{"embeddable":true,"href":"https:\/\/conakrynews.org\/index.php\/wp-json\/wp\/v2\/comments?post=35883"}],"version-history":[{"count":0,"href":"https:\/\/conakrynews.org\/index.php\/wp-json\/wp\/v2\/posts\/35883\/revisions"}],"wp:featuredmedia":[{"embeddable":true,"href":"https:\/\/conakrynews.org\/index.php\/wp-json\/wp\/v2\/media\/35884"}],"wp:attachment":[{"href":"https:\/\/conakrynews.org\/index.php\/wp-json\/wp\/v2\/media?parent=35883"}],"wp:term":[{"taxonomy":"category","embeddable":true,"href":"https:\/\/conakrynews.org\/index.php\/wp-json\/wp\/v2\/categories?post=35883"},{"taxonomy":"post_tag","embeddable":true,"href":"https:\/\/conakrynews.org\/index.php\/wp-json\/wp\/v2\/tags?post=35883"}],"curies":[{"name":"wp","href":"https:\/\/api.w.org\/{rel}","templated":true}]}}