{"id":35887,"date":"2025-09-10T13:33:33","date_gmt":"2025-09-10T13:33:33","guid":{"rendered":"https:\/\/conakrynews.org\/?p=35887"},"modified":"2025-09-10T13:35:35","modified_gmt":"2025-09-10T13:35:35","slug":"france-bloquons-tout-des-gilets-jaunes-se-mobilisent-a-nouveau","status":"publish","type":"post","link":"https:\/\/conakrynews.org\/index.php\/france-bloquons-tout-des-gilets-jaunes-se-mobilisent-a-nouveau\/","title":{"rendered":"France\/Bloquons tout\u00bb: des \u00abGilets jaunes\u00bb se mobilisent \u00e0 nouveau"},"content":{"rendered":"<div class=\"single-post-thumb\"><\/div>\n<div class=\"post-inner\">\n<h1 class=\"name post-title entry-title\"><\/h1>\n<div class=\"clear\"><\/div>\n<div class=\"entry\">\n<p>Une premi\u00e8re journ\u00e9e sous haute tension pour le nouveau Premier ministre fran\u00e7ais S\u00e9bastien Lecornu nomm\u00e9 mardi soir. Car c\u2019est une journ\u00e9e de mobilisation partout en France ce mercredi. \u00ab\u00a0Bloquons tout\u00a0\u00bb, c\u2019est le nom de ce mouvement multiforme qui s\u2019est structur\u00e9 en dehors des partis politiques et des syndicats\u00a0: il est n\u00e9 de mani\u00e8re spontan\u00e9e sur les r\u00e9seaux sociaux. Point commun chez les personnes mobilis\u00e9es\u00a0: une forte col\u00e8re sociale. Des gr\u00e8ves, blocages et manifestations sont attendus partout dans le pays. Et parmi les protestataires, on retrouve des \u00ab\u00a0Gilets jaunes\u00a0\u00bb, du nom de cette mobilisation citoyenne lanc\u00e9e en\u00a02018 et qui s\u2019est ensuite essouffl\u00e9e. Cette nouvelle sociale leur redonne l\u2019espoir de changements profonds. Certains s\u2019organisaient d\u00e8s hier soir. Reportage \u00e0 Saint-Brice-Sous-For\u00eat, au nord de Paris.<\/p>\n<p><strong>Par RFI<\/strong><\/p>\n<\/div>\n<\/div>\n<p><!--more--><\/p>\n","protected":false},"excerpt":{"rendered":"<p>Une premi\u00e8re journ\u00e9e sous haute tension pour le nouveau Premier ministre fran\u00e7ais S\u00e9bastien Lecornu nomm\u00e9 mardi soir. Car c\u2019est une journ\u00e9e de mobilisation partout en France ce mercredi. \u00ab\u00a0Bloquons tout\u00a0\u00bb, c\u2019est le nom de ce mouvement multiforme qui s\u2019est structur\u00e9 en dehors des partis politiques et des syndicats\u00a0: il est n\u00e9 de mani\u00e8re spontan\u00e9e sur [&hellip;]<\/p>\n","protected":false},"author":2,"featured_media":35892,"comment_status":"closed","ping_status":"closed","sticky":false,"template":"","format":"standard","meta":{"footnotes":""},"categories":[57],"tags":[],"class_list":{"0":"post-35887","1":"post","2":"type-post","3":"status-publish","4":"format-standard","5":"has-post-thumbnail","7":"category-politique"},"_links":{"self":[{"href":"https:\/\/conakrynews.org\/index.php\/wp-json\/wp\/v2\/posts\/35887","targetHints":{"allow":["GET"]}}],"collection":[{"href":"https:\/\/conakrynews.org\/index.php\/wp-json\/wp\/v2\/posts"}],"about":[{"href":"https:\/\/conakrynews.org\/index.php\/wp-json\/wp\/v2\/types\/post"}],"author":[{"embeddable":true,"href":"https:\/\/conakrynews.org\/index.php\/wp-json\/wp\/v2\/users\/2"}],"replies":[{"embeddable":true,"href":"https:\/\/conakrynews.org\/index.php\/wp-json\/wp\/v2\/comments?post=35887"}],"version-history":[{"count":0,"href":"https:\/\/conakrynews.org\/index.php\/wp-json\/wp\/v2\/posts\/35887\/revisions"}],"wp:featuredmedia":[{"embeddable":true,"href":"https:\/\/conakrynews.org\/index.php\/wp-json\/wp\/v2\/media\/35892"}],"wp:attachment":[{"href":"https:\/\/conakrynews.org\/index.php\/wp-json\/wp\/v2\/media?parent=35887"}],"wp:term":[{"taxonomy":"category","embeddable":true,"href":"https:\/\/conakrynews.org\/index.php\/wp-json\/wp\/v2\/categories?post=35887"},{"taxonomy":"post_tag","embeddable":true,"href":"https:\/\/conakrynews.org\/index.php\/wp-json\/wp\/v2\/tags?post=35887"}],"curies":[{"name":"wp","href":"https:\/\/api.w.org\/{rel}","templated":true}]}}