{"id":35932,"date":"2025-09-11T09:08:46","date_gmt":"2025-09-11T09:08:46","guid":{"rendered":"https:\/\/conakrynews.org\/?p=35932"},"modified":"2025-09-11T09:08:46","modified_gmt":"2025-09-11T09:08:46","slug":"larmee-reprend-le-controle-de-katmandou-et-ouvre-les-discussions-sur-lavenir-du-nepal","status":"publish","type":"post","link":"https:\/\/conakrynews.org\/index.php\/larmee-reprend-le-controle-de-katmandou-et-ouvre-les-discussions-sur-lavenir-du-nepal\/","title":{"rendered":"L\u2019arm\u00e9e reprend le contr\u00f4le de Katmandou et ouvre les discussions sur l\u2019avenir du N\u00e9pal"},"content":{"rendered":"<div><\/div>\n<div class=\"clear\">Apr\u00e8s deux jours d\u2019\u00e9meutes et la d\u00e9mission du Premier ministre au N\u00e9pal, l\u2019arm\u00e9e a repris le contr\u00f4le de la capitale Katmandou mercredi. Le chef d\u2019\u00e9tat-major a entam\u00e9 des entretiens avec diverses personnalit\u00e9s, dont des repr\u00e9sentants des manifestants, pour discuter de l\u2019avenir politique du pays.<\/div>\n<div class=\"entry\">\n<p>Au\u00a0<a class=\"gtm-add-suggested-tag\" href=\"https:\/\/www.france24.com\/fr\/tag\/n%C3%A9pal\/\" target=\"_self\" rel=\"noopener noreferrer\">N\u00e9pal<\/a>, l\u2019arm\u00e9e a repris mercredi 10 septembre le contr\u00f4le de la capitale Katmandou apr\u00e8s deux jours d\u2019\u00e9meutes, les plus violentes en vingt ans, qui ont\u00a0<a href=\"https:\/\/www.france24.com\/fr\/info-en-continu\/20250909-n%C3%A9pal-r%C3%A9seaux-sociaux-rouverts-et-enqu%C3%AAte-apr%C3%A8s-des-manifestations-meurtri%C3%A8res\" target=\"_self\" rel=\"noopener noreferrer\">contraint le Premier ministre \u00e0 la d\u00e9mission<\/a>\u00a0et ouvert les discussions sur l\u2019avenir politique du pays.<\/p>\n<p>Les troubles ont d\u00e9but\u00e9 lundi, lorsque la police a brutalement r\u00e9prim\u00e9 des manifestations d\u00e9non\u00e7ant le blocage des r\u00e9seaux sociaux et la corruption des \u00e9lites, faisant au moins 19 morts et plusieurs centaines de bless\u00e9s dans le pays.<\/p>\n<p>Malgr\u00e9 le r\u00e9tablissement de Facebook, X et YouTube, la promesse d\u2019une enqu\u00eate sur les violences polici\u00e8res et le d\u00e9part de KP Sharma Oli, des manifestants r\u00e9unis sous une banni\u00e8re \u00ab\u00a0G\u00e9n\u00e9ration Z\u00a0\u00bb ont mis a sac mardi b\u00e2timents publics, r\u00e9sidences de dirigeants et autres symboles du pouvoir. Le Parlement a \u00e9t\u00e9 incendi\u00e9, ainsi que le domicile du Premier ministre d\u00e9missionnaire.<\/p>\n<p>Mercredi, le chef d\u2019\u00e9tat-major de l\u2019arm\u00e9e, le g\u00e9n\u00e9ral Ashok Raj Sigdel, a entam\u00e9 des entretiens avec diverses personnalit\u00e9s, dont des repr\u00e9sentants des manifestants, a annonc\u00e9 \u00e0 l\u2019AFP un porte-parole de l\u2019arm\u00e9e, Rajaram Basnet. \u00ab\u00a0Le chef de l\u2019arm\u00e9e a entam\u00e9 des entretiens avec diff\u00e9rentes parties et rencontr\u00e9 des repr\u00e9sentants de GenZ\u00a0\u00bb, a-t-il d\u00e9clar\u00e9, sans donner d\u2019autres d\u00e9tails ni citer le moindre nom.<\/p>\n<div class=\"o-ad-container o-ad-container--inread o-ad-container--with-shimmer\" data-tms-ad-status=\"idle\" data-tms-ad-container=\"\">\n<div class=\"o-ad-container__content o-ad-container__content--report-enabled\">\n<div class=\"m-inread-ad\" data-tms-ad-type=\"inread\" data-tms-ad-status=\"resized\" data-tms-ad-owner=\"fmm\" data-tms-ad-pos=\"1\" data-tms-ad-provider=\"gam\" data-tms-ad-inread-provider=\"teads\">\n<div id=\"tms-block-803812115116732\" class=\"m-inread-ad__content\">\n<div class=\"teads\"><\/div>\n<\/div>\n<\/div>\n<\/div>\n<\/div>\n<h2>Le maire de Katmandou appel\u00e9 \u00e0 un avenir national<\/h2>\n<p>D\u00e8s mardi, le g\u00e9n\u00e9ral Sigdel avait exhort\u00e9 \u00ab\u00a0tous les groupes impliqu\u00e9s dans les manifestations \u00e0 revenir au calme et \u00e0 engager un dialogue\u00a0\u00bb. Le pr\u00e9sident n\u00e9palais, Ramchandra Paudel, a lui aussi exhort\u00e9 \u00ab\u00a0tout le monde, y compris les manifestants, \u00e0 coop\u00e9rer pour une r\u00e9solution pacifique de la situation difficile du pays\u00a0\u00bb.<\/p>\n<p>\u00ab\u00a0Les parties prenantes doivent se r\u00e9unir pour trouver une issue \u00e0 la crise. Le Parlement reste\u00a0\u00bb, a comment\u00e9 pour l\u2019AFP Shushila Karki, l\u2019ancienne cheffe de la Cour supr\u00eame, la plus haute juridiction du pays.<\/p>\n<p>Cette derni\u00e8re, 73 ans, est pressentie pour diriger la transition, a indiqu\u00e9 \u00e0 l\u2019AFP un repr\u00e9sentant des manifestants.<\/p>\n<p>Le maire de Katmandou depuis 2022, l\u2019ancien ing\u00e9nieur et rappeur Balendra Shah, 35 ans, est \u00e9galement pr\u00e9sent\u00e9 comme une des personnalit\u00e9s appel\u00e9es \u00e0 un avenir national.\u00a0\u00ab\u00a0Soyez pr\u00eats (\u2026) \u00e0 prendre les r\u00eanes du pays\u00a0\u00bb, a lanc\u00e9 sur Facebook l\u2019\u00e9lu, pr\u00e9sent\u00e9 comme une figure incontournable de la transition qui s\u2019annonce.<\/p>\n<p>Revenu au pouvoir en 2024, KP Sharma Oli a expliqu\u00e9 qu\u2019il d\u00e9missionnait \u00ab\u00a0afin que des mesures puissent \u00eatre prises en vue d\u2019une solution politique\u00a0\u00bb. \u00c2g\u00e9 de 73 ans, le chef du Parti communiste n\u00e9palais, qui a dirig\u00e9 quatre fois le gouvernement depuis 2015, incarne cette \u00e9lite de dirigeants dont la jeunesse du pays, priv\u00e9e d\u2019emploi et lass\u00e9e de la corruption, exige le d\u00e9part.<\/p>\n<h2>Couvre-feu et capitale \u00e0 l\u2019arr\u00eat<\/h2>\n<p>Sur le terrain, l\u2019arm\u00e9e a fait strictement respecter mercredi le couvre-feu impos\u00e9 jusqu\u2019\u00e0 nouvel ordre pour ramener le calme dans une capitale \u00e0 l\u2019arr\u00eat, entreprises, \u00e9coles et commerces ferm\u00e9s.<\/p>\n<p>Soldats en armes, chars et v\u00e9hicules blind\u00e9s ont \u00e9t\u00e9 d\u00e9ploy\u00e9s dans les rues encombr\u00e9es des carcasses de v\u00e9hicules incendi\u00e9s et des d\u00e9bris des barrages dress\u00e9s la veille, au milieu des b\u00e2timents et magasins livr\u00e9s \u00e0 la vindicte des manifestants.<\/p>\n<p>Vingt-quatre heures apr\u00e8s les sc\u00e8nes de chaos observ\u00e9es dans Katmandou, la police a indiqu\u00e9 que trois de ses agents avaient \u00e9t\u00e9 tu\u00e9s.\u00a0Plus de 13 500 d\u00e9tenus ont \u00e9galement profit\u00e9 des violences qui ont enflamm\u00e9 le pays pour s\u2019\u00e9vader des prisons, a annonc\u00e9 \u00e0 l\u2019AFP un porte-parole de la police, Binod Ghimire.<\/p>\n<p>L\u2019\u00e9tat-major de l\u2019arm\u00e9e a une nouvelle fois averti mercredi qu\u2019il r\u00e9primerait sans h\u00e9siter \u00ab\u00a0manifestation, acte de vandalisme, pillage ou incendie et attaque visant les personnes et les biens\u00a0\u00bb. L\u2019arm\u00e9e a annonc\u00e9 avoir arr\u00eat\u00e9 27 personnes dans la capitale et saisi 23 armes \u00e0 feu.<\/p>\n<p>Ferm\u00e9 au trafic depuis mardi, l\u2019a\u00e9roport de Katmandou a rouvert ses portes aux passagers en fin d\u2019apr\u00e8s-midi, a constat\u00e9 un journaliste de l\u2019AFP. Selon l\u2019Autorit\u00e9 n\u00e9palaise de l\u2019aviation civile. D\u00e9collages et atterrissages devaient progressivement y reprendre \u00ab\u00a0dans la journ\u00e9e\u00a0\u00bb.<\/p>\n<p><strong><em>Avec AFP<\/em><\/strong><\/p>\n<\/div>\n","protected":false},"excerpt":{"rendered":"<p>Apr\u00e8s deux jours d\u2019\u00e9meutes et la d\u00e9mission du Premier ministre au N\u00e9pal, l\u2019arm\u00e9e a repris le contr\u00f4le de la capitale Katmandou mercredi. Le chef d\u2019\u00e9tat-major a entam\u00e9 des entretiens avec diverses personnalit\u00e9s, dont des repr\u00e9sentants des manifestants, pour discuter de l\u2019avenir politique du pays. Au\u00a0N\u00e9pal, l\u2019arm\u00e9e a repris mercredi 10 septembre le contr\u00f4le de la [&hellip;]<\/p>\n","protected":false},"author":2,"featured_media":35933,"comment_status":"closed","ping_status":"closed","sticky":false,"template":"","format":"standard","meta":{"footnotes":""},"categories":[57],"tags":[],"class_list":{"0":"post-35932","1":"post","2":"type-post","3":"status-publish","4":"format-standard","5":"has-post-thumbnail","7":"category-politique"},"_links":{"self":[{"href":"https:\/\/conakrynews.org\/index.php\/wp-json\/wp\/v2\/posts\/35932","targetHints":{"allow":["GET"]}}],"collection":[{"href":"https:\/\/conakrynews.org\/index.php\/wp-json\/wp\/v2\/posts"}],"about":[{"href":"https:\/\/conakrynews.org\/index.php\/wp-json\/wp\/v2\/types\/post"}],"author":[{"embeddable":true,"href":"https:\/\/conakrynews.org\/index.php\/wp-json\/wp\/v2\/users\/2"}],"replies":[{"embeddable":true,"href":"https:\/\/conakrynews.org\/index.php\/wp-json\/wp\/v2\/comments?post=35932"}],"version-history":[{"count":0,"href":"https:\/\/conakrynews.org\/index.php\/wp-json\/wp\/v2\/posts\/35932\/revisions"}],"wp:featuredmedia":[{"embeddable":true,"href":"https:\/\/conakrynews.org\/index.php\/wp-json\/wp\/v2\/media\/35933"}],"wp:attachment":[{"href":"https:\/\/conakrynews.org\/index.php\/wp-json\/wp\/v2\/media?parent=35932"}],"wp:term":[{"taxonomy":"category","embeddable":true,"href":"https:\/\/conakrynews.org\/index.php\/wp-json\/wp\/v2\/categories?post=35932"},{"taxonomy":"post_tag","embeddable":true,"href":"https:\/\/conakrynews.org\/index.php\/wp-json\/wp\/v2\/tags?post=35932"}],"curies":[{"name":"wp","href":"https:\/\/api.w.org\/{rel}","templated":true}]}}