{"id":35944,"date":"2025-09-12T12:41:02","date_gmt":"2025-09-12T12:41:02","guid":{"rendered":"https:\/\/conakrynews.org\/?p=35944"},"modified":"2025-09-12T12:41:02","modified_gmt":"2025-09-12T12:41:02","slug":"lex-president-bresilien-jair-bolsonaro-condamne-a-27-ans-de-prison-pour-tentative-de-coup-detat","status":"publish","type":"post","link":"https:\/\/conakrynews.org\/index.php\/lex-president-bresilien-jair-bolsonaro-condamne-a-27-ans-de-prison-pour-tentative-de-coup-detat\/","title":{"rendered":"L\u2019ex-pr\u00e9sident br\u00e9silien Jair Bolsonaro condamn\u00e9 \u00e0 27 ans de prison pour tentative de coup d\u2019\u00c9tat"},"content":{"rendered":"<h1 class=\"name post-title entry-title\"><\/h1>\n<p class=\"post-meta\">\n<div class=\"clear\"><\/div>\n<div class=\"entry\">\n<p>L\u2019ex-pr\u00e9sident br\u00e9silien Jair Bolsonaro a \u00e9t\u00e9 condamn\u00e9 jeudi \u00e0 27 ans et trois mois de prison pour tentative de coup d\u2019\u00c9tat, lors d\u2019un proc\u00e8s historique devant la Cour supr\u00eame. La peine a \u00e9t\u00e9 d\u00e9cid\u00e9e apr\u00e8s qu\u2019il a \u00e9t\u00e9 d\u00e9clar\u00e9 coupable d\u2019avoir conspir\u00e9 pour assurer son \u00ab\u00a0maintien autoritaire au pouvoir\u00a0\u00bb en 2022.<\/p>\n<p>La d\u00e9fense compte d\u00e9poser des recours, \u00ab\u00a0y compris au niveau international\u00a0\u00bb, alors que Washington promet d\u00e9j\u00e0 des repr\u00e9sailles.<br \/>\n\u00c0 l\u2019instar du proc\u00e8s, le verdict est historique : l\u2019ex-pr\u00e9sident br\u00e9silien d\u2019extr\u00eame droite\u00a0<a class=\"gtm-add-suggested-tag\" href=\"https:\/\/www.france24.com\/fr\/tag\/jair-bolsonaro\/\" target=\"_self\" rel=\"noopener noreferrer\">Jair Bolsonaro<\/a>\u00a0a \u00e9t\u00e9 condamn\u00e9, jeudi 11 septembre, \u00e0 27 ans\u00a0et trois mois\u00a0de prison \u00e0 l\u2019issue de son proc\u00e8s pour tentative de coup d\u2019\u00c9tat, pour avoir voulu emp\u00eacher le retour au pouvoir du pr\u00e9sident actuel de gauche Luiz Inacio Lula da Silva.<\/p>\n<p>Par quatre voix contre une, la Cour supr\u00eame a d\u00e9clar\u00e9 coupable l\u2019ex-pr\u00e9sident br\u00e9silien (2019-2022), 70 ans, le condamnant \u00e0 27 ans et trois mois de prison.<\/p>\n<p>Il a \u00e9t\u00e9 reconnu chef d\u2019une \u00ab\u00a0organisation criminelle\u00a0\u00bb ayant conspir\u00e9 pour assurer son \u00ab\u00a0maintien autoritaire au pouvoir\u00a0\u00bb apr\u00e8s sa d\u00e9faite face au pr\u00e9sident de gauche actuel,\u00a0<a href=\"https:\/\/www.france24.com\/fr\/vid%C3%A9o\/20250716-la-popularit%C3%A9-de-lula-boost%C3%A9e-par-les-menaces-de-donald-trump\" target=\"_self\" rel=\"noopener noreferrer\">Luiz Inacio Lula da Silva<\/a>, lors de l\u2019\u00e9lection de 2022.<\/p>\n<p>La d\u00e9fense de Jair Bolsonaro a annonc\u00e9 quelques heures plus tard qu\u2019elle allait d\u00e9poser des recours. \u00ab\u00a0La d\u00e9fense consid\u00e8re que les peines prononc\u00e9es sont incroyablement excessives et disproportionn\u00e9es et, apr\u00e8s avoir analys\u00e9 les termes de l\u2019arr\u00eat, elle d\u00e9posera les recours appropri\u00e9s, y compris au niveau international\u00a0\u00bb, selon un communiqu\u00e9 publi\u00e9 sur le r\u00e9seau social X par Fabio Wajngarten, collaborateur de l\u2019ancien chef d\u2019\u00c9tat.<\/p>\n<div class=\"o-ad-container o-ad-container--inread o-ad-container--with-shimmer\" data-tms-ad-status=\"idle\" data-tms-ad-container=\"\">\n<div class=\"o-ad-container__content o-ad-container__content--report-enabled\">\n<div class=\"m-inread-ad\" data-tms-ad-type=\"inread\" data-tms-ad-status=\"resized\" data-tms-ad-owner=\"fmm\" data-tms-ad-pos=\"1\" data-tms-ad-provider=\"gam\" data-tms-ad-inread-provider=\"teads\">\n<div id=\"tms-block-9909647354429081\" class=\"m-inread-ad__content\">\n<div class=\"teads\"><\/div>\n<\/div>\n<\/div>\n<\/div>\n<\/div>\n<p>\u00ab\u00a0Ils appellent cela un proc\u00e8s alors que tout le monde connaissait le r\u00e9sultat avant m\u00eame que cela commence\u00a0\u00bb, a r\u00e9agi sur le r\u00e9seau social X Flavio Bolsonaro. Le fils a\u00een\u00e9 de l\u2019ex-pr\u00e9sident a fustig\u00e9 une \u00ab\u00a0supr\u00eame pers\u00e9cution\u00a0\u00bb, \u00e0 un peu plus d\u2019un an de la pr\u00e9sidentielle de 2026.<\/p>\n<p>In\u00e9ligible jusqu\u2019en 2030 et assign\u00e9 \u00e0 r\u00e9sidence \u00e0 Brasilia depuis d\u00e9but ao\u00fbt pour des soup\u00e7ons d\u2019entrave \u00e0 son proc\u00e8s,\u00a0<a href=\"https:\/\/www.france24.com\/fr\/am%C3%A9riques\/20250902-au-br%C3%A9sil-derni%C3%A8re-ligne-droite-pour-le-proc%C3%A8s-de-l-ancien-pr%C3%A9sident-jair-bolsonaro\" target=\"_self\" rel=\"noopener noreferrer\">Jair Bolsonaro n\u2019est pas pr\u00e9sent aux audiences<\/a>, pour motif de sant\u00e9 selon sa d\u00e9fense.<\/p>\n<h2>Promesse de repr\u00e9sailles am\u00e9ricaines<\/h2>\n<p>Donald Trump a qualifi\u00e9 de \u00ab\u00a0tr\u00e8s surprenante\u00a0\u00bb la condamnation de Jair Bolsonaro. \u00ab\u00a0\u00c7a ressemble vraiment \u00e0 ce qu\u2019ils ont essay\u00e9 de faire avec moi\u00a0\u00bb, a accus\u00e9 le pr\u00e9sident am\u00e9ricain lors d\u2019un \u00e9change avec la presse, en r\u00e9f\u00e9rence \u00e0 ses propres d\u00e9boires judiciaires pass\u00e9s. \u00ab\u00a0Je l\u2019ai connu comme pr\u00e9sident du Br\u00e9sil. C\u2019\u00e9tait un homme bien\u00a0\u00bb, a ajout\u00e9 Donald Trump.<\/p>\n<p>Le chef de la diplomatie am\u00e9ricaine Marco Rubio a assur\u00e9 que les \u00c9tats-Unis allaient \u00ab\u00a0r\u00e9pondre en cons\u00e9quence\u00a0\u00bb \u00e0 cette condamnation, d\u00e9non\u00e7ant une \u00ab\u00a0chasse aux sorci\u00e8res\u00a0\u00bb. \u00ab\u00a0Les pers\u00e9cutions politiques men\u00e9es par (le juge) Alexandre de Moraes, sanctionn\u00e9 (aux \u00c9tats-Unis) pour ses violations des droits humains, se poursuivent, lui et d\u2019autres membres de la Cour supr\u00eame du Br\u00e9sil ayant injustement d\u00e9cid\u00e9 d\u2019emprisonner l\u2019ancien pr\u00e9sident Jair Bolsonaro\u00a0\u00bb, a dit le secr\u00e9taire d\u2019\u00c9tat am\u00e9ricain sur X.<\/p>\n<p>Le Br\u00e9sil ne se laissera pas \u00ab\u00a0intimider\u00a0\u00bb par les \u00ab\u00a0menaces\u00a0\u00bb des \u00c9tats-Unis, a r\u00e9pondu la diplomatie br\u00e9silienne sur X, promettant que les autorit\u00e9s d\u00e9fendraient \u00ab\u00a0la souverainet\u00e9 du pays face aux agressions et tentatives d\u2019ing\u00e9rence\u00a0\u00bb.<\/p>\n<p>L\u2019affaire Bolsonaro est aussi \u00e0 l\u2019origine d\u2019une crise sans pr\u00e9c\u00e9dent entre la premi\u00e8re puissance d\u2019Am\u00e9rique latine et les \u00c9tats-Unis. D\u00e9non\u00e7ant une \u00ab\u00a0chasse aux sorci\u00e8res\u00a0\u00bb contre son alli\u00e9 d\u2019extr\u00eame droite, le pr\u00e9sident am\u00e9ricain Donald Trump a impos\u00e9 une surtaxe punitive de 50 % sur une part importante des exportations br\u00e9siliennes.<\/p>\n<p>Washington a \u00e9galement annul\u00e9 les visas de plusieurs juges de la Cour supr\u00eame br\u00e9silienne et inflig\u00e9 des sanctions financi\u00e8res \u00e0 l\u2019un d\u2019entre eux, Alexandre de Moraes, rapporteur du proc\u00e8s Bolsonaro.<\/p>\n<p><strong>Avec AFP<\/strong><\/p>\n<\/div>\n","protected":false},"excerpt":{"rendered":"<p>L\u2019ex-pr\u00e9sident br\u00e9silien Jair Bolsonaro a \u00e9t\u00e9 condamn\u00e9 jeudi \u00e0 27 ans et trois mois de prison pour tentative de coup d\u2019\u00c9tat, lors d\u2019un proc\u00e8s historique devant la Cour supr\u00eame. La peine a \u00e9t\u00e9 d\u00e9cid\u00e9e apr\u00e8s qu\u2019il a \u00e9t\u00e9 d\u00e9clar\u00e9 coupable d\u2019avoir conspir\u00e9 pour assurer son \u00ab\u00a0maintien autoritaire au pouvoir\u00a0\u00bb en 2022. La d\u00e9fense compte d\u00e9poser [&hellip;]<\/p>\n","protected":false},"author":2,"featured_media":35945,"comment_status":"closed","ping_status":"closed","sticky":false,"template":"","format":"standard","meta":{"footnotes":""},"categories":[58],"tags":[],"class_list":{"0":"post-35944","1":"post","2":"type-post","3":"status-publish","4":"format-standard","5":"has-post-thumbnail","7":"category-societe"},"_links":{"self":[{"href":"https:\/\/conakrynews.org\/index.php\/wp-json\/wp\/v2\/posts\/35944","targetHints":{"allow":["GET"]}}],"collection":[{"href":"https:\/\/conakrynews.org\/index.php\/wp-json\/wp\/v2\/posts"}],"about":[{"href":"https:\/\/conakrynews.org\/index.php\/wp-json\/wp\/v2\/types\/post"}],"author":[{"embeddable":true,"href":"https:\/\/conakrynews.org\/index.php\/wp-json\/wp\/v2\/users\/2"}],"replies":[{"embeddable":true,"href":"https:\/\/conakrynews.org\/index.php\/wp-json\/wp\/v2\/comments?post=35944"}],"version-history":[{"count":0,"href":"https:\/\/conakrynews.org\/index.php\/wp-json\/wp\/v2\/posts\/35944\/revisions"}],"wp:featuredmedia":[{"embeddable":true,"href":"https:\/\/conakrynews.org\/index.php\/wp-json\/wp\/v2\/media\/35945"}],"wp:attachment":[{"href":"https:\/\/conakrynews.org\/index.php\/wp-json\/wp\/v2\/media?parent=35944"}],"wp:term":[{"taxonomy":"category","embeddable":true,"href":"https:\/\/conakrynews.org\/index.php\/wp-json\/wp\/v2\/categories?post=35944"},{"taxonomy":"post_tag","embeddable":true,"href":"https:\/\/conakrynews.org\/index.php\/wp-json\/wp\/v2\/tags?post=35944"}],"curies":[{"name":"wp","href":"https:\/\/api.w.org\/{rel}","templated":true}]}}