{"id":36010,"date":"2025-09-15T19:25:24","date_gmt":"2025-09-15T19:25:24","guid":{"rendered":"https:\/\/conakrynews.org\/?p=36010"},"modified":"2025-09-15T19:29:36","modified_gmt":"2025-09-15T19:29:36","slug":"un-vent-nouveau-sur-la-cooperation-guinee-pologne-leconomie-au-coeur-des-echanges","status":"publish","type":"post","link":"https:\/\/conakrynews.org\/index.php\/un-vent-nouveau-sur-la-cooperation-guinee-pologne-leconomie-au-coeur-des-echanges\/","title":{"rendered":"Un vent nouveau sur la coop\u00e9ration Guin\u00e9e-Pologne : l\u2019\u00e9conomie au c\u0153ur des \u00e9changes"},"content":{"rendered":"<div class=\"td-pb-row\">\n<div class=\"td-pb-span12\">\n<div class=\"td-post-header\">\n<header class=\"td-post-title\">\n<h1 class=\"entry-title\"><span style=\"color: #222222;font-family: Verdana, Geneva, sans-serif;font-size: 15px\">Le caract\u00e8re op\u00e9rationnel de cette coop\u00e9ration est clairement mis en \u00e9vidence : des entreprises polonaises sont d\u00e9j\u00e0 \u00e0 Conakry pour discuter de projets concrets avec leurs homologues guin\u00e9ens des secteurs de l\u2019\u00e9nergie et de l\u2019agriculture. Ces initiatives devraient d\u00e9marrer rapidement, au b\u00e9n\u00e9fice des deux nations.<\/span><\/h1>\n<\/header>\n<\/div>\n<\/div>\n<\/div>\n<div class=\"td-pb-row\">\n<div class=\"td-pb-span8 td-main-content\" role=\"main\">\n<div class=\"td-ss-main-content\">\n<div class=\"td-post-content tagdiv-type\">\n<div dir=\"auto\">Comme l\u2019a soulign\u00e9 le ministre Nab\u00e9, \u00ab\u00a0la Guin\u00e9e est un pays qui tient \u00e0 la refondation, et la coop\u00e9ration avec la Pologne, un pays ami qui a accueilli nombre de nos parents il y a plus de 50 ans, est un retour aux sources\u00a0\u00bb.<\/div>\n<div dir=\"auto\">Cette rencontre ne symbolise pas seulement un avenir partag\u00e9, mais aussi une prosp\u00e9rit\u00e9 partag\u00e9e entre la Guin\u00e9e et la Pologne.<\/div>\n<div dir=\"auto\"><\/div>\n<div dir=\"auto\">Il est \u00e0 rappeler que la rencontre s\u2019est tenue lundi, 15 septembre 2025 au d\u00e9partement du Plan et de la Coop\u00e9ration Internationale en pr\u00e9sence des cadres des deux parties.<\/div>\n<\/div>\n<div dir=\"auto\">Source:actu7.com<\/div>\n<\/div>\n<\/div>\n<\/div>\n","protected":false},"excerpt":{"rendered":"<p>Le caract\u00e8re op\u00e9rationnel de cette coop\u00e9ration est clairement mis en \u00e9vidence : des entreprises polonaises sont d\u00e9j\u00e0 \u00e0 Conakry pour discuter de projets concrets avec leurs homologues guin\u00e9ens des secteurs de l\u2019\u00e9nergie et de l\u2019agriculture. Ces initiatives devraient d\u00e9marrer rapidement, au b\u00e9n\u00e9fice des deux nations. Comme l\u2019a soulign\u00e9 le ministre Nab\u00e9, \u00ab\u00a0la Guin\u00e9e est un [&hellip;]<\/p>\n","protected":false},"author":2,"featured_media":36019,"comment_status":"closed","ping_status":"closed","sticky":false,"template":"","format":"standard","meta":{"footnotes":""},"categories":[66],"tags":[],"class_list":{"0":"post-36010","1":"post","2":"type-post","3":"status-publish","4":"format-standard","5":"has-post-thumbnail","7":"category-economie"},"_links":{"self":[{"href":"https:\/\/conakrynews.org\/index.php\/wp-json\/wp\/v2\/posts\/36010","targetHints":{"allow":["GET"]}}],"collection":[{"href":"https:\/\/conakrynews.org\/index.php\/wp-json\/wp\/v2\/posts"}],"about":[{"href":"https:\/\/conakrynews.org\/index.php\/wp-json\/wp\/v2\/types\/post"}],"author":[{"embeddable":true,"href":"https:\/\/conakrynews.org\/index.php\/wp-json\/wp\/v2\/users\/2"}],"replies":[{"embeddable":true,"href":"https:\/\/conakrynews.org\/index.php\/wp-json\/wp\/v2\/comments?post=36010"}],"version-history":[{"count":0,"href":"https:\/\/conakrynews.org\/index.php\/wp-json\/wp\/v2\/posts\/36010\/revisions"}],"wp:featuredmedia":[{"embeddable":true,"href":"https:\/\/conakrynews.org\/index.php\/wp-json\/wp\/v2\/media\/36019"}],"wp:attachment":[{"href":"https:\/\/conakrynews.org\/index.php\/wp-json\/wp\/v2\/media?parent=36010"}],"wp:term":[{"taxonomy":"category","embeddable":true,"href":"https:\/\/conakrynews.org\/index.php\/wp-json\/wp\/v2\/categories?post=36010"},{"taxonomy":"post_tag","embeddable":true,"href":"https:\/\/conakrynews.org\/index.php\/wp-json\/wp\/v2\/tags?post=36010"}],"curies":[{"name":"wp","href":"https:\/\/api.w.org\/{rel}","templated":true}]}}