{"id":36023,"date":"2025-09-16T07:05:02","date_gmt":"2025-09-16T07:05:02","guid":{"rendered":"https:\/\/conakrynews.org\/?p=36023"},"modified":"2025-09-16T07:12:46","modified_gmt":"2025-09-16T07:12:46","slug":"est-de-la-rdc-lafc-m23-exhibe-un-nouveau-contingent-de-7-000-hommes-malgre-les-negociations-en-cours-a-doha","status":"publish","type":"post","link":"https:\/\/conakrynews.org\/index.php\/est-de-la-rdc-lafc-m23-exhibe-un-nouveau-contingent-de-7-000-hommes-malgre-les-negociations-en-cours-a-doha\/","title":{"rendered":"Est de la RDC: l&rsquo;AFC\/M23 exhibe un nouveau contingent de 7 000 hommes malgr\u00e9 les n\u00e9gociations en cours \u00e0 Doha"},"content":{"rendered":"<h1 class=\"t-content__title a-page-title\"><\/h1>\n<p class=\"t-content__chapo\">Dans l&rsquo;est de la RDC, l\u2019AFC\/M23 a exhib\u00e9 ce 14 septembre un nouveau contingent de plus de 7\u00a0000 hommes, lors d\u2019une c\u00e9r\u00e9monie organis\u00e9e dans son centre de formation de Rumangabo, dans le Rutshuru, au nord de Goma. S\u2019adressant aux troupes, le coordonnateur du mouvement, Corneille Nangaa, a tenu un discours belliqueux et conqu\u00e9rant, en d\u00e9pit des pourparlers qui ont timidement avanc\u00e9 ce week-end \u00e0 Doha.<\/p>\n<div class=\"t-content__dates t-content__dates--reading-time\">\n<p class=\"m-pub-dates\">\n<\/div>\n<div class=\"t-content__main-media\">\n<figure class=\"m-item-image m-item-image--16x9 m-item-image--has-caption\"><img loading=\"lazy\" decoding=\"async\" class=\"a-img \" src=\"https:\/\/s.rfi.fr\/media\/display\/aa6f3750-2495-11ee-9ec3-005056a90321\/w:1024\/p:16x9\/AP729842369457.jpg\" alt=\"Un d\u00e9tachement de rebelles du M23 pr\u00e8s de Goma \u00e0 l'est de la RDC (Photo d'illustration).\" width=\"1024\" height=\"576\" \/><figcaption class=\"a-figcaption\">Un d\u00e9tachement de rebelles du M23 pr\u00e8s de Goma \u00e0 l&rsquo;est de la RDC.<\/figcaption><div class=\"m-item-image__overlay-wrapper\"><\/div>\n<\/figure>\n<\/div>\n<div class=\"t-content__authors\">\n<div class=\"m-authors\">\n<div class=\"m-from-author\"><\/div>\n<\/div>\n<\/div>\n<div class=\"t-content__body u-clearfix\" data-empty-p=\"false\">\n<div class=\"m-interstitial\">\n<div class=\"m-interstitial__ad\" data-readmore-target=\"\">\n<div class=\"m-block-ad \" data-tms-ad-type=\"box\" data-tms-ad-status=\"resized\" data-tms-ad-pos=\"1\" data-tms-ad-provider=\"gam\" data-tms-ad-owner=\"fmm\">\n<div class=\"m-block-ad__label m-block-ad__label--report-enabled\"><\/div>\n<div id=\"tms-block-5127094754613832\" class=\"m-block-ad__content\" data-google-query-id=\"CP2ou6ra3I8DFUlCpAQdePc3Qw\">\n<div id=\"google_ads_iframe_\/33480810\/web\/rfi\/fr\/article\/pave1_0__container__\"><\/div>\n<\/div>\n<\/div>\n<\/div>\n<\/div>\n<p>Selon l\u2019<a href=\"https:\/\/www.rfi.fr\/fr\/tag\/m23\/\" target=\"_self\"><strong>AFC\/M23<\/strong><\/a>, parmi ces 7\u00a0000 hommes, une majorit\u00e9 seraient d\u2019anciens membres des FARDC, l\u2019arm\u00e9e congolaise, qui s\u2019\u00e9taient rendus lors de la prise de Goma puis de Bukavu, dans l&rsquo;est de la\u00a0<a href=\"https:\/\/www.rfi.fr\/fr\/tag\/rdc\/\" target=\"_self\"><strong>RDC<\/strong><\/a>, mais aussi d\u2019anciens Wazalendos et de nouvelles recrues.<\/p>\n<p>La vid\u00e9o de la c\u00e9r\u00e9monie de cl\u00f4ture de leur formation, abondamment relay\u00e9e sur les r\u00e9seaux sociaux, montre Corneille Nangaa, le coordonnateur du mouvement, exhortant ses troupes \u00e0\u00a0<a href=\"https:\/\/www.rfi.fr\/fr\/afrique\/20250901-rdc-face-%C3%A0-des-n%C3%A9gociations-qui-pi%C3%A9tinent-les-combats-se-durcissent-entre-kinshasa-et-l-afc-m23\" target=\"_self\"><strong>poursuivre \u00ab\u00a0<em>la lib\u00e9ration<\/em>\u00a0\u00bb du Congo<\/strong><\/a>\u00a0jusqu\u2019\u00e0 Kinshasa. Il les appelle \u00e9galement \u00e0 \u00ab\u00a0<em>ma\u00eetriser les maux qui rongent la RDC<\/em>\u00a0\u00bb et promet qu\u2019ils seront bient\u00f4t rejoints par \u00ab\u00a0<em>12\u00a0000<\/em>\u00a0\u00bb autres combattants en formation. Un chiffre qu\u2019aucune source ind\u00e9pendante ne peut confirmer.<\/p>\n<div class=\"tms-ad m-inread-ad\" data-tms-ad-type=\"inread\" data-tms-ad-provider=\"gam\" data-tms-ad-owner=\"fmm\" data-tms-ad-pos=\"1\" data-tms-ad-status=\"resized\" data-tms-ad-inread-provider=\"invibes\">\n<div id=\"tms-block-08446617373519272\" class=\"m-inread-ad__content\" data-google-query-id=\"CP6ou6ra3I8DFUlCpAQdePc3Qw\">\n<div class=\"invibes\">\n<div id=\"divIvbsInfeed\" class=\"divVideoStep\">\n<div><\/div>\n<\/div>\n<\/div>\n<div id=\"google_ads_iframe_\/33480810\/web\/rfi\/fr\/article\/inread_0__container__\"><\/div>\n<\/div>\n<div class=\"m-inread-ad__report m-inread-ad__report--report-enabled\"><\/div>\n<\/div>\n<h2>Des propos guerriers habituels<\/h2>\n<p>Si Corneille Nangaa est coutumier de ce type de propos belliqueux, la mise en sc\u00e8ne, dans le contexte actuel, se veut une d\u00e9monstration de force, malgr\u00e9 les pourparlers qui ont connu une timide avanc\u00e9e ce week-end \u00e0 Doha, au Qatar, sur la question des prisonniers.<\/p>\n<p>S&rsquo;agissant de Kinshasa, des sources font \u00e9galement \u00e9tat d\u2019un d\u00e9ploiement accru sur le terrain, notamment autour d\u2019Uvira, o\u00f9 l\u2019arriv\u00e9e de troupes et de mat\u00e9riel suppl\u00e9mentaires est signal\u00e9e, tant du c\u00f4t\u00e9 des FARDC que depuis le Burundi.<\/p>\n<p>RFI<\/p>\n<\/div>\n","protected":false},"excerpt":{"rendered":"<p>Dans l&rsquo;est de la RDC, l\u2019AFC\/M23 a exhib\u00e9 ce 14 septembre un nouveau contingent de plus de 7\u00a0000 hommes, lors d\u2019une c\u00e9r\u00e9monie organis\u00e9e dans son centre de formation de Rumangabo, dans le Rutshuru, au nord de Goma. S\u2019adressant aux troupes, le coordonnateur du mouvement, Corneille Nangaa, a tenu un discours belliqueux et conqu\u00e9rant, en d\u00e9pit [&hellip;]<\/p>\n","protected":false},"author":2,"featured_media":36027,"comment_status":"closed","ping_status":"closed","sticky":false,"template":"","format":"standard","meta":{"footnotes":""},"categories":[58],"tags":[],"class_list":{"0":"post-36023","1":"post","2":"type-post","3":"status-publish","4":"format-standard","5":"has-post-thumbnail","7":"category-societe"},"_links":{"self":[{"href":"https:\/\/conakrynews.org\/index.php\/wp-json\/wp\/v2\/posts\/36023","targetHints":{"allow":["GET"]}}],"collection":[{"href":"https:\/\/conakrynews.org\/index.php\/wp-json\/wp\/v2\/posts"}],"about":[{"href":"https:\/\/conakrynews.org\/index.php\/wp-json\/wp\/v2\/types\/post"}],"author":[{"embeddable":true,"href":"https:\/\/conakrynews.org\/index.php\/wp-json\/wp\/v2\/users\/2"}],"replies":[{"embeddable":true,"href":"https:\/\/conakrynews.org\/index.php\/wp-json\/wp\/v2\/comments?post=36023"}],"version-history":[{"count":0,"href":"https:\/\/conakrynews.org\/index.php\/wp-json\/wp\/v2\/posts\/36023\/revisions"}],"wp:featuredmedia":[{"embeddable":true,"href":"https:\/\/conakrynews.org\/index.php\/wp-json\/wp\/v2\/media\/36027"}],"wp:attachment":[{"href":"https:\/\/conakrynews.org\/index.php\/wp-json\/wp\/v2\/media?parent=36023"}],"wp:term":[{"taxonomy":"category","embeddable":true,"href":"https:\/\/conakrynews.org\/index.php\/wp-json\/wp\/v2\/categories?post=36023"},{"taxonomy":"post_tag","embeddable":true,"href":"https:\/\/conakrynews.org\/index.php\/wp-json\/wp\/v2\/tags?post=36023"}],"curies":[{"name":"wp","href":"https:\/\/api.w.org\/{rel}","templated":true}]}}