{"id":36070,"date":"2025-09-18T00:09:04","date_gmt":"2025-09-18T00:09:04","guid":{"rendered":"https:\/\/conakrynews.org\/?p=36070"},"modified":"2025-09-18T00:09:04","modified_gmt":"2025-09-18T00:09:04","slug":"guinee-amadou-oury-bah-assure-que-le-referendum-verra-un-oui-massif-lemporter","status":"publish","type":"post","link":"https:\/\/conakrynews.org\/index.php\/guinee-amadou-oury-bah-assure-que-le-referendum-verra-un-oui-massif-lemporter\/","title":{"rendered":"Guin\u00e9e : Amadou Oury Bah assure que le r\u00e9f\u00e9rendum verra un \u00ab\u00a0oui massif\u00a0\u00bb l\u2019emporter"},"content":{"rendered":"<div><\/div>\n<div class=\"clear\">Le Premier ministre guin\u00e9en Amadou Oury Bah s\u2019est exprim\u00e9 sur France 24 avant un r\u00e9f\u00e9rendum crucial pour la junte au pouvoir depuis quatre ans, organis\u00e9 dimanche 21 septembre. Il assure que \u00ab le oui sera massif \u00bb, mais recherche \u00e9galement une \u00ab participation large \u00bb afin de donner \u00ab une l\u00e9gitimit\u00e9 certaine \u00bb au scrutin. Il fustige une opposition \u00ab irresponsable \u00bb qui appelle au boycott au motif que le projet de r\u00e9forme permettrait au chef de la junte de se pr\u00e9senter aux \u00e9lections pr\u00e9sidentielles.<\/div>\n<div class=\"entry\">\n<div class=\"t-content__authors\">\n<div class=\"m-from-author\"><\/div>\n<\/div>\n<\/div>\n<div class=\"share-post\">\n<p>&nbsp;<\/p>\n<\/div>\n","protected":false},"excerpt":{"rendered":"<p>Le Premier ministre guin\u00e9en Amadou Oury Bah s\u2019est exprim\u00e9 sur France 24 avant un r\u00e9f\u00e9rendum crucial pour la junte au pouvoir depuis quatre ans, organis\u00e9 dimanche 21 septembre. Il assure que \u00ab le oui sera massif \u00bb, mais recherche \u00e9galement une \u00ab participation large \u00bb afin de donner \u00ab une l\u00e9gitimit\u00e9 certaine \u00bb au scrutin. [&hellip;]<\/p>\n","protected":false},"author":2,"featured_media":36071,"comment_status":"closed","ping_status":"closed","sticky":false,"template":"","format":"standard","meta":{"footnotes":""},"categories":[57],"tags":[],"class_list":{"0":"post-36070","1":"post","2":"type-post","3":"status-publish","4":"format-standard","5":"has-post-thumbnail","7":"category-politique"},"_links":{"self":[{"href":"https:\/\/conakrynews.org\/index.php\/wp-json\/wp\/v2\/posts\/36070","targetHints":{"allow":["GET"]}}],"collection":[{"href":"https:\/\/conakrynews.org\/index.php\/wp-json\/wp\/v2\/posts"}],"about":[{"href":"https:\/\/conakrynews.org\/index.php\/wp-json\/wp\/v2\/types\/post"}],"author":[{"embeddable":true,"href":"https:\/\/conakrynews.org\/index.php\/wp-json\/wp\/v2\/users\/2"}],"replies":[{"embeddable":true,"href":"https:\/\/conakrynews.org\/index.php\/wp-json\/wp\/v2\/comments?post=36070"}],"version-history":[{"count":0,"href":"https:\/\/conakrynews.org\/index.php\/wp-json\/wp\/v2\/posts\/36070\/revisions"}],"wp:featuredmedia":[{"embeddable":true,"href":"https:\/\/conakrynews.org\/index.php\/wp-json\/wp\/v2\/media\/36071"}],"wp:attachment":[{"href":"https:\/\/conakrynews.org\/index.php\/wp-json\/wp\/v2\/media?parent=36070"}],"wp:term":[{"taxonomy":"category","embeddable":true,"href":"https:\/\/conakrynews.org\/index.php\/wp-json\/wp\/v2\/categories?post=36070"},{"taxonomy":"post_tag","embeddable":true,"href":"https:\/\/conakrynews.org\/index.php\/wp-json\/wp\/v2\/tags?post=36070"}],"curies":[{"name":"wp","href":"https:\/\/api.w.org\/{rel}","templated":true}]}}