{"id":36085,"date":"2025-09-18T12:18:47","date_gmt":"2025-09-18T12:18:47","guid":{"rendered":"https:\/\/conakrynews.org\/?p=36085"},"modified":"2025-09-18T12:18:47","modified_gmt":"2025-09-18T12:18:47","slug":"matam-les-autorites-communales-organisent-une-marche-grandiose-pour-la-cloture-de-la-campagne-referendaire","status":"publish","type":"post","link":"https:\/\/conakrynews.org\/index.php\/matam-les-autorites-communales-organisent-une-marche-grandiose-pour-la-cloture-de-la-campagne-referendaire\/","title":{"rendered":"Matam: les autorit\u00e9s communales organisent une marche grandiose pour la cl\u00f4ture de la campagne r\u00e9f\u00e9rendaire"},"content":{"rendered":"<h1 class=\"name post-title entry-title\"><\/h1>\n<div class=\"clear\">Dans le cadre de la cl\u00f4ture de la campagne \u00e9lectorale pour le r\u00e9f\u00e9rendum pr\u00e9vu le 21 septembre prochain, les autorit\u00e9s communales de Matam ont organis\u00e9 ce mercredi 17 septembre 2025 dans sa circonscription une marche grandiose pour exprimer leur adh\u00e9sion au OUI \u00e0 la nouvelle constitution.<\/div>\n<div class=\"entry\">\n<p>La cour de la mairie \u00e9tait le point de d\u00e9part en passant par le lyc\u00e9e de Matam, le carrefour Mandinque ,la corniche, et le carrefour Constantin avant de revenir sur le point de d\u00e9part.<\/p>\n<p>Cette en faveur du OUI a connu la pr\u00e9sence du Ministre de la culture Moussa Mo\u00efse Sylla, l\u2019ancien Ministre de l\u2019Enseignement Pr\u00e9-Universitaire, Inspecteur G\u00e9n\u00e9ral Adjoint de l\u2019\u00c9ducation Abdoul Karim Bangoura ,les autorit\u00e9s communales, les chefs des quartiers, les travailleurs locaux, les jeunes et les femmes .<\/p>\n<p>Dans sa communication, le Ministre Moussa Mo\u00efse Sylla, a f\u00e9licit\u00e9 les autorit\u00e9s communales pour la r\u00e9ussite de cette manifestation.<br \/>\n&lt;&lt;J\u2019aimerais f\u00e9licit\u00e9 le pr\u00e9sident de la d\u00e9l\u00e9gation sp\u00e9ciale, Monsieur Badra Kon\u00e9, qui a fait un monde de leadership en mettant les filles et les fils de Matam ensemble, main dans la main pour exprimer cette adh\u00e9sion massive au r\u00e9f\u00e9rendum qui se tiendra le 21 septembre 2025 et pour \u00e9galement avoir l\u2019assurance que la population de Matam votera massivement pour le Oui du 21 septembre 2025&gt;&gt;,a-t-il d\u00e9clar\u00e9.<\/p>\n<p>Pour sa part, le pr\u00e9sident de la d\u00e9l\u00e9gation sp\u00e9ciale de Matam Aly Badra Checkna Kon\u00e9, a rappel\u00e9 les diff\u00e9rents efforts qu\u2019ils ont fournis pendant cette campagne r\u00e9f\u00e9rendaire.<br \/>\n&lt;&lt;On a fait les 24 quartiers, les 103 secteurs. Aller voir les populations, les informer, faire en sorte qu\u2019ils prennent connaissance de cette proposition qui est faite par le CNT, de la nouvelle constitution. Et \u00e0 la fin, on a dit qu\u2019il fallait aussi organiser une manifestation pour voir si Matam est d\u2019accord avec ce qu\u2019on lui a propos\u00e9&gt;&gt;,a-t-il dit.<\/p>\n<p>Pour terminer, il a invit\u00e9 la population de Matam de prendre part au grand rassemblement du 18 septembre au palais du peuple de Conakry.<\/p>\n<p>\u00c0 rappeler que cette journ\u00e9e a \u00e9t\u00e9 cl\u00f4tur\u00e9e dans une ambiance festive avec un concert g\u00e9ant anim\u00e9 par plusieurs artistes en particulier la star guin\u00e9enne Azaya, qui a fait vibrer toute la foule et m\u00eame danser les ministres et invit\u00e9s pr\u00e9sents.<\/p>\n<p><strong>Source:GuineeQuotidien<\/strong><\/p>\n<\/div>\n","protected":false},"excerpt":{"rendered":"<p>Dans le cadre de la cl\u00f4ture de la campagne \u00e9lectorale pour le r\u00e9f\u00e9rendum pr\u00e9vu le 21 septembre prochain, les autorit\u00e9s communales de Matam ont organis\u00e9 ce mercredi 17 septembre 2025 dans sa circonscription une marche grandiose pour exprimer leur adh\u00e9sion au OUI \u00e0 la nouvelle constitution. La cour de la mairie \u00e9tait le point de [&hellip;]<\/p>\n","protected":false},"author":2,"featured_media":36086,"comment_status":"closed","ping_status":"closed","sticky":false,"template":"","format":"standard","meta":{"footnotes":""},"categories":[57],"tags":[],"class_list":{"0":"post-36085","1":"post","2":"type-post","3":"status-publish","4":"format-standard","5":"has-post-thumbnail","7":"category-politique"},"_links":{"self":[{"href":"https:\/\/conakrynews.org\/index.php\/wp-json\/wp\/v2\/posts\/36085","targetHints":{"allow":["GET"]}}],"collection":[{"href":"https:\/\/conakrynews.org\/index.php\/wp-json\/wp\/v2\/posts"}],"about":[{"href":"https:\/\/conakrynews.org\/index.php\/wp-json\/wp\/v2\/types\/post"}],"author":[{"embeddable":true,"href":"https:\/\/conakrynews.org\/index.php\/wp-json\/wp\/v2\/users\/2"}],"replies":[{"embeddable":true,"href":"https:\/\/conakrynews.org\/index.php\/wp-json\/wp\/v2\/comments?post=36085"}],"version-history":[{"count":0,"href":"https:\/\/conakrynews.org\/index.php\/wp-json\/wp\/v2\/posts\/36085\/revisions"}],"wp:featuredmedia":[{"embeddable":true,"href":"https:\/\/conakrynews.org\/index.php\/wp-json\/wp\/v2\/media\/36086"}],"wp:attachment":[{"href":"https:\/\/conakrynews.org\/index.php\/wp-json\/wp\/v2\/media?parent=36085"}],"wp:term":[{"taxonomy":"category","embeddable":true,"href":"https:\/\/conakrynews.org\/index.php\/wp-json\/wp\/v2\/categories?post=36085"},{"taxonomy":"post_tag","embeddable":true,"href":"https:\/\/conakrynews.org\/index.php\/wp-json\/wp\/v2\/tags?post=36085"}],"curies":[{"name":"wp","href":"https:\/\/api.w.org\/{rel}","templated":true}]}}