{"id":36172,"date":"2025-09-21T18:51:15","date_gmt":"2025-09-21T18:51:15","guid":{"rendered":"https:\/\/conakrynews.org\/?p=36172"},"modified":"2025-09-21T18:51:15","modified_gmt":"2025-09-21T18:51:15","slug":"referendum-constitutionnel-le-chef-de-letat-s-e-le-general-mamadi-doumbouya-sest-acquitte-de-son-devoir-civique","status":"publish","type":"post","link":"https:\/\/conakrynews.org\/index.php\/referendum-constitutionnel-le-chef-de-letat-s-e-le-general-mamadi-doumbouya-sest-acquitte-de-son-devoir-civique\/","title":{"rendered":"R\u00e9f\u00e9rendum constitutionnel : le Chef de l\u2019\u00c9tat S.E le G\u00e9n\u00e9ral Mamadi DOUMBOUYA s\u2019est acquitt\u00e9 de son devoir civique"},"content":{"rendered":"<div><\/div>\n<div class=\"clear\">Le Chef de l\u2019\u00c9tat, S.E le G\u00e9n\u00e9ral Mamadi DOUMBOUYA, s\u2019est acquitt\u00e9 de son devoir patriotique ce dimanche 21 septembre 2025 au Centre de sant\u00e9 de Boulbinet. Le premier magistrat du pays a vot\u00e9 en compagnie de son \u00e9pouse, Madame Laurianne DOUMBOUYA, qui a \u00e9galement vot\u00e9 dans le m\u00eame bureau de vote.<\/div>\n<div class=\"entry\">\n<p>Le Chef de l\u2019\u00c9tat avait \u00e0 ses c\u00f4t\u00e9s le Ministre Secr\u00e9taire G\u00e9n\u00e9ral de la Pr\u00e9sidence, le G\u00e9n\u00e9ral Amara CAMARA, et le Ministre Directeur de Cabinet de la Pr\u00e9sidence, Djiba DIAKIT\u00c9. Montrant ainsi la voie \u00e0 suivre pour l\u2019\u00e9veil institutionnel et d\u00e9mocratique de la Guin\u00e9e, \u00e0 travers le choix d\u2019une Constitution qui nous ressemble et qui nous rassemble.<\/p>\n<p>&nbsp;<\/p>\n<p>Ce r\u00e9f\u00e9rendum constitutionnel symbolise le d\u00e9but du retour \u00e0 l\u2019ordre constitutionnel et l\u2019ouverture d\u2019un nouveau chapitre d\u00e9mocratique en Guin\u00e9e.<\/p>\n<p>&nbsp;<\/p>\n<p>DCI-PRG<\/p>\n<\/div>\n","protected":false},"excerpt":{"rendered":"<p>Le Chef de l\u2019\u00c9tat, S.E le G\u00e9n\u00e9ral Mamadi DOUMBOUYA, s\u2019est acquitt\u00e9 de son devoir patriotique ce dimanche 21 septembre 2025 au Centre de sant\u00e9 de Boulbinet. Le premier magistrat du pays a vot\u00e9 en compagnie de son \u00e9pouse, Madame Laurianne DOUMBOUYA, qui a \u00e9galement vot\u00e9 dans le m\u00eame bureau de vote. Le Chef de l\u2019\u00c9tat [&hellip;]<\/p>\n","protected":false},"author":2,"featured_media":36174,"comment_status":"closed","ping_status":"closed","sticky":false,"template":"","format":"standard","meta":{"footnotes":""},"categories":[57],"tags":[],"class_list":{"0":"post-36172","1":"post","2":"type-post","3":"status-publish","4":"format-standard","5":"has-post-thumbnail","7":"category-politique"},"_links":{"self":[{"href":"https:\/\/conakrynews.org\/index.php\/wp-json\/wp\/v2\/posts\/36172","targetHints":{"allow":["GET"]}}],"collection":[{"href":"https:\/\/conakrynews.org\/index.php\/wp-json\/wp\/v2\/posts"}],"about":[{"href":"https:\/\/conakrynews.org\/index.php\/wp-json\/wp\/v2\/types\/post"}],"author":[{"embeddable":true,"href":"https:\/\/conakrynews.org\/index.php\/wp-json\/wp\/v2\/users\/2"}],"replies":[{"embeddable":true,"href":"https:\/\/conakrynews.org\/index.php\/wp-json\/wp\/v2\/comments?post=36172"}],"version-history":[{"count":0,"href":"https:\/\/conakrynews.org\/index.php\/wp-json\/wp\/v2\/posts\/36172\/revisions"}],"wp:featuredmedia":[{"embeddable":true,"href":"https:\/\/conakrynews.org\/index.php\/wp-json\/wp\/v2\/media\/36174"}],"wp:attachment":[{"href":"https:\/\/conakrynews.org\/index.php\/wp-json\/wp\/v2\/media?parent=36172"}],"wp:term":[{"taxonomy":"category","embeddable":true,"href":"https:\/\/conakrynews.org\/index.php\/wp-json\/wp\/v2\/categories?post=36172"},{"taxonomy":"post_tag","embeddable":true,"href":"https:\/\/conakrynews.org\/index.php\/wp-json\/wp\/v2\/tags?post=36172"}],"curies":[{"name":"wp","href":"https:\/\/api.w.org\/{rel}","templated":true}]}}