{"id":36181,"date":"2025-09-21T23:40:13","date_gmt":"2025-09-21T23:40:13","guid":{"rendered":"https:\/\/conakrynews.org\/?p=36181"},"modified":"2025-09-21T23:40:13","modified_gmt":"2025-09-21T23:40:13","slug":"referendum-constitutionnel-le-premier-ministre-amadou-oury-bah-sacquitte-de-son-devoir-civique-a-wariah-lambangny","status":"publish","type":"post","link":"https:\/\/conakrynews.org\/index.php\/referendum-constitutionnel-le-premier-ministre-amadou-oury-bah-sacquitte-de-son-devoir-civique-a-wariah-lambangny\/","title":{"rendered":"R\u00e9f\u00e9rendum Constitutionnel : Le Premier Ministre Amadou Oury BAH s\u2019acquitte de son devoir civique \u00e0 Wariah (Lambangny)"},"content":{"rendered":"<h1 class=\"name post-title entry-title\"><\/h1>\n<p class=\"post-meta\">\n<div class=\"clear\"><\/div>\n<div class=\"entry\">\n<p>Le Premier Ministre, Amadou Oury Bah, a vot\u00e9 ce dimanche au bureau n\u00b09 du Groupe Scolaire Joseph Benjamin Laurence, situ\u00e9 dans le quartier Wariah, secteur Fodebasy. \u00c0 l\u2019issue de son vote, il a salu\u00e9 l\u2019importance historique du r\u00e9f\u00e9rendum, qu\u2019il a compar\u00e9 \u00e0 ceux de 1958 et 1990. Selon lui, ce scrutin marque \u00ab le d\u00e9but d\u2019une nouvelle \u00e8re politique et institutionnelle pour la R\u00e9publique de Guin\u00e9e \u00bb.<\/p>\n<p>&nbsp;<\/p>\n<p>Confiant dans l\u2019adh\u00e9sion populaire, le Chef du Gouvernement a appel\u00e9 \u00e0 un vote massif en faveur du projet constitutionnel, qu\u2019il qualifie de \u00ab message de paix et de f\u00e9d\u00e9ralisme \u00bb. Il a soulign\u00e9 le caract\u00e8re apais\u00e9 de la campagne r\u00e9f\u00e9rendaire et un taux \u00e9lev\u00e9 de retrait des cartes d\u2019\u00e9lecteurs, estim\u00e9 entre 95 et 97 %.<\/p>\n<p>&nbsp;<\/p>\n<p>Interrog\u00e9 sur les critiques de l\u2019opposition, il a rappel\u00e9 que la d\u00e9mocratie implique la pluralit\u00e9 des opinions : \u00ab Il ne peut jamais y avoir d\u2019unanimit\u00e9. \u00bb Le Premier Ministre a conclu en se f\u00e9licitant de la maturit\u00e9 civique des Guin\u00e9ens, esp\u00e9rant que ce r\u00e9f\u00e9rendum marquera un tournant dans la mani\u00e8re de faire la politique dans le pays.<\/p>\n<p>&nbsp;<\/p>\n<p>Avec CCG<\/p>\n<\/div>\n","protected":false},"excerpt":{"rendered":"<p>Le Premier Ministre, Amadou Oury Bah, a vot\u00e9 ce dimanche au bureau n\u00b09 du Groupe Scolaire Joseph Benjamin Laurence, situ\u00e9 dans le quartier Wariah, secteur Fodebasy. \u00c0 l\u2019issue de son vote, il a salu\u00e9 l\u2019importance historique du r\u00e9f\u00e9rendum, qu\u2019il a compar\u00e9 \u00e0 ceux de 1958 et 1990. Selon lui, ce scrutin marque \u00ab le d\u00e9but [&hellip;]<\/p>\n","protected":false},"author":2,"featured_media":36182,"comment_status":"closed","ping_status":"closed","sticky":false,"template":"","format":"standard","meta":{"footnotes":""},"categories":[57],"tags":[],"class_list":{"0":"post-36181","1":"post","2":"type-post","3":"status-publish","4":"format-standard","5":"has-post-thumbnail","7":"category-politique"},"_links":{"self":[{"href":"https:\/\/conakrynews.org\/index.php\/wp-json\/wp\/v2\/posts\/36181","targetHints":{"allow":["GET"]}}],"collection":[{"href":"https:\/\/conakrynews.org\/index.php\/wp-json\/wp\/v2\/posts"}],"about":[{"href":"https:\/\/conakrynews.org\/index.php\/wp-json\/wp\/v2\/types\/post"}],"author":[{"embeddable":true,"href":"https:\/\/conakrynews.org\/index.php\/wp-json\/wp\/v2\/users\/2"}],"replies":[{"embeddable":true,"href":"https:\/\/conakrynews.org\/index.php\/wp-json\/wp\/v2\/comments?post=36181"}],"version-history":[{"count":0,"href":"https:\/\/conakrynews.org\/index.php\/wp-json\/wp\/v2\/posts\/36181\/revisions"}],"wp:featuredmedia":[{"embeddable":true,"href":"https:\/\/conakrynews.org\/index.php\/wp-json\/wp\/v2\/media\/36182"}],"wp:attachment":[{"href":"https:\/\/conakrynews.org\/index.php\/wp-json\/wp\/v2\/media?parent=36181"}],"wp:term":[{"taxonomy":"category","embeddable":true,"href":"https:\/\/conakrynews.org\/index.php\/wp-json\/wp\/v2\/categories?post=36181"},{"taxonomy":"post_tag","embeddable":true,"href":"https:\/\/conakrynews.org\/index.php\/wp-json\/wp\/v2\/tags?post=36181"}],"curies":[{"name":"wp","href":"https:\/\/api.w.org\/{rel}","templated":true}]}}