{"id":36248,"date":"2025-09-25T21:36:21","date_gmt":"2025-09-25T21:36:21","guid":{"rendered":"https:\/\/conakrynews.org\/?p=36248"},"modified":"2025-09-25T21:36:21","modified_gmt":"2025-09-25T21:36:21","slug":"ballon-dor-2025-joan-laporta-repond-au-pere-de-lamine-yamal","status":"publish","type":"post","link":"https:\/\/conakrynews.org\/index.php\/ballon-dor-2025-joan-laporta-repond-au-pere-de-lamine-yamal\/","title":{"rendered":"Ballon d\u2019Or 2025 : Joan Laporta r\u00e9pond au p\u00e8re de Lamine Yamal"},"content":{"rendered":"<p>&nbsp;<\/p>\n<div class=\"the_title\">\n<h1><\/h1>\n<\/div>\n<div class=\"cm-post-meta\">\n<p>&nbsp;<\/p>\n<\/div>\n<div class=\"post_thumb\"><\/div>\n<div class=\"the_content\">\n<div class=\"heroHeader \">\n<div class=\"heroHeader_titleContainer\">\n<h1 class=\"heroHeader__title\">Le sacre d\u2019Ousmane Demb\u00e9l\u00e9 a fait r\u00e9agir le clan\u00a0<a href=\"https:\/\/www.footmercato.net\/joueur\/lamine-yamal-nasraoui-ebana\/\">Lamine Yamal<\/a>.\u00a0<a href=\"https:\/\/www.footmercato.net\/a7120370453562595568-ballon-dor-2025-le-pere-de-lamine-yamal-est-completement-sous-le-choc\">Et plus particuli\u00e8rement le p\u00e8re de la star du Bar\u00e7a, Mounir Nasraoui<\/a>. \u00ab<em>Je pense que c\u2019est le plus grand pr\u00e9judice, je ne dirai pas vol, mais pr\u00e9judice moral caus\u00e9 \u00e0 un \u00eatre humain, car je crois que Lamine Yamal est de loin le meilleur joueur du monde, et de loin qui fait beaucoup de diff\u00e9rences. Non pas parce que c\u2019est mon fils, mais parce que c\u2019est le meilleur joueur du monde. Je pense qu\u2019il n\u2019y a pas de rival, Lamine Yamal est Lamine Yamal. Il faut dire qu\u2019il s\u2019est pass\u00e9 quelque chose de tr\u00e8s \u00e9trange ici. Salutations \u00e0 toute l\u2019Espagne, et l\u2019ann\u00e9e prochaine, ce sera le ballon espagnol<\/em>\u00bb.<\/h1>\n<\/div>\n<\/div>\n<div class=\"wysiwygContent\" data-live-id=\"articleContent.isLive\" data-live-value=\"17587327220\" data-live=\"0\" data-live-reload=\"1\">\n<p>Interrog\u00e9 sur la d\u00e9claration du p\u00e8re de son num\u00e9ro 10, le pr\u00e9sident blaugrana Joan Laporta a tent\u00e9 de calmer le jeu. \u00ab<em>Le p\u00e8re de Lamine est tr\u00e8s passionn\u00e9 et nous devons garder \u00e0 l\u2019esprit que son fils a 18 ans et que tout cela leur est arriv\u00e9 tr\u00e8s t\u00f4t et les d\u00e9passe un peu. Lamine triste ? Non, non, Lamine n\u2019est ni m\u00e9content ni d\u00e9prim\u00e9. Il aurait aim\u00e9 gagner, comme Raphinha ou Pedri, qui est le meilleur au monde \u00e0 son poste. Le probl\u00e8me, c\u2019est que Lamine cr\u00e9e cette attente\u2026 mais il supporte bien tout cela gr\u00e2ce \u00e0 la maturit\u00e9 qu\u2019il a \u00e0 18 ans<\/em>\u00bb, a-t-il d\u00e9clar\u00e9 au micro de la\u00a0<em>RAC1<\/em>.<\/p>\n<p><strong>Footmercato<\/strong><\/p>\n<\/div>\n<\/div>\n","protected":false},"excerpt":{"rendered":"<p>&nbsp; &nbsp; Le sacre d\u2019Ousmane Demb\u00e9l\u00e9 a fait r\u00e9agir le clan\u00a0Lamine Yamal.\u00a0Et plus particuli\u00e8rement le p\u00e8re de la star du Bar\u00e7a, Mounir Nasraoui. \u00abJe pense que c\u2019est le plus grand pr\u00e9judice, je ne dirai pas vol, mais pr\u00e9judice moral caus\u00e9 \u00e0 un \u00eatre humain, car je crois que Lamine Yamal est de loin le meilleur [&hellip;]<\/p>\n","protected":false},"author":2,"featured_media":36249,"comment_status":"closed","ping_status":"closed","sticky":false,"template":"","format":"standard","meta":{"footnotes":""},"categories":[64],"tags":[],"class_list":{"0":"post-36248","1":"post","2":"type-post","3":"status-publish","4":"format-standard","5":"has-post-thumbnail","7":"category-sport"},"_links":{"self":[{"href":"https:\/\/conakrynews.org\/index.php\/wp-json\/wp\/v2\/posts\/36248","targetHints":{"allow":["GET"]}}],"collection":[{"href":"https:\/\/conakrynews.org\/index.php\/wp-json\/wp\/v2\/posts"}],"about":[{"href":"https:\/\/conakrynews.org\/index.php\/wp-json\/wp\/v2\/types\/post"}],"author":[{"embeddable":true,"href":"https:\/\/conakrynews.org\/index.php\/wp-json\/wp\/v2\/users\/2"}],"replies":[{"embeddable":true,"href":"https:\/\/conakrynews.org\/index.php\/wp-json\/wp\/v2\/comments?post=36248"}],"version-history":[{"count":0,"href":"https:\/\/conakrynews.org\/index.php\/wp-json\/wp\/v2\/posts\/36248\/revisions"}],"wp:featuredmedia":[{"embeddable":true,"href":"https:\/\/conakrynews.org\/index.php\/wp-json\/wp\/v2\/media\/36249"}],"wp:attachment":[{"href":"https:\/\/conakrynews.org\/index.php\/wp-json\/wp\/v2\/media?parent=36248"}],"wp:term":[{"taxonomy":"category","embeddable":true,"href":"https:\/\/conakrynews.org\/index.php\/wp-json\/wp\/v2\/categories?post=36248"},{"taxonomy":"post_tag","embeddable":true,"href":"https:\/\/conakrynews.org\/index.php\/wp-json\/wp\/v2\/tags?post=36248"}],"curies":[{"name":"wp","href":"https:\/\/api.w.org\/{rel}","templated":true}]}}