{"id":36252,"date":"2025-09-26T07:49:43","date_gmt":"2025-09-26T07:49:43","guid":{"rendered":"https:\/\/conakrynews.org\/?p=36252"},"modified":"2025-09-26T07:49:43","modified_gmt":"2025-09-26T07:49:43","slug":"new-york-ag80-la-guinee-trace-sa-voix-entre-ambition-energetique-et-affirmation-diplomatique-dci-prg","status":"publish","type":"post","link":"https:\/\/conakrynews.org\/index.php\/new-york-ag80-la-guinee-trace-sa-voix-entre-ambition-energetique-et-affirmation-diplomatique-dci-prg\/","title":{"rendered":"New-York -AG80: la Guin\u00e9e trace sa voix entre ambition \u00e9nerg\u00e9tique et affirmation diplomatique ( DCI-PRG)"},"content":{"rendered":"<div class=\"td-post-header\">\n<header class=\"td-post-title\">\n<h1 class=\"entry-title\"><\/h1>\n<div class=\"td-module-meta-info\">\n<div class=\"td-post-author-name\">\n<div class=\"td-author-by\"><\/div>\n<p><strong>Ce mercredi 24 septembre 2025, l\u2019envoy\u00e9 sp\u00e9cial du Pr\u00e9sident de la R\u00e9publique, le Ministre Secr\u00e9taire G\u00e9n\u00e9ral \u00e0 la Pr\u00e9sidence, le G\u00e9n\u00e9ral Amara Camara, a men\u00e9 une s\u00e9rie d\u2019activit\u00e9s de haut niveau qui traduisent \u00e0 la fois l\u2019ambition \u00e9nerg\u00e9tique et l\u2019engagement diplomatique du pays.<\/strong><\/div>\n<\/div>\n<\/header>\n<\/div>\n<div class=\"td-post-content tagdiv-type\">\n<h3><\/h3>\n<h3>D\u00e8s la matin\u00e9e, la Guin\u00e9e s\u2019est inscrite au c\u0153ur des d\u00e9bats sur l\u2019avenir \u00e9nerg\u00e9tique du continent en participant \u00e0 la r\u00e9union de validation du Pacte National de l\u2019\u00c9nergie, aux c\u00f4t\u00e9s de seize autres pays africains. Ce programme se veut une r\u00e9ponse concr\u00e8te aux d\u00e9fis de d\u00e9veloppement et projette d\u2019ici 2030 :<\/h3>\n<h3>-l\u2019acc\u00e8s universel \u00e0 l\u2019\u00e9lectricit\u00e9 pour plus de 7,7 millions de Guin\u00e9ens;<\/h3>\n<h3>-Des solutions de cuisson propre pour 4,1 millions de citoyens;<\/h3>\n<h3>-une augmentation de la capacit\u00e9 de production de 2 517 \u00e0 3 827 MW, dont 70 % issus des \u00e9nergies renouvelables;<\/h3>\n<h3>-et la cr\u00e9ation d\u2019un environnement attractif pour les investissements priv\u00e9s.<\/h3>\n<h3>Pour mat\u00e9rialiser ces ambitions, la Guin\u00e9e devra mobiliser 8,9 milliards de dollars, dont 1,2 milliard de financements publics et 7,6 milliards provenant du secteur priv\u00e9.<\/h3>\n<h3>La pr\u00e9sence guin\u00e9enne \u00e0 cette rencontre, aux c\u00f4t\u00e9s des plus grandes institutions financi\u00e8res internationales :Banque mondiale, Banque africaine de d\u00e9veloppement, Bloomberg Philanthropies traduit une volont\u00e9 claire : b\u00e2tir un secteur \u00e9nerg\u00e9tique moderne, r\u00e9silient et comp\u00e9titif, moteur de la souverainet\u00e9 \u00e9conomique du pays.<\/h3>\n<h3><\/h3>\n<h3>Dans la soir\u00e9e, la d\u00e9l\u00e9gation guin\u00e9enne a \u00e9t\u00e9 re\u00e7ue par le Pr\u00e9sident de la Commission de la CEDEAO.<\/h3>\n<h3>L\u2019organisation r\u00e9gionale a r\u00e9affirm\u00e9 son soutien au processus de retour \u00e0 l\u2019ordre constitutionnel en Guin\u00e9e, saluant au passage le bon d\u00e9roulement du scrutin r\u00e9f\u00e9rendaire du 21 septembre.<\/h3>\n<h3>Ces signaux marquent une dynamique de normalisation progressive des relations entre Conakry et l\u2019institution sous-r\u00e9gionale.<\/h3>\n<h3>La journ\u00e9e s\u2019est conclue dans l\u2019enceinte symbolique de l\u2019Assembl\u00e9e G\u00e9n\u00e9rale des Nations Unies, o\u00f9 le Ministre Secr\u00e9taire G\u00e9n\u00e9ral \u00e0 la Pr\u00e9sidence, en qualit\u00e9 de chef de d\u00e9l\u00e9gation, se pr\u00e9pare \u00e0 prendre la parole dans les prochains jours au nom du Chef de l\u2019\u00c9tat, S.E. le G\u00e9n\u00e9ral Mamadi DOUMBOUYA.<\/h3>\n<h3>Une intervention tr\u00e8s attendue, qui devrait exposer \u00e0 la communaut\u00e9 internationale la vision de la Guin\u00e9e : conjuguer souverainet\u00e9 \u00e9nerg\u00e9tique, stabilit\u00e9 institutionnelle et ouverture au partenariat mondial. Plus que jamais, le pays affirme son ancrage diplomatique et son ambition de jouer un r\u00f4le majeur sur la sc\u00e8ne internationale.<\/h3>\n<h3><\/h3>\n<h3><strong>DCI-PRG<\/strong><\/h3>\n<\/div>\n","protected":false},"excerpt":{"rendered":"<p>Ce mercredi 24 septembre 2025, l\u2019envoy\u00e9 sp\u00e9cial du Pr\u00e9sident de la R\u00e9publique, le Ministre Secr\u00e9taire G\u00e9n\u00e9ral \u00e0 la Pr\u00e9sidence, le G\u00e9n\u00e9ral Amara Camara, a men\u00e9 une s\u00e9rie d\u2019activit\u00e9s de haut niveau qui traduisent \u00e0 la fois l\u2019ambition \u00e9nerg\u00e9tique et l\u2019engagement diplomatique du pays. D\u00e8s la matin\u00e9e, la Guin\u00e9e s\u2019est inscrite au c\u0153ur des d\u00e9bats sur [&hellip;]<\/p>\n","protected":false},"author":2,"featured_media":36253,"comment_status":"closed","ping_status":"closed","sticky":false,"template":"","format":"standard","meta":{"footnotes":""},"categories":[57],"tags":[],"class_list":{"0":"post-36252","1":"post","2":"type-post","3":"status-publish","4":"format-standard","5":"has-post-thumbnail","7":"category-politique"},"_links":{"self":[{"href":"https:\/\/conakrynews.org\/index.php\/wp-json\/wp\/v2\/posts\/36252","targetHints":{"allow":["GET"]}}],"collection":[{"href":"https:\/\/conakrynews.org\/index.php\/wp-json\/wp\/v2\/posts"}],"about":[{"href":"https:\/\/conakrynews.org\/index.php\/wp-json\/wp\/v2\/types\/post"}],"author":[{"embeddable":true,"href":"https:\/\/conakrynews.org\/index.php\/wp-json\/wp\/v2\/users\/2"}],"replies":[{"embeddable":true,"href":"https:\/\/conakrynews.org\/index.php\/wp-json\/wp\/v2\/comments?post=36252"}],"version-history":[{"count":0,"href":"https:\/\/conakrynews.org\/index.php\/wp-json\/wp\/v2\/posts\/36252\/revisions"}],"wp:featuredmedia":[{"embeddable":true,"href":"https:\/\/conakrynews.org\/index.php\/wp-json\/wp\/v2\/media\/36253"}],"wp:attachment":[{"href":"https:\/\/conakrynews.org\/index.php\/wp-json\/wp\/v2\/media?parent=36252"}],"wp:term":[{"taxonomy":"category","embeddable":true,"href":"https:\/\/conakrynews.org\/index.php\/wp-json\/wp\/v2\/categories?post=36252"},{"taxonomy":"post_tag","embeddable":true,"href":"https:\/\/conakrynews.org\/index.php\/wp-json\/wp\/v2\/tags?post=36252"}],"curies":[{"name":"wp","href":"https:\/\/api.w.org\/{rel}","templated":true}]}}