{"id":36258,"date":"2025-09-26T08:09:11","date_gmt":"2025-09-26T08:09:11","guid":{"rendered":"https:\/\/conakrynews.org\/?p=36258"},"modified":"2025-09-26T08:20:53","modified_gmt":"2025-09-26T08:20:53","slug":"guillao-senfonce-ses-propres-mots-laccablent-apres-son-limogeage","status":"publish","type":"post","link":"https:\/\/conakrynews.org\/index.php\/guillao-senfonce-ses-propres-mots-laccablent-apres-son-limogeage\/","title":{"rendered":"Guillao s\u2019enfonce : ses propres mots l\u2019accablent apr\u00e8s son limogeage"},"content":{"rendered":"<div class=\"td-post-header\">\n<header class=\"td-post-title\">\n<h1 class=\"entry-title\"><\/h1>\n<div class=\"td-module-meta-info\">\n<div class=\"td-post-author-name\">\n<div class=\"td-author-by\"><\/div>\n<\/div>\n<\/div>\n<\/header>\n<\/div>\n<div class=\"td-post-sharing-top\">\n<div id=\"td_social_sharing_article_top\" class=\"td-post-sharing td-ps-bg td-ps-notext td-post-sharing-style1 \">\n<div class=\"td-post-sharing-visible\">\n<div class=\"td-social-but-icon\"><\/div>\n<div class=\"td-social-but-icon\"><\/div>\n<div><\/div>\n<div><\/div>\n<div><\/div>\n<div><\/div>\n<div><\/div>\n<div><\/div>\n<div><\/div>\n<div><\/div>\n<div><\/div>\n<div class=\"td-social-but-icon\"><\/div>\n<div><\/div>\n<div><\/div>\n<div><\/div>\n<div><\/div>\n<div><\/div>\n<div><\/div>\n<div><\/div>\n<div><\/div>\n<div><\/div>\n<div><\/div>\n<div><\/div>\n<div><\/div>\n<div><\/div>\n<div><\/div>\n<div><\/div>\n<div><\/div>\n<div><\/div>\n<div><\/div>\n<div><\/div>\n<div><\/div>\n<div><\/div>\n<div><\/div>\n<div><\/div>\n<div><\/div>\n<div><\/div>\n<div class=\"td-social-but-icon\"><\/div>\n<\/div>\n<\/div>\n<\/div>\n<div class=\"td-post-content tagdiv-type\">\n<h3><\/h3>\n<h3><\/h3>\n<h3><\/h3>\n<h3><\/h3>\n<h3><\/h3>\n<h3><\/h3>\n<h3><\/h3>\n<h3><\/h3>\n<h3><\/h3>\n<h3><\/h3>\n<h3><\/h3>\n<h3><\/h3>\n<h3><\/h3>\n<h3><\/h3>\n<h3><\/h3>\n<h3><\/h3>\n<h3><\/h3>\n<h3><strong>Vingt-quatre heures apr\u00e8s son limogeage, Lucien Guilao a livr\u00e9 un entretien t\u00e9l\u00e9phonique \u00e0 nos confr\u00e8res d\u2019avenirguinee.org qui ressemble davantage \u00e0 un r\u00e9quisitoire contre lui-m\u00eame qu\u2019\u00e0 une d\u00e9fense. Ses d\u00e9clarations, teint\u00e9es d\u2019amertume et de r\u00e9signation, r\u00e9v\u00e8lent un dirigeant d\u00e9connect\u00e9 des r\u00e9alit\u00e9s et incapable d\u2019assumer ses responsabilit\u00e9s.<\/strong><\/h3>\n<h3><\/h3>\n<h3><\/h3>\n<h3><\/h3>\n<h3><\/h3>\n<h3><\/h3>\n<h3><\/h3>\n<h3>L\u2019ex-pr\u00e9sident de la LGFP s\u2019enfonce d\u00e8s les premi\u00e8res minutes de son entretien t\u00e9l\u00e9phonique. \u00ab\u00a0<strong><em>Je trouve que c\u2019est dans l\u2019ordre des choses que je parte<\/em><\/strong>\u00ab\u00a0, avoue-t-il, reconnaissant implicitement l\u2019in\u00e9luctabilit\u00e9 de son \u00e9viction.<\/h3>\n<h3>Cette fatalit\u00e9 assum\u00e9e trahit un homme qui n\u2019a jamais vraiment cru en sa mission. Comment diriger une institution quand on consid\u00e8re son propre d\u00e9part comme \u00ab\u00a0<strong>normal\u00a0\u00bb ?<\/strong><\/h3>\n<h3><\/h3>\n<h3>Plus troublant encore, Guilao confesse son ignorance totale des raisons de son limogeage.<\/h3>\n<h3>\u00ab\u00a0<strong><em>Je n\u2019en sais rien. C\u2019est une question \u00e0 poser \u00e0 mon employeur<\/em><\/strong>\u00ab\u00a0, d\u00e9clare-t-il avec une d\u00e9sinvolture sid\u00e9rante. Cet aveu d\u2019incompr\u00e9hension r\u00e9v\u00e8le un dirigeant totalement coup\u00e9 de la r\u00e9alit\u00e9 de son institution.<\/h3>\n<h3>Un pr\u00e9sident conscient de ses responsabilit\u00e9s aurait au minimum une id\u00e9e des reproches qui lui sont adress\u00e9s.<\/h3>\n<h3>Cette m\u00e9connaissance de ses propres d\u00e9faillances traduit un management d\u00e9faillant et une absence criante d\u2019auto-\u00e9valuation. Comment peut-on pr\u00e9tendre avoir dirig\u00e9 efficacement une institution pendant plus de deux ans tout en ignorant les motifs de son \u00e9viction ?<\/h3>\n<h3>L\u2019esquive la plus r\u00e9v\u00e9latrice intervient lorsqu\u2019il refuse cat\u00e9goriquement de dresser son bilan. \u00ab\u00a0<strong><em>Je n\u2019ai jamais parl\u00e9 de bilan\u00a0\u00bb, se d\u00e9fausse-t-il, rejetant la responsabilit\u00e9 sur \u00ab\u00a0toute l\u2019\u00e9quipe<\/em><\/strong>\u00ab\u00a0. Cette fuite en avant illustre parfaitement l\u2019incapacit\u00e9 de Lucien Guilao \u00e0 assumer ses responsabilit\u00e9s de dirigeant. Un v\u00e9ritable leader assume ses \u00e9checs autant que ses succ\u00e8s.<\/h3>\n<h3>En refusant de faire son propre bilan, l\u2019ancien pr\u00e9sident de la LGFP r\u00e9v\u00e8le son manque de courage politique et son incompr\u00e9hension fondamentale du leadership. Cette posture victimaire d\u00e9tonne avec les exigences d\u2019un poste de cette envergure.<\/h3>\n<h3>Le clou de cet entretien d\u00e9sastreux\u00a0 r\u00e9side dans sa derni\u00e8re d\u00e9claration sur \u00ab\u00a0<strong><em>la guerre des \u00e9gaux, des clans, des tranch\u00e9es\u00a0\u00bb.<\/em>\u00a0<\/strong>Plut\u00f4t que de reconna\u00eetre ses propres insuffisances, Guilao pr\u00e9f\u00e8re incriminer un environnement qu\u2019il \u00e9tait pr\u00e9cis\u00e9ment charg\u00e9 de pacifier et de f\u00e9d\u00e9rer. Cette analyse superficielle r\u00e9v\u00e8le un homme qui n\u2019a jamais compris les v\u00e9ritables enjeux de sa fonction.<\/h3>\n<h3>Un pr\u00e9sident efficace aurait justement pour mission de d\u00e9passer ces clivages, de cr\u00e9er du consensus et de rassembler les acteurs du football guin\u00e9en.<\/h3>\n<h3>En pointant du doigt ces divisions, M. Guilao avoue implicitement son \u00e9chec \u00e0 exercer le leadership n\u00e9cessaire pour surmonter ces obstacles.<\/h3>\n<h3>Cet entretien t\u00e9l\u00e9phonique ach\u00e8ve de d\u00e9montrer que le limogeage de Lucien Guilao n\u2019\u00e9tait pas seulement n\u00e9cessaire, il \u00e9tait urgent. Ses propres d\u00e9clarations dressent le portrait d\u2019un dirigeant r\u00e9sign\u00e9, d\u00e9connect\u00e9, moins soucieux de sa mission et incapable d\u2019assumer ses responsabilit\u00e9s.<\/h3>\n<h3>La LGFP m\u00e9rite mieux qu\u2019un pr\u00e9sident qui consid\u00e8re son propre d\u00e9part comme \u00ab\u00a0<strong><em>dans l\u2019ordre des choses<\/em><\/strong>\u00a0\u00bb et qui refuse de tirer les le\u00e7ons de ses \u00e9checs. Mamady Diomand\u00e9 h\u00e9rite certes d\u2019une institution fragilis\u00e9e, mais au moins lib\u00e9r\u00e9e d\u2019un dirigeant qui avait manifestement renonc\u00e9 depuis longtemps \u00e0 exercer v\u00e9ritablement ses fonctions.<\/h3>\n<h3><\/h3>\n<h3>Cet entretien t\u00e9l\u00e9phonique de Lucien Guilao restera comme l\u2019illustration parfaite de ce qu\u2019un dirigeant sportif ne doit jamais \u00eatre : r\u00e9sign\u00e9 et d\u00e9connect\u00e9 des enjeux r\u00e9els de son institution.<\/h3>\n<h3><strong>Source :leverificateur.net<\/strong><\/h3>\n<\/div>\n","protected":false},"excerpt":{"rendered":"<p>Vingt-quatre heures apr\u00e8s son limogeage, Lucien Guilao a livr\u00e9 un entretien t\u00e9l\u00e9phonique \u00e0 nos confr\u00e8res d\u2019avenirguinee.org qui ressemble davantage \u00e0 un r\u00e9quisitoire contre lui-m\u00eame qu\u2019\u00e0 une d\u00e9fense. Ses d\u00e9clarations, teint\u00e9es d\u2019amertume et de r\u00e9signation, r\u00e9v\u00e8lent un dirigeant d\u00e9connect\u00e9 des r\u00e9alit\u00e9s et incapable d\u2019assumer ses responsabilit\u00e9s. L\u2019ex-pr\u00e9sident de la LGFP s\u2019enfonce d\u00e8s les premi\u00e8res minutes de [&hellip;]<\/p>\n","protected":false},"author":2,"featured_media":36259,"comment_status":"closed","ping_status":"closed","sticky":false,"template":"","format":"standard","meta":{"footnotes":""},"categories":[64],"tags":[],"class_list":{"0":"post-36258","1":"post","2":"type-post","3":"status-publish","4":"format-standard","5":"has-post-thumbnail","7":"category-sport"},"_links":{"self":[{"href":"https:\/\/conakrynews.org\/index.php\/wp-json\/wp\/v2\/posts\/36258","targetHints":{"allow":["GET"]}}],"collection":[{"href":"https:\/\/conakrynews.org\/index.php\/wp-json\/wp\/v2\/posts"}],"about":[{"href":"https:\/\/conakrynews.org\/index.php\/wp-json\/wp\/v2\/types\/post"}],"author":[{"embeddable":true,"href":"https:\/\/conakrynews.org\/index.php\/wp-json\/wp\/v2\/users\/2"}],"replies":[{"embeddable":true,"href":"https:\/\/conakrynews.org\/index.php\/wp-json\/wp\/v2\/comments?post=36258"}],"version-history":[{"count":0,"href":"https:\/\/conakrynews.org\/index.php\/wp-json\/wp\/v2\/posts\/36258\/revisions"}],"wp:featuredmedia":[{"embeddable":true,"href":"https:\/\/conakrynews.org\/index.php\/wp-json\/wp\/v2\/media\/36259"}],"wp:attachment":[{"href":"https:\/\/conakrynews.org\/index.php\/wp-json\/wp\/v2\/media?parent=36258"}],"wp:term":[{"taxonomy":"category","embeddable":true,"href":"https:\/\/conakrynews.org\/index.php\/wp-json\/wp\/v2\/categories?post=36258"},{"taxonomy":"post_tag","embeddable":true,"href":"https:\/\/conakrynews.org\/index.php\/wp-json\/wp\/v2\/tags?post=36258"}],"curies":[{"name":"wp","href":"https:\/\/api.w.org\/{rel}","templated":true}]}}