{"id":36287,"date":"2025-09-26T17:00:49","date_gmt":"2025-09-26T17:00:49","guid":{"rendered":"https:\/\/conakrynews.org\/?p=36287"},"modified":"2025-09-26T17:00:49","modified_gmt":"2025-09-26T17:00:49","slug":"football-ousmane-dembele-et-aitana-bonmati-remportent-le-ballon-dor","status":"publish","type":"post","link":"https:\/\/conakrynews.org\/index.php\/football-ousmane-dembele-et-aitana-bonmati-remportent-le-ballon-dor\/","title":{"rendered":"Football : Ousmane Demb\u00e9l\u00e9 et Aitana Bonmati remportent le Ballon d\u2019Or"},"content":{"rendered":"<h1 class=\"name post-title entry-title\"><\/h1>\n<div class=\"clear\">Le Fran\u00e7ais Ousmane Demb\u00e9l\u00e9 a remport\u00e9 lundi \u00e0 Paris son premier Ballon d\u2019Or, devant l\u2019Espagnol Lamine Yamal et le Portugais Vitinha, en r\u00e9compense de sa magnifique saison 2024\/2025 avec le Paris Saint-Germain conclue par le premier titre du club en Ligue des champions. Chez les femmes, l\u2019Espagnole Aitana Bonmati a rafl\u00e9 son troisi\u00e8me troph\u00e9e cons\u00e9cutif.<\/div>\n<div class=\"entry\">\n<p>Pas de mauvaise surprise pour les supporters du Paris Saint-Germain. L\u2019attaquant\u00a0<a class=\"gtm-add-suggested-tag\" href=\"https:\/\/www.france24.com\/fr\/tag\/ousmane-demb%C3%A9l%C3%A9\/\" target=\"_self\" rel=\"noopener noreferrer\">Ousmane Demb\u00e9l\u00e9<\/a>\u00a0a remport\u00e9 le\u00a0<a class=\"gtm-add-suggested-tag\" href=\"https:\/\/www.france24.com\/fr\/tag\/ballon-d-or\/\" target=\"_self\" rel=\"noopener noreferrer\">Ballon d\u2019Or<\/a>\u00a0lundi 22 septembre lors de la c\u00e9r\u00e9monie organis\u00e9e au th\u00e9\u00e2tre du Ch\u00e2telet \u00e0 Paris, devenant le sixi\u00e8me Fran\u00e7ais \u00e0 recevoir la r\u00e9compense supr\u00eame.<\/p>\n<p>Ses 35\u00a0buts et 16\u00a0passes d\u00e9cisives, ainsi que la victoire du\u00a0<a class=\"gtm-add-suggested-tag\" href=\"https:\/\/www.france24.com\/fr\/tag\/psg\/\" target=\"_self\" rel=\"noopener noreferrer\">PSG<\/a>\u00a0en\u00a0<a class=\"gtm-add-suggested-tag\" href=\"https:\/\/www.france24.com\/fr\/tag\/ligue-des-champions\/\" target=\"_self\" rel=\"noopener noreferrer\">Ligue des champions<\/a>, en championnat et en coupe nationale, en avaient fait le favori au Ballon d\u2019Or, devant le Barcelonais\u00a0<a class=\"gtm-add-suggested-tag\" href=\"https:\/\/www.france24.com\/fr\/tag\/lamine-yamal\/\" target=\"_self\" rel=\"noopener noreferrer\">Lamine Yamal<\/a>.<\/p>\n<p>Le nom d\u2019Ousmane Demb\u00e9l\u00e9 a \u00e9t\u00e9 prononc\u00e9 par l\u2019ancien Parisien Ronaldinho en fin de soir\u00e9e, sous les vivats d\u2019une grande partie de la salle qui avait scand\u00e9 son nom dans les minutes pr\u00e9c\u00e9dentes.<\/p>\n<p>\u00ab\u00a0Merci, je n\u2019ai vraiment pas de mots, \u00e7a a \u00e9t\u00e9 une saison incroyable avec le Paris\u00a0SG, je remercie le PSG qui est venu me chercher en 2023\u00a0\u00bb, a d\u00e9clar\u00e9 Ousmane Demb\u00e9l\u00e9, qui n\u2019a pu retenir ses larmes lors de son discours de remerciements, \u00e9galement adress\u00e9s \u00e0 l\u2019entra\u00eeneur\u00a0<a class=\"gtm-add-suggested-tag\" href=\"https:\/\/www.france24.com\/fr\/tag\/luis-enrique\/\" target=\"_self\" rel=\"noopener noreferrer\">Luis Enrique<\/a>, \u00ab\u00a0comme un papa pour moi\u00a0\u00bb.<\/p>\n<p>\u00ab\u00a0On a pratiquement tout remport\u00e9\u00a0\u00bb, \u00ab\u00a0ce troph\u00e9e individuel, c\u2019est vraiment le collectif qui l\u2019a gagn\u00e9\u00a0\u00bb, a-t-il ajout\u00e9. \u00ab\u00a0Le Ballon d\u2019Or n\u2019a pas \u00e9t\u00e9 un objectif dans ma carri\u00e8re, mais j\u2019ai travaill\u00e9 pour l\u2019\u00e9quipe pour gagner la Ligue des champions.\u00a0\u00bb<\/p>\n<p>Ousmane Demb\u00e9l\u00e9\u00a0succ\u00e8de \u00e0 l\u2019Espagnol Rodri. Le pr\u00e9c\u00e9dent Ballon d\u2019Or fran\u00e7ais remonte \u00e0 seulement trois ans avec\u00a0<a class=\"gtm-add-suggested-tag\" href=\"https:\/\/www.france24.com\/fr\/tag\/karim-benzema\/\" target=\"_self\" rel=\"noopener noreferrer\">Karim Benzema<\/a>.<\/p>\n<h2>Bonmati une nouvelle fois sacr\u00e9e<\/h2>\n<p>Chez les femmes, la meneuse de jeu espagnole du FC\u00a0Barcelone Aitana Bonmati, d\u00e9j\u00e0 laur\u00e9ate en 2023\u00a0<a href=\"https:\/\/www.france24.com\/fr\/sports\/20241028-ballon-d-or-vinicius-real-madrid-boycotte-c%C3%A9r%C3%A9monie-rodri-bonmati\" target=\"_self\" rel=\"noopener noreferrer\">et 2024<\/a>, a remport\u00e9 son troisi\u00e8me Ballon d\u2019Or. Vainqueuse de la Liga la saison derni\u00e8re et finaliste de la Ligue des champions avec le Bar\u00e7a et de l\u2019Euro avec l\u2019Espagne, la Catalane est de nouveau \u00e9lue meilleure joueuse du monde, devant sa compatriote Mariona Caldentey et l\u2019attaquante anglaise Alessia Russo.<\/p>\n<p>Diminu\u00e9e par une m\u00e9ningite avant le d\u00e9but de l\u2019Euro cet \u00e9t\u00e9, la milieu de 27\u00a0ans, r\u00e9elle cheffe d\u2019orchestre de la Roja, a rayonn\u00e9 pendant une grande partie de la comp\u00e9tition, et m\u00eame lors de la finale perdue contre l\u2019Angleterre.<\/p>\n<p>Elle a \u00e9t\u00e9 \u00e9lue meilleure joueuse de l\u2019Euro mais aussi de la Ligue des champions, que la Barcelonaise a perdu en finale contre Arsenal, avec 20\u00a0buts et 16\u00a0passes d\u00e9cisives, toutes comp\u00e9titions confondues.<\/p>\n<p>La Catalane devient la premi\u00e8re joueuse de l\u2019Histoire a remporter trois fois la r\u00e9compense individuelle supr\u00eame, devant Alexia Putellas, sa co\u00e9quipi\u00e8re en club et en s\u00e9lection et ses deux Ballons d\u2019Or. Cette ann\u00e9e, la milieu a termin\u00e9 \u00e0 la quatri\u00e8me place.<\/p>\n<h2>Un palmar\u00e8s tr\u00e8s PSG<\/h2>\n<p>Pour le reste, le PSG accapare le classement avec cinq joueurs dans le top\u00a010\u00a0: outre Demb\u00e9l\u00e9, Vitinha (3<sup>e<\/sup>),\u00a0<a class=\"gtm-add-suggested-tag\" href=\"https:\/\/www.france24.com\/fr\/tag\/achraf-hakimi\/\" target=\"_self\" rel=\"noopener noreferrer\">Achraf Hakimi<\/a>\u00a0(6<sup>e<\/sup>), \u00a0Gianluigi Donnarumma (9<sup>e<\/sup>) et Nuno Mendes (10<sup>e<\/sup>). Et Khvicha Kvaratskhelia est 12<sup>e<\/sup>, D\u00e9sir\u00e9 Dou\u00e9 14<sup>e<\/sup>, Joao Neves 19<sup>e<\/sup>, Ruiz 25<sup>e<\/sup>.<\/p>\n<p>Le PSG a d\u2019ailleurs \u00e9t\u00e9 d\u00e9sign\u00e9 meilleur club de la saison. Son pr\u00e9sident,\u00a0<a href=\"https:\/\/www.france24.com\/fr\/tag\/nasser-al-khela%C3%AFfi\/\" target=\"_self\" rel=\"noopener noreferrer\">Nasser al-Khela\u00effi<\/a>, est venu recevoir le troph\u00e9e sur sc\u00e8ne. Luis Enrique a \u00e9t\u00e9 d\u00e9sign\u00e9 meilleur entra\u00eeneur.<\/p>\n<p>Le troph\u00e9e Gerd M\u00fcller de meilleur buteur de la saison a \u00e9t\u00e9 attribu\u00e9 \u00e0 Viktor Gy\u00f6keres, pass\u00e9 cet \u00e9t\u00e9 du Sporting Portugal \u00e0 Arsenal, et \u00e0 la Barcelonaise Ewa Pajor.<\/p>\n<p>Quant \u00e0\u00a0<a class=\"gtm-add-suggested-tag\" href=\"https:\/\/www.france24.com\/fr\/tag\/kylian-mbapp%C3%A9\/\" target=\"_self\" rel=\"noopener noreferrer\">Kylian Mbapp\u00e9<\/a>, il est 7<sup>e<\/sup>\u00a0du classement Ballon d\u2019Or.<\/p>\n<p>&nbsp;<\/p>\n<p><strong><em>Avec AFP<\/em><\/strong><\/p>\n<\/div>\n","protected":false},"excerpt":{"rendered":"<p>Le Fran\u00e7ais Ousmane Demb\u00e9l\u00e9 a remport\u00e9 lundi \u00e0 Paris son premier Ballon d\u2019Or, devant l\u2019Espagnol Lamine Yamal et le Portugais Vitinha, en r\u00e9compense de sa magnifique saison 2024\/2025 avec le Paris Saint-Germain conclue par le premier titre du club en Ligue des champions. Chez les femmes, l\u2019Espagnole Aitana Bonmati a rafl\u00e9 son troisi\u00e8me troph\u00e9e cons\u00e9cutif. [&hellip;]<\/p>\n","protected":false},"author":2,"featured_media":36288,"comment_status":"closed","ping_status":"closed","sticky":false,"template":"","format":"standard","meta":{"footnotes":""},"categories":[64],"tags":[],"class_list":{"0":"post-36287","1":"post","2":"type-post","3":"status-publish","4":"format-standard","5":"has-post-thumbnail","7":"category-sport"},"_links":{"self":[{"href":"https:\/\/conakrynews.org\/index.php\/wp-json\/wp\/v2\/posts\/36287","targetHints":{"allow":["GET"]}}],"collection":[{"href":"https:\/\/conakrynews.org\/index.php\/wp-json\/wp\/v2\/posts"}],"about":[{"href":"https:\/\/conakrynews.org\/index.php\/wp-json\/wp\/v2\/types\/post"}],"author":[{"embeddable":true,"href":"https:\/\/conakrynews.org\/index.php\/wp-json\/wp\/v2\/users\/2"}],"replies":[{"embeddable":true,"href":"https:\/\/conakrynews.org\/index.php\/wp-json\/wp\/v2\/comments?post=36287"}],"version-history":[{"count":0,"href":"https:\/\/conakrynews.org\/index.php\/wp-json\/wp\/v2\/posts\/36287\/revisions"}],"wp:featuredmedia":[{"embeddable":true,"href":"https:\/\/conakrynews.org\/index.php\/wp-json\/wp\/v2\/media\/36288"}],"wp:attachment":[{"href":"https:\/\/conakrynews.org\/index.php\/wp-json\/wp\/v2\/media?parent=36287"}],"wp:term":[{"taxonomy":"category","embeddable":true,"href":"https:\/\/conakrynews.org\/index.php\/wp-json\/wp\/v2\/categories?post=36287"},{"taxonomy":"post_tag","embeddable":true,"href":"https:\/\/conakrynews.org\/index.php\/wp-json\/wp\/v2\/tags?post=36287"}],"curies":[{"name":"wp","href":"https:\/\/api.w.org\/{rel}","templated":true}]}}