{"id":36291,"date":"2025-09-26T17:27:26","date_gmt":"2025-09-26T17:27:26","guid":{"rendered":"https:\/\/conakrynews.org\/?p=36291"},"modified":"2025-09-28T10:37:55","modified_gmt":"2025-09-28T10:37:55","slug":"eliminatoires-coupe-du-2026-paulo-duarte-publie-la-liste-des-joueurs-convoques","status":"publish","type":"post","link":"https:\/\/conakrynews.org\/index.php\/eliminatoires-coupe-du-2026-paulo-duarte-publie-la-liste-des-joueurs-convoques\/","title":{"rendered":"\u00c9liminatoires Coupe du monde 2026 : Paulo Duarte publie la liste des joueurs convoqu\u00e9s"},"content":{"rendered":"<div dir=\"auto\">\n<h1><\/h1>\n<div>\n<div><\/div>\n<\/div>\n<\/div>\n<div dir=\"auto\">\n<div>\n<div dir=\"auto\">\n<div>\n<div><a href=\"https:\/\/pinterest.com\/pin\/create\/button\/?url=https:\/\/actu7.com\/index.php\/eliminatoires-cdm-2026-paulo-duarte-devoile-la-liste-des-joueurs-convoques-la-double-confrontation\/&amp;media=https:\/\/actu7.com\/wp-content\/uploads\/2025\/09\/1758904020758-scaled.jpg&amp;description=%C3%89liminatoires+CDM+2026+%3A+Paulo+Duarte+d%C3%A9voile+la+liste+des+joueurs+convoqu%C3%A9s+la+double+confrontation\" target=\"_blank\" rel=\"noopener noreferrer\" data-saferedirecturl=\"https:\/\/www.google.com\/url?q=https:\/\/pinterest.com\/pin\/create\/button\/?url%3Dhttps:\/\/actu7.com\/index.php\/eliminatoires-cdm-2026-paulo-duarte-devoile-la-liste-des-joueurs-convoques-la-double-confrontation\/%26media%3Dhttps:\/\/actu7.com\/wp-content\/uploads\/2025\/09\/1758904020758-scaled.jpg%26description%3D%25C3%2589liminatoires%2BCDM%2B2026%2B%253A%2BPaulo%2BDuarte%2Bd%25C3%25A9voile%2Bla%2Bliste%2Bdes%2Bjoueurs%2Bconvoqu%25C3%25A9s%2Bla%2Bdouble%2Bconfrontation&amp;source=gmail&amp;ust=1758993819132000&amp;usg=AOvVaw32Kv5PtWZfR94SKCQH7AIo\">\u00a0<\/a><\/div>\n<\/div>\n<\/div>\n<div dir=\"auto\">\n<div><\/div>\n<div dir=\"auto\">Le s\u00e9lectionneur de l&rsquo;\u00e9quipe nationale Guin\u00e9enne de football Paulo Duart\u00e9 \u00e9tait\u00a0 face aux m\u00e9dias cet apr\u00e8s midi du vendredi, pour livrer la liste des joueurs convoqu\u00e9s pour la double confrontation cruciale des \u00e9liminatoires de la Coupe du Monde de la FIFA 2026.<\/div>\n<div dir=\"auto\"><\/div>\n<div dir=\"auto\">Ci-dessous la liste:<\/div>\n<div dir=\"auto\"><\/div>\n<div dir=\"auto\"><\/div>\n<div dir=\"auto\"><\/div>\n<div dir=\"auto\"><\/div>\n<div dir=\"auto\"><img loading=\"lazy\" decoding=\"async\" src=\"https:\/\/actu7.com\/wp-content\/uploads\/2025\/09\/FB_IMG_1758905687606-240x300.jpg\" alt=\"\" width=\"240\" height=\"300\" \/><\/div>\n<div dir=\"auto\"><\/div>\n<div dir=\"auto\">Conakrynews.org<\/div>\n<\/div>\n<\/div>\n<\/div>\n","protected":false},"excerpt":{"rendered":"<p>\u00a0 Le s\u00e9lectionneur de l&rsquo;\u00e9quipe nationale Guin\u00e9enne de football Paulo Duart\u00e9 \u00e9tait\u00a0 face aux m\u00e9dias cet apr\u00e8s midi du vendredi, pour livrer la liste des joueurs convoqu\u00e9s pour la double confrontation cruciale des \u00e9liminatoires de la Coupe du Monde de la FIFA 2026. Ci-dessous la liste: Conakrynews.org<\/p>\n","protected":false},"author":2,"featured_media":36293,"comment_status":"closed","ping_status":"closed","sticky":false,"template":"","format":"standard","meta":{"footnotes":""},"categories":[64],"tags":[],"class_list":{"0":"post-36291","1":"post","2":"type-post","3":"status-publish","4":"format-standard","5":"has-post-thumbnail","7":"category-sport"},"_links":{"self":[{"href":"https:\/\/conakrynews.org\/index.php\/wp-json\/wp\/v2\/posts\/36291","targetHints":{"allow":["GET"]}}],"collection":[{"href":"https:\/\/conakrynews.org\/index.php\/wp-json\/wp\/v2\/posts"}],"about":[{"href":"https:\/\/conakrynews.org\/index.php\/wp-json\/wp\/v2\/types\/post"}],"author":[{"embeddable":true,"href":"https:\/\/conakrynews.org\/index.php\/wp-json\/wp\/v2\/users\/2"}],"replies":[{"embeddable":true,"href":"https:\/\/conakrynews.org\/index.php\/wp-json\/wp\/v2\/comments?post=36291"}],"version-history":[{"count":0,"href":"https:\/\/conakrynews.org\/index.php\/wp-json\/wp\/v2\/posts\/36291\/revisions"}],"wp:featuredmedia":[{"embeddable":true,"href":"https:\/\/conakrynews.org\/index.php\/wp-json\/wp\/v2\/media\/36293"}],"wp:attachment":[{"href":"https:\/\/conakrynews.org\/index.php\/wp-json\/wp\/v2\/media?parent=36291"}],"wp:term":[{"taxonomy":"category","embeddable":true,"href":"https:\/\/conakrynews.org\/index.php\/wp-json\/wp\/v2\/categories?post=36291"},{"taxonomy":"post_tag","embeddable":true,"href":"https:\/\/conakrynews.org\/index.php\/wp-json\/wp\/v2\/tags?post=36291"}],"curies":[{"name":"wp","href":"https:\/\/api.w.org\/{rel}","templated":true}]}}