{"id":36295,"date":"2025-09-26T18:47:49","date_gmt":"2025-09-26T18:47:49","guid":{"rendered":"https:\/\/conakrynews.org\/?p=36295"},"modified":"2025-09-26T18:48:28","modified_gmt":"2025-09-26T18:48:28","slug":"financement-libyen-condamne-a-cinq-ans-de-prison-nicolas-sarkozy-sera-bientot-incarcere","status":"publish","type":"post","link":"https:\/\/conakrynews.org\/index.php\/financement-libyen-condamne-a-cinq-ans-de-prison-nicolas-sarkozy-sera-bientot-incarcere\/","title":{"rendered":"Financement libyen : condamn\u00e9 \u00e0 cinq ans de prison, Nicolas Sarkozy sera bient\u00f4t incarc\u00e9r\u00e9"},"content":{"rendered":"<h1 class=\"name post-title entry-title\"><\/h1>\n<div class=\"clear\">Nicolas Sarkozy a \u00e9t\u00e9 condamn\u00e9 jeudi \u00e0 cinq ans d\u2019emprisonnement par le tribunal de Paris dans le dossier du financement\u00a0 libyen de sa campagne en 2007. L\u2019ancien pr\u00e9sident est convoqu\u00e9 le 13 octobre par le Parquet national financier pour conna\u00eetre sa date d\u2019incarc\u00e9ration.<\/div>\n<div class=\"entry\">\n<p><a class=\"gtm-add-suggested-tag\" href=\"https:\/\/www.france24.com\/fr\/tag\/nicolas-sarkozy\/\" target=\"_self\" rel=\"noopener noreferrer\">Nicolas Sarkozy<\/a>\u00a0ira en prison. Le tribunal de Paris a condamn\u00e9 jeudi 25 septembre l\u2019ex-pr\u00e9sident \u00e0 cinq ans de prison pour avoir \u00ab\u00a0laiss\u00e9 ses proches\u00a0\u00bb d\u00e9marcher la\u00a0<a class=\"gtm-add-suggested-tag\" href=\"https:\/\/www.france24.com\/fr\/tag\/libye\/\" target=\"_self\" rel=\"noopener noreferrer\">Libye<\/a>\u00a0de\u00a0<a class=\"gtm-add-suggested-tag\" href=\"https:\/\/www.france24.com\/fr\/tag\/mouammar-kadhafi\/\" target=\"_self\" rel=\"noopener noreferrer\">Mouammar Kadhafi<\/a>\u00a0en vue d\u2019obtenir un financement ill\u00e9gal de sa campagne de 2007.<\/p>\n<p>M\u00eame en cas d\u2019appel, le sixi\u00e8me pr\u00e9sident de la V<sup>e<\/sup>\u00a0R\u00e9publique fran\u00e7aise (2007-2012), condamn\u00e9 dans ce proc\u00e8s pour association de malfaiteurs et d\u00e9j\u00e0 d\u00e9finitivement condamn\u00e9 dans l\u2019affaire des \u00e9coutes, sera incarc\u00e9r\u00e9 au cours des prochaines semaines.<\/p>\n<p>L\u2019ancien chef de l\u2019\u00c9tat, 70\u00a0ans, est convoqu\u00e9 le 13 octobre par le parquet, qui lui signifiera ce jour-l\u00e0 sa date d\u2019incarc\u00e9ration. Un appel \u00e9ventuel ne suspendra pas cette mesure.<\/p>\n<p>\u00c0 sa sortie de la salle d\u2019audience, Nicolas Sarkozy a d\u00e9nonc\u00e9 un jugement qu\u2019il juge \u00ab\u00a0d\u2019une extr\u00eame gravit\u00e9 pour l\u2019\u00c9tat de droit et pour la confiance que l\u2019on peut avoir dans la justice\u00a0\u00bb. Il a redit son \u00ab\u00a0innocence\u00a0\u00bb et a annonc\u00e9 faire appel de sa condamnation.\u00a0\u00ab\u00a0Je dormirai en prison la t\u00eate haute\u00a0\u00bb, a-t-il martel\u00e9.<\/p>\n<p>Parmi les r\u00e9actions \u00e0 sa condamnation, la cheffe de file du Rassemblement national Marine Le Pen a critiqu\u00e9 la \u00ab\u00a0g\u00e9n\u00e9ralisation de l\u2019ex\u00e9cution provisoire\u00a0\u00bb, qu\u2019elle consid\u00e8re comme un \u00ab\u00a0grand danger\u00a0\u00bb.<\/p>\n<h2>\u00ab\u00a0Rencontres occultes\u00a0\u00bb\u00a0avec un haut dignitaire libyen<\/h2>\n<p>La pr\u00e9sidente du tribunal Nathalie Gavarino a estim\u00e9 qu&rsquo;\u00a0\u00bben tant que ministre, pr\u00e9sident de l\u2019UMP\u00a0\u00bb, Nicolas Sarkozy avait entre 2005 et mai 2007, date de son accession \u00e0 l\u2019\u00c9lys\u00e9e, \u00ab\u00a0laiss\u00e9 ses proches collaborateurs et soutiens politiques \u2013 sur lesquels il avait autorit\u00e9 et qui agissaient en son nom\u00a0\u2013\u00a0\u00bb solliciter les autorit\u00e9s libyennes \u00ab\u00a0afin d\u2019obtenir ou tenter d\u2019obtenir des soutiens financiers en Libye en vue d\u2019obtenir un financement de la campagne\u00a0\u00bb.<\/p>\n<p>D\u2019apr\u00e8s le tribunal, des \u00ab\u00a0rencontres occultes\u00a0\u00bb de Claude Gu\u00e9ant et Brice Hortefeux avec un haut dignitaire libyen fin 2005 \u00ab\u00a0n\u2019ont de sens que de la n\u00e9cessit\u00e9 d\u2019obtenir des fonds\u00a0\u00bb pour la campagne Sarkozy, \u00e0 une \u00e9poque o\u00f9 l\u2019int\u00e9ress\u00e9 n\u2019\u00e9tait pas encore assur\u00e9 d\u2019avoir l\u2019investiture et le financement de l\u2019UMP pour la pr\u00e9sidentielle de 2007.<\/p>\n<p>La justice a toutefois consid\u00e9r\u00e9 ne pas avoir de preuve que ce financement \u00e9lectoral ill\u00e9gal s\u2019\u00e9tait mat\u00e9rialis\u00e9.<\/p>\n<p>Cette peine de cinq ans est l\u00e9g\u00e8rement inf\u00e9rieure aux\u00a0<a href=\"https:\/\/www.france24.com\/fr\/info-en-continu\/20250327-%F0%9F%94%B4-proc%C3%A8s-libyen-sept-ans-de-prison-et-300-000-euros-d-amende-requis-contre-nicolas-sarkozy\" target=\"_self\" rel=\"noopener noreferrer\">sept ans de prison requis fin mars par le Parquet national financier (PNF) au terme de trois mois d\u2019audience<\/a>. Le minist\u00e8re public lui reprochait d\u2019avoir nou\u00e9 un \u00ab\u00a0pacte de corruption faustien avec un des dictateurs les plus infr\u00e9quentables de ces 30\u00a0derni\u00e8res ann\u00e9es\u00a0\u00bb et \u00e9t\u00e9 aussi bien le \u00ab\u00a0commanditaire\u00a0\u00bb que le b\u00e9n\u00e9ficiaire d\u2019un financement ill\u00e9gal de sa campagne.<\/p>\n<p>Les juges n\u2019ont pas suivi la lecture du PNF. Ils ont relax\u00e9 l\u2019ancien pr\u00e9sident des faits de recel de d\u00e9tournement de fonds publics libyens, de corruption passive et de financement ill\u00e9gal de campagne \u00e9lectorale.<\/p>\n<p>La justice a constat\u00e9 que des flux d\u2019argent \u00e9taient effectivement partis de Libye mais que les \u00e9l\u00e9ments de la proc\u00e9dure ne faisaient pas la \u00ab\u00a0d\u00e9monstration\u00a0\u00bb que ces fonds soient \u00ab\u00a0in fine\u00a0\u00bb arriv\u00e9s dans les caisses de la campagne Sarkozy.<\/p>\n<p>\u00ab\u00a0Le tribunal ne peut pas \u00e9tablir avec certitude qu\u2019il y avait plus de 35\u00a0000\u00a0euros en esp\u00e8ces dans cette campagne, m\u00eame si \u00e7a ne peut pas \u00eatre compl\u00e8tement exclu\u00a0\u00bb, a d\u00e9clar\u00e9 Nathalie Gavarino.<\/p>\n<h2>Gu\u00e9ant et Hortefeux condamn\u00e9s<\/h2>\n<p><a class=\"gtm-add-suggested-tag\" href=\"https:\/\/www.france24.com\/fr\/tag\/claude-gu%C3%A9ant\/\" target=\"_self\" rel=\"noopener noreferrer\">Claude Gu\u00e9ant<\/a>\u00a0et\u00a0<a class=\"gtm-add-suggested-tag\" href=\"https:\/\/www.france24.com\/fr\/tag\/brice-hortefeux\/\" target=\"_self\" rel=\"noopener noreferrer\">Brice Hortefeux<\/a>, deux anciens proches collaborateurs de Nicolas Sarkozy, ont \u00e9galement \u00e9t\u00e9 reconnus coupables d\u2019association de malfaiteurs.<\/p>\n<p>Le premier a \u00e9galement \u00e9t\u00e9 reconnu coupable de corruption passive et de faux et \u00e9cop\u00e9 de six ans, tandis que Brice Hortefeux a lui re\u00e7u une peine de deux ans de prison.<\/p>\n<p><a class=\"gtm-add-suggested-tag\" href=\"https:\/\/www.france24.com\/fr\/tag\/%C3%A9ric-woerth\/\" target=\"_self\" rel=\"noopener noreferrer\">\u00c9ric Woerth<\/a>, tr\u00e9sorier de la campagne de 2007, a pour sa part \u00e9t\u00e9 relax\u00e9.<\/p>\n<p>L\u2019interm\u00e9diaire Alexandre Djouhri a lui \u00e9t\u00e9 condamn\u00e9 \u00e0 six ans de prison avec mandat de d\u00e9p\u00f4t, une amende de 3\u00a0millions d\u2019euros et 15\u00a0ans d\u2019interdiction de g\u00e9rer une entreprise, avec ex\u00e9cution provisoire.<\/p>\n<p>Apr\u00e8s la\u00a0<a href=\"https:\/\/www.france24.com\/fr\/france\/20250923-financement-de-la-campagne-de-nicolas-sarkozy-l-homme-d-affaires-ziad-takieddine-est-mort\" target=\"_self\" rel=\"noopener noreferrer\">mort au Liban mardi d\u2019un des pr\u00e9venus et protagoniste cl\u00e9 du dossier, Ziad Takieddine<\/a>, le tribunal de Paris a constat\u00e9 l\u2019extinction de l\u2019action publique \u00e0 son encontre, \u00e0 la suite de la communication d\u2019un acte de d\u00e9c\u00e8s officiel.<\/p>\n<div class=\"m-em-video__video\">\n<p>Apr\u00e8s le r\u00e9quisitoire du parquet qui avait demand\u00e9 \u00e0 son encontre la peine la plus lourde, Nicolas Sarkozy avait dans la foul\u00e9e d\u00e9nonc\u00e9 \u00ab\u00a0l\u2019outrance de la peine r\u00e9clam\u00e9e\u00a0\u00bb qui ne visait qu\u2019\u00e0 \u00ab\u00a0masquer la faiblesse des charges all\u00e9gu\u00e9es\u00a0\u00bb.<\/p>\n<p>En \u00e9change de l\u2019argent, selon l\u2019accusation, Nicolas Sarkozy aurait notamment favoris\u00e9 le retour sur la sc\u00e8ne internationale de la Libye et se serait engag\u00e9 \u00e0 absoudre le beau-fr\u00e8re du guide, Abdallah Senoussi, condamn\u00e9 \u00e0 la perp\u00e9tuit\u00e9 pour son r\u00f4le dans l\u2019attentat du DC-10 d\u2019UTA qui avait co\u00fbt\u00e9 la vie \u00e0 170\u00a0personnes en 1989.<\/p>\n<p>Pendant plus d\u2019une d\u00e9cennie, Nicolas Sarkozy, dont la femme et les trois fils ont assist\u00e9 au d\u00e9lib\u00e9r\u00e9, a cri\u00e9 \u00e0 l&rsquo;\u00a0\u00bbinfamie\u00a0\u00bb et r\u00e9pondu aux journalistes qu\u2019ils devraient avoir \u00ab\u00a0honte\u00a0\u00bb d\u2019\u00e9voquer l\u2019affaire.<\/p>\n<p>Il n\u2019y a \u00ab\u00a0aucune preuve\u00a0\u00bb, \u00ab\u00a0rien\u00a0\u00bb, \u00ab\u00a0pas un centime libyen\u00a0\u00bb, \u00ab\u00a0pas le d\u00e9but d\u2019un commencement de financement\u00a0\u00bb, a martel\u00e9 durant le proc\u00e8s un Nicolas Sarkozy lass\u00e9 de se \u00ab\u00a0justifier sur des preuves qui n\u2019existent pas\u00a0!\u00a0\u00bb<\/p>\n<p>La Cour de cassation examinera par ailleurs le 8 octobre le pourvoi de Nicolas Sarkozy dans l\u2019affaire \u00ab\u00a0Bygmalion\u00a0\u00bb, portant sur le financement de sa campagne pr\u00e9sidentielle de 2012 et pour laquelle il a \u00e9t\u00e9 condamn\u00e9 en appel \u00e0 un an de prison dont six mois ferme.<\/p>\n<p>&nbsp;<\/p>\n<p><strong><em>Avec AFP<\/em><\/strong><\/p>\n<\/div>\n<\/div>\n","protected":false},"excerpt":{"rendered":"<p>Nicolas Sarkozy a \u00e9t\u00e9 condamn\u00e9 jeudi \u00e0 cinq ans d\u2019emprisonnement par le tribunal de Paris dans le dossier du financement\u00a0 libyen de sa campagne en 2007. L\u2019ancien pr\u00e9sident est convoqu\u00e9 le 13 octobre par le Parquet national financier pour conna\u00eetre sa date d\u2019incarc\u00e9ration. Nicolas Sarkozy\u00a0ira en prison. Le tribunal de Paris a condamn\u00e9 jeudi 25 [&hellip;]<\/p>\n","protected":false},"author":2,"featured_media":36297,"comment_status":"closed","ping_status":"closed","sticky":false,"template":"","format":"standard","meta":{"footnotes":""},"categories":[58],"tags":[],"class_list":{"0":"post-36295","1":"post","2":"type-post","3":"status-publish","4":"format-standard","5":"has-post-thumbnail","7":"category-societe"},"_links":{"self":[{"href":"https:\/\/conakrynews.org\/index.php\/wp-json\/wp\/v2\/posts\/36295","targetHints":{"allow":["GET"]}}],"collection":[{"href":"https:\/\/conakrynews.org\/index.php\/wp-json\/wp\/v2\/posts"}],"about":[{"href":"https:\/\/conakrynews.org\/index.php\/wp-json\/wp\/v2\/types\/post"}],"author":[{"embeddable":true,"href":"https:\/\/conakrynews.org\/index.php\/wp-json\/wp\/v2\/users\/2"}],"replies":[{"embeddable":true,"href":"https:\/\/conakrynews.org\/index.php\/wp-json\/wp\/v2\/comments?post=36295"}],"version-history":[{"count":0,"href":"https:\/\/conakrynews.org\/index.php\/wp-json\/wp\/v2\/posts\/36295\/revisions"}],"wp:featuredmedia":[{"embeddable":true,"href":"https:\/\/conakrynews.org\/index.php\/wp-json\/wp\/v2\/media\/36297"}],"wp:attachment":[{"href":"https:\/\/conakrynews.org\/index.php\/wp-json\/wp\/v2\/media?parent=36295"}],"wp:term":[{"taxonomy":"category","embeddable":true,"href":"https:\/\/conakrynews.org\/index.php\/wp-json\/wp\/v2\/categories?post=36295"},{"taxonomy":"post_tag","embeddable":true,"href":"https:\/\/conakrynews.org\/index.php\/wp-json\/wp\/v2\/tags?post=36295"}],"curies":[{"name":"wp","href":"https:\/\/api.w.org\/{rel}","templated":true}]}}