{"id":36319,"date":"2025-09-28T10:02:21","date_gmt":"2025-09-28T10:02:21","guid":{"rendered":"https:\/\/conakrynews.org\/?p=36319"},"modified":"2025-09-28T10:02:21","modified_gmt":"2025-09-28T10:02:21","slug":"guinee-la-date-de-la-presidentielle-fixee-pour-le-dimanche-28-decembre-prochain-par-le-general-mamadi-doumbouya","status":"publish","type":"post","link":"https:\/\/conakrynews.org\/index.php\/guinee-la-date-de-la-presidentielle-fixee-pour-le-dimanche-28-decembre-prochain-par-le-general-mamadi-doumbouya\/","title":{"rendered":"Guin\u00e9e :La date de la\u00a0 pr\u00e9sidentielle fix\u00e9e pour le Dimanche 28 D\u00e9cembre prochain par le\u00a0 G\u00e9n\u00e9ral Mamadi Doumbouya"},"content":{"rendered":"<p>&nbsp;<\/p>\n<p>Dans la soir\u00e9e du Samedi,27 Septembre 2025, \u00e0 travers un d\u00e9cret\u00a0 relay\u00e9 sur les ondes de la t\u00e9l\u00e9vision nationale, le pr\u00e9sident de la R\u00e9publique, le G\u00e9n\u00e9ral Doumbouya, a fix\u00e9 la date de l\u2019\u00e9lection pr\u00e9sidentielle au dimanche 28 d\u00e9cembre 2025.<\/p>\n<p>Par Conakrynews.org<\/p>\n","protected":false},"excerpt":{"rendered":"<p>&nbsp; Dans la soir\u00e9e du Samedi,27 Septembre 2025, \u00e0 travers un d\u00e9cret\u00a0 relay\u00e9 sur les ondes de la t\u00e9l\u00e9vision nationale, le pr\u00e9sident de la R\u00e9publique, le G\u00e9n\u00e9ral Doumbouya, a fix\u00e9 la date de l\u2019\u00e9lection pr\u00e9sidentielle au dimanche 28 d\u00e9cembre 2025. Par Conakrynews.org<\/p>\n","protected":false},"author":2,"featured_media":36320,"comment_status":"closed","ping_status":"closed","sticky":false,"template":"","format":"standard","meta":{"footnotes":""},"categories":[57],"tags":[],"class_list":{"0":"post-36319","1":"post","2":"type-post","3":"status-publish","4":"format-standard","5":"has-post-thumbnail","7":"category-politique"},"_links":{"self":[{"href":"https:\/\/conakrynews.org\/index.php\/wp-json\/wp\/v2\/posts\/36319","targetHints":{"allow":["GET"]}}],"collection":[{"href":"https:\/\/conakrynews.org\/index.php\/wp-json\/wp\/v2\/posts"}],"about":[{"href":"https:\/\/conakrynews.org\/index.php\/wp-json\/wp\/v2\/types\/post"}],"author":[{"embeddable":true,"href":"https:\/\/conakrynews.org\/index.php\/wp-json\/wp\/v2\/users\/2"}],"replies":[{"embeddable":true,"href":"https:\/\/conakrynews.org\/index.php\/wp-json\/wp\/v2\/comments?post=36319"}],"version-history":[{"count":0,"href":"https:\/\/conakrynews.org\/index.php\/wp-json\/wp\/v2\/posts\/36319\/revisions"}],"wp:featuredmedia":[{"embeddable":true,"href":"https:\/\/conakrynews.org\/index.php\/wp-json\/wp\/v2\/media\/36320"}],"wp:attachment":[{"href":"https:\/\/conakrynews.org\/index.php\/wp-json\/wp\/v2\/media?parent=36319"}],"wp:term":[{"taxonomy":"category","embeddable":true,"href":"https:\/\/conakrynews.org\/index.php\/wp-json\/wp\/v2\/categories?post=36319"},{"taxonomy":"post_tag","embeddable":true,"href":"https:\/\/conakrynews.org\/index.php\/wp-json\/wp\/v2\/tags?post=36319"}],"curies":[{"name":"wp","href":"https:\/\/api.w.org\/{rel}","templated":true}]}}