{"id":36334,"date":"2025-09-28T18:57:54","date_gmt":"2025-09-28T18:57:54","guid":{"rendered":"https:\/\/conakrynews.org\/?p=36334"},"modified":"2025-09-28T18:57:54","modified_gmt":"2025-09-28T18:57:54","slug":"des-nations-unies-la-guinee-reaffirme-son-engagement-pour-lacces-universel-a-lelectricite-dans-le-cadre-de-la-mission-300","status":"publish","type":"post","link":"https:\/\/conakrynews.org\/index.php\/des-nations-unies-la-guinee-reaffirme-son-engagement-pour-lacces-universel-a-lelectricite-dans-le-cadre-de-la-mission-300\/","title":{"rendered":"des Nations unies : La Guin\u00e9e r\u00e9affirme son engagement pour l\u2019acc\u00e8s universel \u00e0 l\u2019\u00e9lectricit\u00e9 dans le cadre de la Mission 300"},"content":{"rendered":"<h1 class=\"name post-title entry-title\"><\/h1>\n<div class=\"clear\">La Guin\u00e9e r\u00e9affirme son engagement pour l\u2019acc\u00e8s universel \u00e0 l\u2019\u00e9lectricit\u00e9 dans le cadre de la Mission 300<\/div>\n<div class=\"entry\">\n<p>New York, 24 septembre 2025 \u2014 La R\u00e9publique de Guin\u00e9e s\u2019est jointe \u00e0 16 autres pays africains pour adopter des r\u00e9formes et des plans d\u2019action ambitieux visant \u00e0 garantir l\u2019acc\u00e8s \u00e0 l\u2019\u00e9lectricit\u00e9 dans le cadre de la \u00ab Mission 300 \u00bb. Ce programme, pilot\u00e9 par le Groupe de la Banque mondiale et la Banque africaine de d\u00e9veloppement, a pour objectif de fournir une alimentation \u00e9lectrique \u00e0 300 millions de personnes en Afrique d\u2019ici 2030.<\/p>\n<p>En marge de l\u2019Assembl\u00e9e g\u00e9n\u00e9rale des Nations Unies, lors du Forum mondial Bloomberg Philanthropies \u00e0 New York, la d\u00e9l\u00e9gation guin\u00e9enne conduite par le Ministre secr\u00e9taire g\u00e9n\u00e9ral de la Pr\u00e9sidence, G\u00e9n\u00e9ral Amara Camara, repr\u00e9sentant le Pr\u00e9sident de la R\u00e9publique, G\u00e9n\u00e9ral Mamadi Doumbouya, a particip\u00e9 \u00e0 la c\u00e9r\u00e9monie d\u2019adoption du Pacte National de l\u2019\u00c9nergie. Cette d\u00e9l\u00e9gation comprenait \u00e9galement le Conseiller du Chef de l\u2019\u00c9tat, Ousmane Doumbouya, le Ministre des Affaires \u00e9trang\u00e8res, de l\u2019int\u00e9gration africaine et des Guin\u00e9ens \u00e9tablis \u00e0 l\u2019\u00e9tranger, Dr Morissanda Kouyat\u00e9, le Ministre du Plan et de la Coop\u00e9ration internationale, Isma\u00ebl Nab\u00e9, le Ministre de la Jeunesse, Cellou Bald\u00e9, la Ministre de l\u2019Agriculture, Mme Mariama Cir\u00e9 Sylla, ainsi que plusieurs hauts cadres de l\u2019\u00c9tat.<\/p>\n<p>La c\u00e9r\u00e9monie, organis\u00e9e par la Banque mondiale, la Banque africaine de d\u00e9veloppement et Bloomberg Philanthropies, a permis de c\u00e9l\u00e9brer les progr\u00e8s r\u00e9alis\u00e9s par les 12 pays de la premi\u00e8re cohorte ayant d\u00e9j\u00e0 adopt\u00e9 leurs pactes, tout en mettant en lumi\u00e8re les engagements pris par 17 autres pays, dont la Guin\u00e9e, dans la deuxi\u00e8me cohorte.<\/p>\n<p>La R\u00e9publique de Guin\u00e9e a officiellement pr\u00e9sent\u00e9 son programme national, qui vise \u00e0 atteindre l\u2019acc\u00e8s universel \u00e0 une \u00e9lectricit\u00e9 fiable, propre et abordable d\u2019ici 2030, tout en garantissant des solutions de cuisson propre pour 35 % de la population.<\/p>\n<p>Pour rappel, Son Excellence Monsieur le Pr\u00e9sident Mamadi Doumbouya avait assur\u00e9 lors d\u2019une pr\u00e9c\u00e9dente d\u00e9claration : \u00ab La R\u00e9publique de Guin\u00e9e confirme son engagement \u00e0 garantir, \u00e0 l\u2019horizon 2030, l\u2019acc\u00e8s universel \u00e0 une \u00e9lectricit\u00e9 fiable, propre et abordable, tout en assurant une capacit\u00e9 suffisante pour soutenir l\u2019industrialisation nationale, notamment mini\u00e8re, \u00e0 travers un partenariat transparent et constructif avec le secteur priv\u00e9. \u00bb<\/p>\n<p>Pour concr\u00e9tiser cette vision, le gouvernement guin\u00e9en pr\u00e9voit de mettre en \u0153uvre des r\u00e9formes structurantes afin de cr\u00e9er un cadre incitatif propice \u00e0 l\u2019investissement. Ces efforts visent \u00e0 mobiliser les partenaires techniques et financiers autour de projets soutenus par la Mission 300, \u00e0 travers des cofinancements et une assistance technique renforc\u00e9e.<\/p>\n<p><strong>Avec CCG<\/strong><\/p>\n<p>&nbsp;<\/p>\n<\/div>\n","protected":false},"excerpt":{"rendered":"<p>La Guin\u00e9e r\u00e9affirme son engagement pour l\u2019acc\u00e8s universel \u00e0 l\u2019\u00e9lectricit\u00e9 dans le cadre de la Mission 300 New York, 24 septembre 2025 \u2014 La R\u00e9publique de Guin\u00e9e s\u2019est jointe \u00e0 16 autres pays africains pour adopter des r\u00e9formes et des plans d\u2019action ambitieux visant \u00e0 garantir l\u2019acc\u00e8s \u00e0 l\u2019\u00e9lectricit\u00e9 dans le cadre de la \u00ab [&hellip;]<\/p>\n","protected":false},"author":2,"featured_media":36335,"comment_status":"closed","ping_status":"closed","sticky":false,"template":"","format":"standard","meta":{"footnotes":""},"categories":[57],"tags":[],"class_list":{"0":"post-36334","1":"post","2":"type-post","3":"status-publish","4":"format-standard","5":"has-post-thumbnail","7":"category-politique"},"_links":{"self":[{"href":"https:\/\/conakrynews.org\/index.php\/wp-json\/wp\/v2\/posts\/36334","targetHints":{"allow":["GET"]}}],"collection":[{"href":"https:\/\/conakrynews.org\/index.php\/wp-json\/wp\/v2\/posts"}],"about":[{"href":"https:\/\/conakrynews.org\/index.php\/wp-json\/wp\/v2\/types\/post"}],"author":[{"embeddable":true,"href":"https:\/\/conakrynews.org\/index.php\/wp-json\/wp\/v2\/users\/2"}],"replies":[{"embeddable":true,"href":"https:\/\/conakrynews.org\/index.php\/wp-json\/wp\/v2\/comments?post=36334"}],"version-history":[{"count":0,"href":"https:\/\/conakrynews.org\/index.php\/wp-json\/wp\/v2\/posts\/36334\/revisions"}],"wp:featuredmedia":[{"embeddable":true,"href":"https:\/\/conakrynews.org\/index.php\/wp-json\/wp\/v2\/media\/36335"}],"wp:attachment":[{"href":"https:\/\/conakrynews.org\/index.php\/wp-json\/wp\/v2\/media?parent=36334"}],"wp:term":[{"taxonomy":"category","embeddable":true,"href":"https:\/\/conakrynews.org\/index.php\/wp-json\/wp\/v2\/categories?post=36334"},{"taxonomy":"post_tag","embeddable":true,"href":"https:\/\/conakrynews.org\/index.php\/wp-json\/wp\/v2\/tags?post=36334"}],"curies":[{"name":"wp","href":"https:\/\/api.w.org\/{rel}","templated":true}]}}