{"id":36338,"date":"2025-09-28T19:36:50","date_gmt":"2025-09-28T19:36:50","guid":{"rendered":"https:\/\/conakrynews.org\/?p=36338"},"modified":"2025-09-28T19:36:50","modified_gmt":"2025-09-28T19:36:50","slug":"28-septembre-1958-il-y-a-67-ans-la-guinee-desintegrait-lempire-colonial-francais","status":"publish","type":"post","link":"https:\/\/conakrynews.org\/index.php\/28-septembre-1958-il-y-a-67-ans-la-guinee-desintegrait-lempire-colonial-francais\/","title":{"rendered":"28 septembre 1958 : il y a 67 ans, la Guin\u00e9e d\u00e9sint\u00e9grait l\u2019empire colonial fran\u00e7ais"},"content":{"rendered":"<div class=\"td-pb-row\">\n<div class=\"td-pb-span12\">\n<div class=\"td-post-header\">\n<header class=\"td-post-title\">\n<h1 class=\"entry-title\"><\/h1>\n<div class=\"td-module-meta-info\">\n<div class=\"td-post-author-name\">\n<div class=\"td-author-by\"><\/div>\n<\/div>\n<\/div>\n<\/header>\n<\/div>\n<\/div>\n<\/div>\n<div class=\"td-pb-row\">\n<div class=\"td-pb-span8 td-main-content\" role=\"main\">\n<div class=\"td-ss-main-content\">\n<div class=\"td-post-sharing td-post-sharing-top \">\n<div class=\"td-default-sharing\"><\/div>\n<\/div>\n<div class=\"td-post-content\">\n<div class=\"td-post-featured-image\"><\/div>\n<nav class=\"bf-breadcrumb clearfix bc-top-style\" role=\"navigation\" aria-label=\"Breadcrumbs\">\n<div class=\"container bf-breadcrumb-container\">\n<p>&nbsp;<\/p>\n<\/div>\n<\/nav>\n<div class=\"content-wrap\"><main id=\"content\" class=\"content-container\"><\/p>\n<div class=\"container layout-2-col layout-2-col-1 layout-right-sidebar layout-bc-before post-template-1\">\n<div class=\"row main-section\">\n<div class=\"col-sm-8 content-column\">\n<div class=\"single-container\">\n<article id=\"post-132063\" class=\"post-132063 post type-post status-publish format-standard has-post-thumbnail  category-la-une single-post-content has-thumbnail\">\n<div class=\"post-share single-post-share top-share clearfix style-1\">\n<div class=\"post-share-btn-group\"><a class=\"post-share-btn post-share-btn-comments comments\" title=\"Laisser un commentaire sur: &quot;28 septembre 1958 : il y a 67 ans, la Guin\u00e9e d\u00e9sint\u00e9grait l\u2019empire colonial fran\u00e7ais&quot;\" href=\"https:\/\/mediaguinee.com\/2025\/09\/28-septembre-il-y-a-62-ans-la-guinee-desintegrait-lempire-colonial-francais\/#comments\"><i class=\"bf-icon fa fa-comments\" aria-hidden=\"true\"><\/i>\u00a0<\/a>Il y a 67 ans, le 28 septembre 1958, la Guin\u00e9e, sous la direction du syndicaliste Ahmed S\u00e9kou Tour\u00e9, votait massivement \u00ab non \u00bb au r\u00e9f\u00e9rendum propos\u00e9 par le g\u00e9n\u00e9ral Charles de Gaulle. Un vote cons\u00e9cutif au discours historique du 25 ao\u00fbt 1958 \u00e0 Conakry, au cours duquel S\u00e9kou Tour\u00e9 avait affirm\u00e9 avec force :\u00a0<strong><em>\u00ab Nous pr\u00e9f\u00e9rons la libert\u00e9 dans la pauvret\u00e9 \u00e0 la richesse dans l\u2019esclavage. \u00bb<\/em><\/strong>\u00a0Ce choix courageux ouvrait la voie \u00e0 l\u2019ind\u00e9pendance totale de la Guin\u00e9e, proclam\u00e9e le 2 octobre 1958, faisant du pays le premier territoire d\u2019Afrique francophone \u00e0 rompre avec la Communaut\u00e9 fran\u00e7aise. Plus de six d\u00e9cennies plus tard, les Guin\u00e9ens restent fiers de ce vote fondateur, symbole de dignit\u00e9 et de souverainet\u00e9.<\/div>\n<\/div>\n<div class=\"entry-content clearfix single-post-content\">\n<p><em><strong>Mediaguin\u00e9e vous propose \u00e0 cette occasion un texte de Pierre Magnan, publi\u00e9 par Franceinfo.<\/strong><\/em><\/p>\n<h3><strong>28 septembre 1958: le jour o\u00f9 la Guin\u00e9e a dit non \u00e0 de Gaulle<\/strong><\/h3>\n<div class=\"fcarplq fcarplq-post-inline fcarplq-float-center fcarplq-align-center fcarplq-column-1 fcarplq-hide-on-tablet-portrait fcarplq-hide-on-tablet-landscape fcarplq-hide-on-desktop fcarplq-clearfix no-bg-box-model\">\n<div id=\"fcarplq-231298-1696993826\" class=\"fcarplq-container fcarplq-type-custom_code  fcarplq-hide-on-desktop fcarplq-hide-on-tablet-portrait fcarplq-hide-on-tablet-landscape\" data-adid=\"231298\" data-type=\"custom_code\"><ins class=\"adsbygoogle\" data-ad-client=\"ca-pub-1870189416508001\" data-ad-slot=\"4596184177\" data-ad-format=\"auto\" data-full-width-responsive=\"true\" data-adsbygoogle-status=\"done\" data-ad-status=\"unfilled\"><\/p>\n<div id=\"aswift_1_host\"><\/div>\n<p><\/ins><\/div>\n<\/div>\n<p>La Guin\u00e9e est devenue le premier pays d\u2019Afrique subsaharienne \u00e0 devenir ind\u00e9pendant de la France, apr\u00e8s avoir vot\u00e9 \u00abnon\u00bb le 28 septembre 1958 au r\u00e9f\u00e9rendum instituant une \u00abcommunaut\u00e9\u00bb franco-africaine, propos\u00e9e par le g\u00e9n\u00e9ral de Gaulle. Avant ce vote, de Gaulle avait effectu\u00e9 un p\u00e9riple en terre africaine pour d\u00e9fendre son id\u00e9e de communaut\u00e9 avec la France. Retour sur ces \u00e9v\u00e9nements.<\/p>\n<p><img loading=\"lazy\" decoding=\"async\" class=\"alignnone wp-image-132068 b-loaded td-animation-stack-type0-2\" src=\"https:\/\/i0.wp.com\/mediaguinee.org\/wp-content\/uploads\/2020\/09\/sekou-toure.jpg?resize=696%2C261&amp;ssl=1\" alt=\"\" width=\"696\" height=\"261\" data-recalc-dims=\"1\" data-attachment-id=\"132068\" data-permalink=\"https:\/\/mediaguinee.com\/2025\/09\/28-septembre-il-y-a-62-ans-la-guinee-desintegrait-lempire-colonial-francais\/sekou-toure-2\/\" data-orig-file=\"https:\/\/i0.wp.com\/mediaguinee.com\/wp-content\/uploads\/2020\/09\/sekou-toure.jpg?fit=544%2C204&amp;ssl=1\" data-orig-size=\"544,204\" data-comments-opened=\"1\" data-image-meta=\"{&quot;aperture&quot;:&quot;0&quot;,&quot;credit&quot;:&quot;&quot;,&quot;camera&quot;:&quot;&quot;,&quot;caption&quot;:&quot;&quot;,&quot;created_timestamp&quot;:&quot;0&quot;,&quot;copyright&quot;:&quot;&quot;,&quot;focal_length&quot;:&quot;0&quot;,&quot;iso&quot;:&quot;0&quot;,&quot;shutter_speed&quot;:&quot;0&quot;,&quot;title&quot;:&quot;&quot;,&quot;orientation&quot;:&quot;0&quot;}\" data-image-title=\"s\u00e9kou tour\u00e9\" data-image-description=\"\" data-image-caption=\"\" data-medium-file=\"https:\/\/i0.wp.com\/mediaguinee.com\/wp-content\/uploads\/2020\/09\/sekou-toure.jpg?fit=300%2C113&amp;ssl=1\" data-large-file=\"https:\/\/i0.wp.com\/mediaguinee.com\/wp-content\/uploads\/2020\/09\/sekou-toure.jpg?fit=544%2C204&amp;ssl=1\" \/><\/p>\n<p>Revenu au pouvoir \u00e0 l\u2019occasion de la crise alg\u00e9rienne du 13 mai 1958, le g\u00e9n\u00e9ral de Gaulle se lance dans une s\u00e9rie de r\u00e9formes, dont la modification de la constitution qui inclut un processus de d\u00e9colonisation africaine avec une id\u00e9e ma\u00eetresse, r\u00e9unir les futurs pays ind\u00e9pendants africains dans une large communaut\u00e9 avec la m\u00e9tropole. Ce projet est inscrit dans le texte constitutionnel qui doit \u00eatre soumis \u00e0 r\u00e9f\u00e9rendum, en septembre 1958, aux Fran\u00e7ais de m\u00e9tropole mais aussi aux habitants des territoires coloniaux.<\/p>\n<p><img loading=\"lazy\" decoding=\"async\" class=\"alignnone wp-image-132065 b-loaded td-animation-stack-type0-2\" src=\"https:\/\/i0.wp.com\/mediaguinee.org\/wp-content\/uploads\/2020\/09\/de-gaulle.jpg?resize=696%2C392&amp;ssl=1\" alt=\"\" width=\"696\" height=\"392\" data-recalc-dims=\"1\" data-attachment-id=\"132065\" data-permalink=\"https:\/\/mediaguinee.com\/2025\/09\/28-septembre-il-y-a-62-ans-la-guinee-desintegrait-lempire-colonial-francais\/de-gaulle\/\" data-orig-file=\"https:\/\/i0.wp.com\/mediaguinee.com\/wp-content\/uploads\/2020\/09\/de-gaulle.jpg?fit=578%2C325&amp;ssl=1\" data-orig-size=\"578,325\" data-comments-opened=\"1\" data-image-meta=\"{&quot;aperture&quot;:&quot;0&quot;,&quot;credit&quot;:&quot;&quot;,&quot;camera&quot;:&quot;&quot;,&quot;caption&quot;:&quot;&quot;,&quot;created_timestamp&quot;:&quot;0&quot;,&quot;copyright&quot;:&quot;&quot;,&quot;focal_length&quot;:&quot;0&quot;,&quot;iso&quot;:&quot;0&quot;,&quot;shutter_speed&quot;:&quot;0&quot;,&quot;title&quot;:&quot;&quot;,&quot;orientation&quot;:&quot;0&quot;}\" data-image-title=\"de gaulle\" data-image-description=\"\" data-image-caption=\"\" data-medium-file=\"https:\/\/i0.wp.com\/mediaguinee.com\/wp-content\/uploads\/2020\/09\/de-gaulle.jpg?fit=300%2C169&amp;ssl=1\" data-large-file=\"https:\/\/i0.wp.com\/mediaguinee.com\/wp-content\/uploads\/2020\/09\/de-gaulle.jpg?fit=578%2C325&amp;ssl=1\" \/><\/p>\n<p>Pour d\u00e9fendre son id\u00e9e, \u00e0 l\u2019\u00e9t\u00e9 1958, le g\u00e9n\u00e9ral se lance dans une grande tourn\u00e9e des pays africains,\u00a0d\u2019Alger \u00e0 Dakar, en passant notamment par Conakry.<\/p>\n<p>Le 24 ao\u00fbt 1958, il engage \u00e0 Brazzaville la d\u00e9colonisation de l\u2019Afrique noire en proposant la cr\u00e9ation de la Communaut\u00e9, cadre qu\u2019il veut donner \u00e0 l\u2019ind\u00e9pendance des Etats de l\u2019Afrique noire francophone. Lors de cette tourn\u00e9e africaine, de Gaulle propose\u00a0<em>\u00abau suffrage de tous les citoyens des territoires d\u2019Afrique et des citoyens de m\u00e9tropole\u00bb<\/em>\u00a0de former une Communaut\u00e9 dans laquelle chacun des Etats membres acc\u00e9dera \u00e0 l\u2019autonomie, avec un pouvoir ex\u00e9cutif et l\u00e9gislatif. La d\u00e9fense, la politique \u00e9trang\u00e8re, la politique \u00e9conomique et financi\u00e8re, le contr\u00f4le de la justice rel\u00e8veront de l\u2019ex\u00e9cutif de la Communaut\u00e9, rappelle\u00a0<em><a href=\"https:\/\/www.jeuneafrique.com\/155117\/politique\/en-1958-de-gaulle-engageait-le-d-but-de-la-d-colonisation\/\">Jeune Afrique<\/a><\/em>.<\/p>\n<p>La Communaut\u00e9, cela veut dire Paris\u2026 De Gaulle est clair lorsqu\u2019il affirme: \u00ab<em>Il est naturel et l\u00e9gitime que les peuples africains acc\u00e8dent \u00e0 ce degr\u00e9 politique o\u00f9 ils auront la responsabilit\u00e9 enti\u00e8re de leurs affaires int\u00e9rieures, o\u00f9 il leur appartiendra d\u2019en d\u00e9cider eux-m\u00eames<\/em>\u00bb. Les affaires int\u00e9rieures, pas plus.<\/p>\n<p>Le 25 ao\u00fbt, de Gaulle arrive \u00e0 Conakry, capitale de ce qui n\u2019est pas encore la Guin\u00e9e. Il est accueilli par le jeune maire et d\u00e9put\u00e9 (RDA, Rassemblement d\u00e9mocratique africain, apparent\u00e9 PC) du territoire, Ahmed S\u00e9kou Tour\u00e9. Du haut de ses 36 ans, v\u00eatu de son boubou blanc, signe de son africanit\u00e9, il oppose au vieux g\u00e9n\u00e9ral, \u00e2g\u00e9 de 67 ans, un discours fort: \u00ab<em>Nous ne renoncerons pas et nous ne renoncerons jamais au droit l\u00e9gitime et naturel \u00e0 l\u2019ind\u00e9pendance.<\/em>\u00bb<\/p>\n<p><img loading=\"lazy\" decoding=\"async\" class=\"alignnone wp-image-132066 b-loaded td-animation-stack-type0-2\" src=\"https:\/\/i0.wp.com\/mediaguinee.org\/wp-content\/uploads\/2020\/09\/conakry.jpg?resize=696%2C391&amp;ssl=1\" alt=\"\" width=\"696\" height=\"391\" data-recalc-dims=\"1\" data-attachment-id=\"132066\" data-permalink=\"https:\/\/mediaguinee.com\/2025\/09\/28-septembre-il-y-a-62-ans-la-guinee-desintegrait-lempire-colonial-francais\/conakry-16\/\" data-orig-file=\"https:\/\/i0.wp.com\/mediaguinee.com\/wp-content\/uploads\/2020\/09\/conakry.jpg?fit=578%2C325&amp;ssl=1\" data-orig-size=\"578,325\" data-comments-opened=\"1\" data-image-meta=\"{&quot;aperture&quot;:&quot;0&quot;,&quot;credit&quot;:&quot;&quot;,&quot;camera&quot;:&quot;&quot;,&quot;caption&quot;:&quot;&quot;,&quot;created_timestamp&quot;:&quot;0&quot;,&quot;copyright&quot;:&quot;&quot;,&quot;focal_length&quot;:&quot;0&quot;,&quot;iso&quot;:&quot;0&quot;,&quot;shutter_speed&quot;:&quot;0&quot;,&quot;title&quot;:&quot;&quot;,&quot;orientation&quot;:&quot;0&quot;}\" data-image-title=\"conakry\" data-image-description=\"\" data-image-caption=\"\" data-medium-file=\"https:\/\/i0.wp.com\/mediaguinee.com\/wp-content\/uploads\/2020\/09\/conakry.jpg?fit=300%2C169&amp;ssl=1\" data-large-file=\"https:\/\/i0.wp.com\/mediaguinee.com\/wp-content\/uploads\/2020\/09\/conakry.jpg?fit=578%2C325&amp;ssl=1\" \/><\/p>\n<p><strong>\u00abNous pr\u00e9f\u00e9rons la pauvret\u00e9 dans la libert\u00e9 \u00e0 la richesse dans l\u2019esclavage\u00bb<\/strong><br \/>\nLe chantage \u00e0 l\u2019aide fran\u00e7aise n\u2019a pas march\u00e9 avec le jeune leader guin\u00e9en qui, fid\u00e8le aux r\u00eaves de l\u2019\u00e9poque, croit en une \u00ab<em>Afrique\u00a0libre et d\u00e9complex\u00e9e, anti-colonialiste, panafricaniste<\/em>\u00bb. Il lance \u00e0 de Gaulle une phrase qui restera dans la l\u00e9gende politique du continent: \u00ab<em>Nous pr\u00e9f\u00e9rons la pauvret\u00e9 dans la libert\u00e9 \u00e0 la richesse dans l\u2019esclavage.\u00bb\u00a0<\/em>(L\u2019<a href=\"http:\/\/www.ina.fr\/audio\/PHZ09010864\">INA dispose de l\u2019enregistrement<\/a>\u00a0de ce passage).<\/p>\n<p>Ce \u00e0 quoi le g\u00e9n\u00e9ral r\u00e9pond: \u00ab<em>On a parl\u00e9 d\u2019ind\u00e9pendance. Et bien, je le dis ici plus haut qu\u2019ailleurs, l\u2019ind\u00e9pendance est \u00e0 la disposition de la Guin\u00e9e. Elle peut la prendre en disant \u00ab\u00a0non\u00a0\u00bb \u00e0 la proposition qui lui est faite et, dans ce cas, je garantis que la m\u00e9tropole ne s\u2019y opposera pas.\u00bb\u00a0<\/em>Et il ajoute:\u00a0<em>\u00abElle en tirera, bien s\u00fbr, des cons\u00e9quences, mais d\u2019obstacles elle n\u2019en fera pas et votre Territoire pourra comme il le voudra et dans les conditions qu\u2019il voudra, suivre la route qu\u2019il voudra.\u00bb<\/em><\/p>\n<p>Selon les\u00a0<a href=\"http:\/\/www.rfi.fr\/afrique\/20180824-rencontre-entre-sekou-toure-charles-gaulle-deux-discours-histoire\">t\u00e9moins de l\u2019\u00e9poque<\/a>, le g\u00e9n\u00e9ral de Gaulle est furieux.\u00a0Il dira \u00e0 ses proches:<em>\u00a0\u00abLa Guin\u00e9e, Messieurs, n\u2019est pas indispensable \u00e0 la France. Qu\u2019elle prenne ses responsabilit\u00e9s.\u00a0<\/em>(\u2026)<em>\u00a0Nous n\u2019avons plus rien \u00e0 faire ici. Le 29 septembre, la France s\u2019en ira.\u00bb\u00a0<\/em>Vex\u00e9, le chef du gouvernement fran\u00e7ais annulera toutes les r\u00e9ceptions pr\u00e9vues, ne d\u00eenera pas avec S\u00e9kou Tour\u00e9 comme convenu initialement.<\/p>\n<div class=\"google-auto-placed ap_container\"><ins class=\"adsbygoogle adsbygoogle-noablate\" data-ad-format=\"auto\" data-ad-client=\"ca-pub-1870189416508001\" data-adsbygoogle-status=\"done\" data-ad-status=\"unfilled\"><\/p>\n<div id=\"aswift_6_host\"><\/div>\n<p><\/ins><\/div>\n<p><img loading=\"lazy\" decoding=\"async\" class=\"alignnone wp-image-132067 b-loaded td-animation-stack-type0-2\" src=\"https:\/\/i0.wp.com\/mediaguinee.org\/wp-content\/uploads\/2020\/09\/guinee.jpg?resize=696%2C391&amp;ssl=1\" alt=\"\" width=\"696\" height=\"391\" data-recalc-dims=\"1\" data-attachment-id=\"132067\" data-permalink=\"https:\/\/mediaguinee.com\/2025\/09\/28-septembre-il-y-a-62-ans-la-guinee-desintegrait-lempire-colonial-francais\/guinee-21\/\" data-orig-file=\"https:\/\/i0.wp.com\/mediaguinee.com\/wp-content\/uploads\/2020\/09\/guinee.jpg?fit=578%2C325&amp;ssl=1\" data-orig-size=\"578,325\" data-comments-opened=\"1\" data-image-meta=\"{&quot;aperture&quot;:&quot;0&quot;,&quot;credit&quot;:&quot;&quot;,&quot;camera&quot;:&quot;&quot;,&quot;caption&quot;:&quot;&quot;,&quot;created_timestamp&quot;:&quot;0&quot;,&quot;copyright&quot;:&quot;&quot;,&quot;focal_length&quot;:&quot;0&quot;,&quot;iso&quot;:&quot;0&quot;,&quot;shutter_speed&quot;:&quot;0&quot;,&quot;title&quot;:&quot;&quot;,&quot;orientation&quot;:&quot;0&quot;}\" data-image-title=\"guin\u00e9e\" data-image-description=\"\" data-image-caption=\"\" data-medium-file=\"https:\/\/i0.wp.com\/mediaguinee.com\/wp-content\/uploads\/2020\/09\/guinee.jpg?fit=300%2C169&amp;ssl=1\" data-large-file=\"https:\/\/i0.wp.com\/mediaguinee.com\/wp-content\/uploads\/2020\/09\/guinee.jpg?fit=578%2C325&amp;ssl=1\" \/><\/p>\n<p><strong>95% de\u00a0\u00abnon\u00bb en Guin\u00e9e<\/strong><br \/>\nUn mois plus tard, le 28 septembre, lors du r\u00e9f\u00e9rendum constitutionnel, tous les territoires d\u2019Afrique (et surtout la m\u00e9tropolie) votent \u00aboui\u00bb\u2026 sauf un: la Guin\u00e9e.\u00a095,2% des \u00e9lecteurs votent \u00abnon\u00bb, alors que dans quasiment tous les autres futurs pays africains, le \u00aboui\u00bb l\u2019emporte avec des majorit\u00e9s d\u00e9passant les 90% (\u00e0 l\u2019exception de Magagascar, 77%, la future Djibouti (75%) et le Niger (78%).<\/p>\n<p>Le \u00abnon\u00bb l\u2019ayant emport\u00e9, la Guin\u00e9e proclame son ind\u00e9pendance le 2 octobre. Mais les cons\u00e9quences sont rapidement visibles. La France se retire brutalement.\u00a0<em>\u00abLe 29 septembre, le gouverneur fran\u00e7ais informe S\u00e9kou Tour\u00e9 qu\u2019\u00e0 partir du 30, Paris mettra fin \u00e0 toutes les aides jusqu\u2019alors consenties et retirera son personnel technique, y compris les forces arm\u00e9es\u00bb,\u00a0<\/em>rappelle u<a href=\"https:\/\/www.cairn.info\/revue-mondes1-2012-2-page-257.htm\">n universitaire<\/a><em>.<\/em><\/p>\n<p>Le nouveau pays recherche des appuis en Afrique, aupr\u00e8s de Kwame N\u2019Krumah (alors Premier ministre du Ghana) notamment, tandis que le monde sovi\u00e9tique propose de combler le d\u00e9part des Fran\u00e7ais. Finalement, les relations avec la France se normalisent dans le milieu des ann\u00e9es 60. S\u00e9kou Tour\u00e9 restera au pouvoir jusqu\u2019\u00e0 sa mort en 1984. Son geste historique restera cependant terni par sa gestion dictatoriale.<\/p>\n<p><a href=\"https:\/\/www.francetvinfo.fr\/monde\/afrique\/politique-africaine\/28-septembre-1958-le-jour-ou-la-guinee-a-dit-non-a-de-gaulle_3055865.html\"><strong>Source : francetvinfo<\/strong><\/a><\/p>\n<\/div>\n<\/article>\n<\/div>\n<\/div>\n<\/div>\n<\/div>\n<p><\/main><\/div>\n<\/div>\n<\/div>\n<\/div>\n<\/div>\n","protected":false},"excerpt":{"rendered":"<p>&nbsp; \u00a0Il y a 67 ans, le 28 septembre 1958, la Guin\u00e9e, sous la direction du syndicaliste Ahmed S\u00e9kou Tour\u00e9, votait massivement \u00ab non \u00bb au r\u00e9f\u00e9rendum propos\u00e9 par le g\u00e9n\u00e9ral Charles de Gaulle. Un vote cons\u00e9cutif au discours historique du 25 ao\u00fbt 1958 \u00e0 Conakry, au cours duquel S\u00e9kou Tour\u00e9 avait affirm\u00e9 avec force [&hellip;]<\/p>\n","protected":false},"author":2,"featured_media":36339,"comment_status":"closed","ping_status":"closed","sticky":false,"template":"","format":"standard","meta":{"footnotes":""},"categories":[57],"tags":[],"class_list":{"0":"post-36338","1":"post","2":"type-post","3":"status-publish","4":"format-standard","5":"has-post-thumbnail","7":"category-politique"},"_links":{"self":[{"href":"https:\/\/conakrynews.org\/index.php\/wp-json\/wp\/v2\/posts\/36338","targetHints":{"allow":["GET"]}}],"collection":[{"href":"https:\/\/conakrynews.org\/index.php\/wp-json\/wp\/v2\/posts"}],"about":[{"href":"https:\/\/conakrynews.org\/index.php\/wp-json\/wp\/v2\/types\/post"}],"author":[{"embeddable":true,"href":"https:\/\/conakrynews.org\/index.php\/wp-json\/wp\/v2\/users\/2"}],"replies":[{"embeddable":true,"href":"https:\/\/conakrynews.org\/index.php\/wp-json\/wp\/v2\/comments?post=36338"}],"version-history":[{"count":0,"href":"https:\/\/conakrynews.org\/index.php\/wp-json\/wp\/v2\/posts\/36338\/revisions"}],"wp:featuredmedia":[{"embeddable":true,"href":"https:\/\/conakrynews.org\/index.php\/wp-json\/wp\/v2\/media\/36339"}],"wp:attachment":[{"href":"https:\/\/conakrynews.org\/index.php\/wp-json\/wp\/v2\/media?parent=36338"}],"wp:term":[{"taxonomy":"category","embeddable":true,"href":"https:\/\/conakrynews.org\/index.php\/wp-json\/wp\/v2\/categories?post=36338"},{"taxonomy":"post_tag","embeddable":true,"href":"https:\/\/conakrynews.org\/index.php\/wp-json\/wp\/v2\/tags?post=36338"}],"curies":[{"name":"wp","href":"https:\/\/api.w.org\/{rel}","templated":true}]}}