{"id":36360,"date":"2025-09-30T08:41:58","date_gmt":"2025-09-30T08:41:58","guid":{"rendered":"https:\/\/conakrynews.org\/?p=36360"},"modified":"2025-09-30T08:44:36","modified_gmt":"2025-09-30T08:44:36","slug":"problematique-de-la-gestion-des-dechets-a-matoto-le-ministre-aboubacar-camara-en-visite-a-la-ztt-de-kissosso","status":"publish","type":"post","link":"https:\/\/conakrynews.org\/index.php\/problematique-de-la-gestion-des-dechets-a-matoto-le-ministre-aboubacar-camara-en-visite-a-la-ztt-de-kissosso\/","title":{"rendered":"Probl\u00e9matique de la gestion des d\u00e9chets \u00e0 Matoto : le ministre Aboubacar Camara en visite \u00e0 la ZTT de Kissosso"},"content":{"rendered":"<div class=\"td-pb-row\">\n<div class=\"td-pb-span12\">\n<div class=\"td-post-header\">\n<header class=\"td-post-title\">\n<h1 class=\"entry-title\"><\/h1>\n<div class=\"td-module-meta-info\">\n<div class=\"td-post-author-name\">\n<div class=\"td-author-by\"><\/div>\n<\/div>\n<\/div>\n<\/header>\n<\/div>\n<\/div>\n<\/div>\n<div class=\"td-pb-row\">\n<div class=\"td-pb-span8 td-main-content\" role=\"main\">\n<div class=\"td-ss-main-content\">\n<div class=\"td-post-sharing td-post-sharing-top \">\n<div class=\"td-default-sharing\">Dans le cadre de la gestion rationnelle des d\u00e9chets plastiques et liquides, le ministre de l\u2019Hydraulique et des Hydrocarbures, Aboubacar Camara, a visit\u00e9 ce lundi 29 septembre plusieurs Zones de Transit et de Tri (ZTT) de Conakry. Dans la commune de Matoto, c\u2019est la ZTT de Kissosso Plateau qui a accueilli le ministre, en pr\u00e9sence du vice-pr\u00e9sident de la D\u00e9l\u00e9gation Sp\u00e9ciale de Matoto ainsi que du Directeur g\u00e9n\u00e9ral de l\u2019Agence nationale de l\u2019assainissement et de la salubrit\u00e9 publique (ANASP).<\/div>\n<\/div>\n<div class=\"td-post-content\">\n<p><a href=\"https:\/\/i0.wp.com\/liberationinfo.com\/wp-content\/uploads\/2025\/09\/IMG-20250930-WA0004.jpg\"><img loading=\"lazy\" decoding=\"async\" class=\"alignnone size-medium wp-image-28466 td-animation-stack-type0-1\" src=\"https:\/\/i0.wp.com\/liberationinfo.com\/wp-content\/uploads\/2025\/09\/IMG-20250930-WA0004.jpg?resize=300%2C200\" alt=\"\" width=\"300\" height=\"200\" data-recalc-dims=\"1\" \/><\/a><\/p>\n<p>Dans son intervention, le ministre a salu\u00e9 les efforts d\u00e9j\u00e0 entrepris par les acteurs impliqu\u00e9s dans la probl\u00e9matique de l\u2019assainissement :<br \/>\n\u00ab La question de l\u2019assainissement, on voit qu\u2019il y a beaucoup d\u2019efforts fournis, m\u00eame si le travail reste immense. Et qui parle d\u2019assainissement parle de sant\u00e9 publique, une priorit\u00e9 du gouvernement. Cette question est au c\u0153ur des engagements du Chef de l\u2019\u00c9tat, raison pour laquelle il a jug\u00e9 n\u00e9cessaire de regrouper tout le secteur au sein de notre d\u00e9partement afin de mutualiser les efforts. Pour moi, l\u2019heure n\u2019est plus aux discours, il faut se mettre au travail, redoubler d\u2019efforts et transformer les d\u00e9fis en opportunit\u00e9s pour que d\u00e9sormais la capitale devienne propre. \u00bb a d\u00e9clar\u00e9 Aboubacar Camara.<\/p>\n<p>Poursuivant, il a ajout\u00e9 : \u00ab Aujourd\u2019hui, quand on observe la cha\u00eene de valeur des d\u00e9chets, on se rend compte qu\u2019il s\u2019agit d\u2019un secteur pourvoyeur d\u2019emplois. Il est possible de transformer certains d\u00e9chets en palettes \u00e9cologiques et de recycler les plastiques en de nouveaux objets. La question de l\u2019hygi\u00e8ne ne doit pas \u00eatre per\u00e7ue comme un probl\u00e8me g\u00e9n\u00e9rant uniquement des d\u00e9penses : c\u2019est un secteur rentable. Pour cela, il est imp\u00e9ratif que tous les acteurs s\u2019asseyent et travaillent \u00e0 redynamiser les m\u00e9canismes existants afin de lutter efficacement contre l\u2019insalubrit\u00e9 dans nos quartiers. \u00bb<\/p>\n<p><a href=\"https:\/\/i0.wp.com\/liberationinfo.com\/wp-content\/uploads\/2025\/09\/IMG-20250930-WA0002.jpg\"><img loading=\"lazy\" decoding=\"async\" class=\"alignnone size-medium wp-image-28467 td-animation-stack-type0-1\" src=\"https:\/\/i0.wp.com\/liberationinfo.com\/wp-content\/uploads\/2025\/09\/IMG-20250930-WA0002.jpg?resize=273%2C300\" alt=\"\" width=\"273\" height=\"300\" data-recalc-dims=\"1\" \/><\/a><\/p>\n<p>De son c\u00f4t\u00e9, le vice-pr\u00e9sident de la D\u00e9l\u00e9gation Sp\u00e9ciale de Matoto, M. Mahamadou Sylla, a salu\u00e9 la pr\u00e9sence du ministre sur le terrain, qu\u2019il consid\u00e8re comme un signal fort :<br \/>\n\u00ab La gestion des d\u00e9chets ne doit plus se limiter aux bureaux. Dans notre commune, nous sommes impliqu\u00e9s \u00e0 tous les niveaux. D\u2019abord, c\u2019est la commune qui a sign\u00e9 la d\u00e9l\u00e9gation de service avec les PME pour les rendre plus op\u00e9rationnelles et rapprocher le service des populations. Ensuite, nous \u00e9laborons le plan d\u2019enl\u00e8vement des points noirs. Or, compte tenu de la capacit\u00e9 de production des d\u00e9chets \u00e0 Matoto et de la faiblesse de notre logistique, il nous \u00e9tait difficile d\u2019\u00eatre pleinement op\u00e9rationnels. La commune compte pr\u00e8s de huit march\u00e9s, sans compter les m\u00e9nages qui produisent d\u2019importants volumes de d\u00e9chets. Dans un premier temps, nous avons proc\u00e9d\u00e9 \u00e0 l\u2019enl\u00e8vement des bacs \u00e0 ordures le long de l\u2019autoroute afin de favoriser l\u2019acc\u00e8s des PME aux m\u00e9nages. Mais nous avons \u00e9t\u00e9 confront\u00e9s \u00e0 de fortes contraintes li\u00e9es au transfert des d\u00e9chets, avec des ZTT souvent satur\u00e9es. \u00bb<\/p>\n<p>Avant de conclure, il a sollicit\u00e9 aupr\u00e8s du ministre la tenue d\u2019une rencontre d\u2019\u00e9changes sur les questions li\u00e9es \u00e0 la gestion des d\u00e9chets dans les diff\u00e9rentes communes :<br \/>\n\u00ab Nous aurons des propositions \u00e0 lui soumettre dans ce cadre, qui pourront r\u00e9ellement contribuer \u00e0 am\u00e9liorer le syst\u00e8me sur toute la cha\u00eene. \u00bb<\/p>\n<p>Pour sa part, le pr\u00e9sident de la Coordination nationale des acteurs d\u2019assainissement en Guin\u00e9e a rappel\u00e9 que le pays dispose d\u2019un syst\u00e8me structur\u00e9 en trois maillons : la pr\u00e9-collecte, le transfert et la gestion de la d\u00e9charge. Selon lui, d\u00e8s qu\u2019un seul maillon est bloqu\u00e9, cela entra\u00eene automatiquement un dysfonctionnement des deux autres. Une r\u00e9alit\u00e9 qui, aujourd\u2019hui, impacte directement le taux d\u2019abonnement des m\u00e9nages aux services des PME, variant de 50 \u00e0 70 % selon les quartiers.<\/p>\n<p>&nbsp;<\/p>\n<p><strong>Source :liberationinfo.com<\/strong><\/p>\n<\/div>\n<\/div>\n<\/div>\n<\/div>\n","protected":false},"excerpt":{"rendered":"<p>Dans le cadre de la gestion rationnelle des d\u00e9chets plastiques et liquides, le ministre de l\u2019Hydraulique et des Hydrocarbures, Aboubacar Camara, a visit\u00e9 ce lundi 29 septembre plusieurs Zones de Transit et de Tri (ZTT) de Conakry. Dans la commune de Matoto, c\u2019est la ZTT de Kissosso Plateau qui a accueilli le ministre, en pr\u00e9sence [&hellip;]<\/p>\n","protected":false},"author":2,"featured_media":36366,"comment_status":"closed","ping_status":"closed","sticky":false,"template":"","format":"standard","meta":{"footnotes":""},"categories":[1,58],"tags":[],"class_list":{"0":"post-36360","1":"post","2":"type-post","3":"status-publish","4":"format-standard","5":"has-post-thumbnail","7":"category-non-classe","8":"category-societe"},"_links":{"self":[{"href":"https:\/\/conakrynews.org\/index.php\/wp-json\/wp\/v2\/posts\/36360","targetHints":{"allow":["GET"]}}],"collection":[{"href":"https:\/\/conakrynews.org\/index.php\/wp-json\/wp\/v2\/posts"}],"about":[{"href":"https:\/\/conakrynews.org\/index.php\/wp-json\/wp\/v2\/types\/post"}],"author":[{"embeddable":true,"href":"https:\/\/conakrynews.org\/index.php\/wp-json\/wp\/v2\/users\/2"}],"replies":[{"embeddable":true,"href":"https:\/\/conakrynews.org\/index.php\/wp-json\/wp\/v2\/comments?post=36360"}],"version-history":[{"count":0,"href":"https:\/\/conakrynews.org\/index.php\/wp-json\/wp\/v2\/posts\/36360\/revisions"}],"wp:featuredmedia":[{"embeddable":true,"href":"https:\/\/conakrynews.org\/index.php\/wp-json\/wp\/v2\/media\/36366"}],"wp:attachment":[{"href":"https:\/\/conakrynews.org\/index.php\/wp-json\/wp\/v2\/media?parent=36360"}],"wp:term":[{"taxonomy":"category","embeddable":true,"href":"https:\/\/conakrynews.org\/index.php\/wp-json\/wp\/v2\/categories?post=36360"},{"taxonomy":"post_tag","embeddable":true,"href":"https:\/\/conakrynews.org\/index.php\/wp-json\/wp\/v2\/tags?post=36360"}],"curies":[{"name":"wp","href":"https:\/\/api.w.org\/{rel}","templated":true}]}}