{"id":36374,"date":"2025-09-30T14:05:30","date_gmt":"2025-09-30T14:05:30","guid":{"rendered":"https:\/\/conakrynews.org\/?p=36374"},"modified":"2025-09-30T14:08:34","modified_gmt":"2025-09-30T14:08:34","slug":"digitalisation-des-marches-publics-le-premier-preside-la-5eme-session-du-comite-de-pilotage-de-telemo","status":"publish","type":"post","link":"https:\/\/conakrynews.org\/index.php\/digitalisation-des-marches-publics-le-premier-preside-la-5eme-session-du-comite-de-pilotage-de-telemo\/","title":{"rendered":"Digitalisation des march\u00e9s publics : Le premier preside la 5\u00e8me session du comit\u00e9 de pilotage de Telemo"},"content":{"rendered":"<div dir=\"auto\"><\/div>\n<div dir=\"auto\">\n<p>Conakry,29 Septembre 2025,-Fid\u00e8le \u00e0 sa volont\u00e9 de moderniser et de rendre plus transparente la commande publique, le Premier ministre, Amadou Oury BAH, a pr\u00e9sid\u00e9 ce lundi, la cinqui\u00e8me session du Comit\u00e9 de pilotage de TELEMO, une plateforme d\u00e9di\u00e9e \u00e0 la digitalisation de la passation des march\u00e9s publics.<a href=\"https:\/\/envergure224.com\/wp-content\/uploads\/2025\/09\/FB_IMG_1759239090378.jpg\"><img loading=\"lazy\" decoding=\"async\" src=\"https:\/\/envergure224.com\/wp-content\/uploads\/2025\/09\/FB_IMG_1759239090378-300x200.jpg\" alt=\"\" width=\"300\" height=\"200\" \/><\/a><\/p>\n<p><a href=\"https:\/\/envergure224.com\/wp-content\/uploads\/2025\/09\/FB_IMG_1759239106887.jpg\"><img loading=\"lazy\" decoding=\"async\" src=\"https:\/\/envergure224.com\/wp-content\/uploads\/2025\/09\/FB_IMG_1759239106887-300x208.jpg\" alt=\"\" width=\"300\" height=\"208\" \/><\/a><\/p>\n<p>Au terme de cette session, la ministre des Postes,T\u00e9l\u00e9communications et de l\u2019Economie Num\u00e9rique, Mme Rose Pola Pricemou, a indiqu\u00e9 que \ud835\udc29\ud835\udc25\ud835\udc2e\ud835\udc2c \ud835\udc1d\ud835\udc1e \ud835\udfd7\ud835\udfce % \ud835\udc1d\ud835\udc1e\ud835\udc2c \ud835\udc26\ud835\udc28\ud835\udc1d\ud835\udc2e\ud835\udc25\ud835\udc1e\ud835\udc2c \ud835\udc1d\ud835\udc1e \ud835\udc13\ud835\udc04\ud835\udc0b\ud835\udc04\ud835\udc0c\ud835\udc0e sont d\u00e9j\u00e0 op\u00e9rationnels, permettant aux acteurs \u00e9conomiques d\u2019acc\u00e9der en ligne aux plans de passation, de consulter les appels d\u2019offres, de soumissionner et de suivre l\u2019ensemble du processus jusqu\u2019\u00e0 la signature des contrats.<a href=\"https:\/\/envergure224.com\/wp-content\/uploads\/2025\/09\/FB_IMG_1759239094577.jpg\"><img loading=\"lazy\" decoding=\"async\" src=\"https:\/\/envergure224.com\/wp-content\/uploads\/2025\/09\/FB_IMG_1759239094577-300x206.jpg\" alt=\"\" width=\"300\" height=\"206\" \/><\/a><\/p>\n<p><a href=\"https:\/\/envergure224.com\/wp-content\/uploads\/2025\/09\/FB_IMG_1759239111629.jpg\"><img loading=\"lazy\" decoding=\"async\" src=\"https:\/\/envergure224.com\/wp-content\/uploads\/2025\/09\/FB_IMG_1759239111629-300x198.jpg\" alt=\"\" width=\"300\" height=\"198\" \/><\/a><\/p>\n<p>Pour sa part, le ministre de l\u2019Economie et des Finances, M. Mourana Soumah, a mis l\u2019accent sur les b\u00e9n\u00e9fices attendus en mati\u00e8re de r\u00e9duction des d\u00e9lais et des co\u00fbts, ainsi que sur le r\u00f4le d\u00e9terminant de TELEMO dans la lutte contre la corruption, gr\u00e2ce \u00e0 un syst\u00e8me automatis\u00e9, inclusif et transparent.<\/p>\n<p><a href=\"https:\/\/envergure224.com\/wp-content\/uploads\/2025\/09\/FB_IMG_1759239098729.jpg\"><img loading=\"lazy\" decoding=\"async\" src=\"https:\/\/envergure224.com\/wp-content\/uploads\/2025\/09\/FB_IMG_1759239098729-300x220.jpg\" alt=\"\" width=\"300\" height=\"220\" \/><\/a><\/p>\n<p>\u00c0 travers cette r\u00e9forme majeure, le Gouvernement r\u00e9affirme son engagement \u00e0 renforcer la gouvernance \u00e9conomique et \u00e0 am\u00e9liorer le climat des affaires, conform\u00e9ment aux orientations du Pr\u00e9sident de la R\u00e9publique, Chef de l\u2019\u00c9tat, le G\u00e9n\u00e9ral Mamadi Doumbouya.<\/p>\n<p><a href=\"https:\/\/envergure224.com\/wp-content\/uploads\/2025\/09\/FB_IMG_1759239111629-1.jpg\"><img loading=\"lazy\" decoding=\"async\" src=\"https:\/\/envergure224.com\/wp-content\/uploads\/2025\/09\/FB_IMG_1759239111629-1-300x198.jpg\" alt=\"\" width=\"300\" height=\"198\" \/><\/a><a href=\"https:\/\/envergure224.com\/wp-content\/uploads\/2025\/09\/FB_IMG_1759239102741.jpg\"><img loading=\"lazy\" decoding=\"async\" src=\"https:\/\/envergure224.com\/wp-content\/uploads\/2025\/09\/FB_IMG_1759239102741-300x185.jpg\" alt=\"\" width=\"300\" height=\"185\" \/><\/a><a href=\"https:\/\/envergure224.com\/wp-content\/uploads\/2025\/09\/FB_IMG_1759239094577.jpg\"><img loading=\"lazy\" decoding=\"async\" src=\"https:\/\/envergure224.com\/wp-content\/uploads\/2025\/09\/FB_IMG_1759239094577-300x206.jpg\" alt=\"\" width=\"300\" height=\"206\" \/><\/a><\/p>\n<p>Cellule de communication Primature<\/p>\n<p>&nbsp;<\/p>\n<\/div>\n","protected":false},"excerpt":{"rendered":"<p>Conakry,29 Septembre 2025,-Fid\u00e8le \u00e0 sa volont\u00e9 de moderniser et de rendre plus transparente la commande publique, le Premier ministre, Amadou Oury BAH, a pr\u00e9sid\u00e9 ce lundi, la cinqui\u00e8me session du Comit\u00e9 de pilotage de TELEMO, une plateforme d\u00e9di\u00e9e \u00e0 la digitalisation de la passation des march\u00e9s publics. Au terme de cette session, la ministre des [&hellip;]<\/p>\n","protected":false},"author":2,"featured_media":36372,"comment_status":"closed","ping_status":"closed","sticky":false,"template":"","format":"standard","meta":{"footnotes":""},"categories":[58],"tags":[],"class_list":{"0":"post-36374","1":"post","2":"type-post","3":"status-publish","4":"format-standard","5":"has-post-thumbnail","7":"category-societe"},"_links":{"self":[{"href":"https:\/\/conakrynews.org\/index.php\/wp-json\/wp\/v2\/posts\/36374","targetHints":{"allow":["GET"]}}],"collection":[{"href":"https:\/\/conakrynews.org\/index.php\/wp-json\/wp\/v2\/posts"}],"about":[{"href":"https:\/\/conakrynews.org\/index.php\/wp-json\/wp\/v2\/types\/post"}],"author":[{"embeddable":true,"href":"https:\/\/conakrynews.org\/index.php\/wp-json\/wp\/v2\/users\/2"}],"replies":[{"embeddable":true,"href":"https:\/\/conakrynews.org\/index.php\/wp-json\/wp\/v2\/comments?post=36374"}],"version-history":[{"count":0,"href":"https:\/\/conakrynews.org\/index.php\/wp-json\/wp\/v2\/posts\/36374\/revisions"}],"wp:featuredmedia":[{"embeddable":true,"href":"https:\/\/conakrynews.org\/index.php\/wp-json\/wp\/v2\/media\/36372"}],"wp:attachment":[{"href":"https:\/\/conakrynews.org\/index.php\/wp-json\/wp\/v2\/media?parent=36374"}],"wp:term":[{"taxonomy":"category","embeddable":true,"href":"https:\/\/conakrynews.org\/index.php\/wp-json\/wp\/v2\/categories?post=36374"},{"taxonomy":"post_tag","embeddable":true,"href":"https:\/\/conakrynews.org\/index.php\/wp-json\/wp\/v2\/tags?post=36374"}],"curies":[{"name":"wp","href":"https:\/\/api.w.org\/{rel}","templated":true}]}}