{"id":36399,"date":"2025-09-30T16:22:08","date_gmt":"2025-09-30T16:22:08","guid":{"rendered":"https:\/\/conakrynews.org\/?p=36399"},"modified":"2025-09-30T16:26:18","modified_gmt":"2025-09-30T16:26:18","slug":"le-journal-horoya-cite-en-modele-par-le-ministre-fana-soumah","status":"publish","type":"post","link":"https:\/\/conakrynews.org\/index.php\/le-journal-horoya-cite-en-modele-par-le-ministre-fana-soumah\/","title":{"rendered":"Le journal Horoya cit\u00e9 en mod\u00e8le par le ministre Fana Soumah"},"content":{"rendered":"<div class=\"td-post-header\">\n<header class=\"td-post-title\">\n<h1 class=\"entry-title\"><\/h1>\n<div class=\"td-module-meta-info\">\n<div class=\"td-post-author-name\">\n<div class=\"td-author-by\">\u00a0Le journal national <em>Horoya<\/em>, dirig\u00e9 par\u00a0<strong>Ibrahima Kon\u00e9<\/strong>, a \u00e9t\u00e9 salu\u00e9 comme un\u00a0<strong>exemple \u00e0 suivre<\/strong>\u00a0lors du conseil de cabinet du minist\u00e8re de l\u2019Information et de la Communication, pr\u00e9sid\u00e9 par le ministre\u00a0<strong>Fana Soumah<\/strong>.<\/div>\n<\/div>\n<\/div>\n<\/header>\n<\/div>\n<div class=\"td-post-content tagdiv-type\">\n<p>&nbsp;<\/p>\n<p>Au cours de cette r\u00e9union, le ministre a mis en avant les\u00a0<strong>r\u00e9formes engag\u00e9es<\/strong>\u00a0au sein du quotidien national, soulignant les efforts de la Direction G\u00e9n\u00e9rale et du personnel pour moderniser le journal et renforcer sa\u00a0<strong>qualit\u00e9 \u00e9ditoriale<\/strong>. Selon lui,\u00a0<em>Horoya<\/em>\u00a0s\u2019impose d\u00e9sormais comme un\u00a0<strong>mod\u00e8le de service public de l\u2019information<\/strong>, en particulier \u00e0 l\u2019approche des prochaines \u00e9ch\u00e9ances \u00e9lectorales.<\/p>\n<p>\u00ab\u00a0<em>Horoya<\/em>\u00a0illustre parfaitement l\u2019esprit de r\u00e9forme et d\u2019engagement que nous souhaitons pour tous les m\u00e9dias publics \u00bb, a d\u00e9clar\u00e9 Fana Soumah, rappelant le r\u00f4le essentiel du journal dans la diffusion d\u2019informations fiables sur l\u2019ensemble du territoire.<\/p>\n<p>Cette mise en lumi\u00e8re s\u2019inscrit dans une strat\u00e9gie plus large du d\u00e9partement visant \u00e0 renforcer les m\u00e9dias publics, avec l\u2019arriv\u00e9e prochaine de nouveaux \u00e9quipements pour la\u00a0<strong>collecte, le traitement et la diffusion de l\u2019information<\/strong>.<\/p>\n<p>Le ministre a enfin appel\u00e9 les \u00e9quipes \u00e0\u00a0<strong>pr\u00e9server l\u2019esprit d\u2019\u00e9quipe<\/strong>\u00a0et \u00e0 poursuivre les efforts pour\u00a0<strong>consolider les acquis<\/strong>, en prenant exemple sur le journal\u00a0<em>Horoya<\/em>.<\/p>\n<p>Source:repere guinee.com<\/p>\n<\/div>\n","protected":false},"excerpt":{"rendered":"<p>\u00a0Le journal national Horoya, dirig\u00e9 par\u00a0Ibrahima Kon\u00e9, a \u00e9t\u00e9 salu\u00e9 comme un\u00a0exemple \u00e0 suivre\u00a0lors du conseil de cabinet du minist\u00e8re de l\u2019Information et de la Communication, pr\u00e9sid\u00e9 par le ministre\u00a0Fana Soumah. &nbsp; Au cours de cette r\u00e9union, le ministre a mis en avant les\u00a0r\u00e9formes engag\u00e9es\u00a0au sein du quotidien national, soulignant les efforts de la Direction [&hellip;]<\/p>\n","protected":false},"author":2,"featured_media":36400,"comment_status":"closed","ping_status":"closed","sticky":false,"template":"","format":"standard","meta":{"footnotes":""},"categories":[58],"tags":[],"class_list":{"0":"post-36399","1":"post","2":"type-post","3":"status-publish","4":"format-standard","5":"has-post-thumbnail","7":"category-societe"},"_links":{"self":[{"href":"https:\/\/conakrynews.org\/index.php\/wp-json\/wp\/v2\/posts\/36399","targetHints":{"allow":["GET"]}}],"collection":[{"href":"https:\/\/conakrynews.org\/index.php\/wp-json\/wp\/v2\/posts"}],"about":[{"href":"https:\/\/conakrynews.org\/index.php\/wp-json\/wp\/v2\/types\/post"}],"author":[{"embeddable":true,"href":"https:\/\/conakrynews.org\/index.php\/wp-json\/wp\/v2\/users\/2"}],"replies":[{"embeddable":true,"href":"https:\/\/conakrynews.org\/index.php\/wp-json\/wp\/v2\/comments?post=36399"}],"version-history":[{"count":0,"href":"https:\/\/conakrynews.org\/index.php\/wp-json\/wp\/v2\/posts\/36399\/revisions"}],"wp:featuredmedia":[{"embeddable":true,"href":"https:\/\/conakrynews.org\/index.php\/wp-json\/wp\/v2\/media\/36400"}],"wp:attachment":[{"href":"https:\/\/conakrynews.org\/index.php\/wp-json\/wp\/v2\/media?parent=36399"}],"wp:term":[{"taxonomy":"category","embeddable":true,"href":"https:\/\/conakrynews.org\/index.php\/wp-json\/wp\/v2\/categories?post=36399"},{"taxonomy":"post_tag","embeddable":true,"href":"https:\/\/conakrynews.org\/index.php\/wp-json\/wp\/v2\/tags?post=36399"}],"curies":[{"name":"wp","href":"https:\/\/api.w.org\/{rel}","templated":true}]}}