{"id":36406,"date":"2025-09-30T17:36:43","date_gmt":"2025-09-30T17:36:43","guid":{"rendered":"https:\/\/conakrynews.org\/?p=36406"},"modified":"2025-10-02T06:54:46","modified_gmt":"2025-10-02T06:54:46","slug":"guinee-elections-presidentielles-la-synergie-gmd-2025-lance-une-petition-pour-demander-la-candidature-du-general-mamadi-doumbouya","status":"publish","type":"post","link":"https:\/\/conakrynews.org\/index.php\/guinee-elections-presidentielles-la-synergie-gmd-2025-lance-une-petition-pour-demander-la-candidature-du-general-mamadi-doumbouya\/","title":{"rendered":"Guin\u00e9e\/\u00e9lections pr\u00e9sidentielles : La Synergie GMD 2025 lance une p\u00e9tition pour demander la candidature du G\u00e9n\u00e9ral Mamadi Doumbouya"},"content":{"rendered":"<div id=\"m#msg-a:r5307486438281622968\" class=\"mail-message expanded\">\n<div id=\"m#msg-a:r5307486438281622968-content\" class=\"mail-message-content collapsible zoom-normal mail-show-images \">\n<div class=\"clear\">\n<div dir=\"auto\">\n<div dir=\"auto\">\n<figure><\/figure>\n<figure><\/figure>\n<figure>Apr\u00e8s seulement la fixation de la date de l&rsquo;\u00e9lection pr\u00e9sidentielle en Guin\u00e9e par un\u00a0 d\u00e9cret du Pr\u00e9sident de la transition,le G\u00e9n\u00e9ral Mamadi Doumbouya, les membres de la Synergie GMD 2025, \u00e9taient face \u00e0 la presse cet apr\u00e8s midi du mardi,30 2025, pour annoncer le lancement d&rsquo;une p\u00e9tition demandant au pr\u00e9sident Mamadi Doumbouya de se porter candidat \u00e0 la prochaine pr\u00e9sidentielle pr\u00e9vue le 28 D\u00e9cembre 2025.Cette rencontre avec des m\u00e9dias de la place s&rsquo;est tenue \u00e0 la maison commune des journalistes sise \u00e0 la mini\u00e8re.<\/figure>\n<figure><\/figure>\n<figure><\/figure>\n<figure>D&rsquo;entr\u00e9e de jeu, le coordinateur national de la Synergie GMD 2025, Alhousseiny Makanera Kak\u00e9,\u00a0\u00a0a d\u00e9clar\u00e9 que la Synergie GMD 2025, a tenu rencontr\u00e9 les m\u00e9dia pour lancer une p\u00e9tition demandant au G\u00e9n\u00e9ral Mamadi Doumbouya de se porter candidat \u00e0 la prochaine pr\u00e9sidentielle.\u00a0\u00bb Nous vous \u00e9crivons aujourd\u2019hui au nom de la Synergie GMD25, une plateforme citoyenne n\u00e9e de la volont\u00e9 de Guin\u00e9ennes et de Guin\u00e9ens engag\u00e9s pour l\u2019unit\u00e9, la stabilit\u00e9 et le progr\u00e8s de notre Nation. Cette lettre ouverte est l\u2019expression d\u2019un appel patriotique, d\u2019une attente populaire sinc\u00e8re, et d\u2019un espoir partag\u00e9 : vous voir vous pr\u00e9senter comme candidat \u00e0 l\u2019\u00e9lection pr\u00e9sidentielle de 2025&Prime;, a fait savoir le coordinateur national de la Synergie GMD 2025.<\/figure>\n<\/div>\n<div dir=\"auto\">\n<div>\n<div>\n<p>Avant d&rsquo;expliquer :\u00a0\u00bbDepuis le 5 septembre 2021, vous avez su incarner une nouvelle voie pour la Guin\u00e9e. En r\u00e9tablissant la dignit\u00e9 de l\u2019\u00c9tat, en luttant contre la corruption, en r\u00e9formant les institutions et en pr\u00f4nant l\u2019unit\u00e9 nationale, vous avez redonn\u00e9 espoir \u00e0 un peuple longtemps meurtri par les divisions, l\u2019instabilit\u00e9 et l\u2019injustice. Aujourd\u2019hui, \u00e0 l\u2019approche d\u2019un tournant d\u00e9cisif de notre histoire politique, la quasi-totalit\u00e9 de la population vous r\u00e9clame. Dans les foyers, sur les march\u00e9s, dans les quartiers et dans les villages, la voix du peuple s\u2019\u00e9l\u00e8ve avec clart\u00e9 : \u201cG\u00e9n\u00e9ral Mamadi Doumbouya, ne nous abandonnez pas maintenant ! Conscients de la gravit\u00e9 de l\u2019heure et de l\u2019importance de ne pas rompre la dynamique de refondation engag\u00e9e sous votre leadership, la Synergie GMD25 lance une grande p\u00e9tition nationale visant \u00e0 recueillir cinq (5) millions de signatures en deux semaines, pour vous demander officiellement et solennellement de porter la candidature de l\u2019unit\u00e9 nationale, de la continuit\u00e9 et de la stabilit\u00e9\u00a0\u00bb, a -t-il expliqu\u00e9.<\/p>\n<p>Sylla Ibrahima Kalil, pour www.conakrynews.org,625444534<\/p>\n<\/div>\n<\/div>\n<\/div>\n<\/div>\n<\/div>\n<\/div>\n<div id=\"m#msg-a:r5307486438281622968-footer\" class=\"mail-message-footer spacer collapsible\"><\/div>\n<\/div>\n","protected":false},"excerpt":{"rendered":"<p>Apr\u00e8s seulement la fixation de la date de l&rsquo;\u00e9lection pr\u00e9sidentielle en Guin\u00e9e par un\u00a0 d\u00e9cret du Pr\u00e9sident de la transition,le G\u00e9n\u00e9ral Mamadi Doumbouya, les membres de la Synergie GMD 2025, \u00e9taient face \u00e0 la presse cet apr\u00e8s midi du mardi,30 2025, pour annoncer le lancement d&rsquo;une p\u00e9tition demandant au pr\u00e9sident Mamadi Doumbouya de se porter [&hellip;]<\/p>\n","protected":false},"author":2,"featured_media":36407,"comment_status":"closed","ping_status":"closed","sticky":false,"template":"","format":"standard","meta":{"footnotes":""},"categories":[57],"tags":[],"class_list":{"0":"post-36406","1":"post","2":"type-post","3":"status-publish","4":"format-standard","5":"has-post-thumbnail","7":"category-politique"},"_links":{"self":[{"href":"https:\/\/conakrynews.org\/index.php\/wp-json\/wp\/v2\/posts\/36406","targetHints":{"allow":["GET"]}}],"collection":[{"href":"https:\/\/conakrynews.org\/index.php\/wp-json\/wp\/v2\/posts"}],"about":[{"href":"https:\/\/conakrynews.org\/index.php\/wp-json\/wp\/v2\/types\/post"}],"author":[{"embeddable":true,"href":"https:\/\/conakrynews.org\/index.php\/wp-json\/wp\/v2\/users\/2"}],"replies":[{"embeddable":true,"href":"https:\/\/conakrynews.org\/index.php\/wp-json\/wp\/v2\/comments?post=36406"}],"version-history":[{"count":0,"href":"https:\/\/conakrynews.org\/index.php\/wp-json\/wp\/v2\/posts\/36406\/revisions"}],"wp:featuredmedia":[{"embeddable":true,"href":"https:\/\/conakrynews.org\/index.php\/wp-json\/wp\/v2\/media\/36407"}],"wp:attachment":[{"href":"https:\/\/conakrynews.org\/index.php\/wp-json\/wp\/v2\/media?parent=36406"}],"wp:term":[{"taxonomy":"category","embeddable":true,"href":"https:\/\/conakrynews.org\/index.php\/wp-json\/wp\/v2\/categories?post=36406"},{"taxonomy":"post_tag","embeddable":true,"href":"https:\/\/conakrynews.org\/index.php\/wp-json\/wp\/v2\/tags?post=36406"}],"curies":[{"name":"wp","href":"https:\/\/api.w.org\/{rel}","templated":true}]}}