{"id":36411,"date":"2025-09-30T20:23:30","date_gmt":"2025-09-30T20:23:30","guid":{"rendered":"https:\/\/conakrynews.org\/?p=36411"},"modified":"2025-09-30T20:23:30","modified_gmt":"2025-09-30T20:23:30","slug":"rdc-lex-president-joseph-kabila-condamne-a-la-peine-de-mort","status":"publish","type":"post","link":"https:\/\/conakrynews.org\/index.php\/rdc-lex-president-joseph-kabila-condamne-a-la-peine-de-mort\/","title":{"rendered":"RDC: l\u2019ex-pr\u00e9sident Joseph Kabila condamn\u00e9 \u00e0 la peine de mort"},"content":{"rendered":"<p>L\u2019ancien pr\u00e9sident de la R\u00e9publique d\u00e9mocratique du Congo (RDC), Joseph Kabila (2001-2019), a \u00e9t\u00e9 condamn\u00e9 en son absence \u00e0 la peine de mort notamment pour \u00ab crimes de guerre \u00bb et \u00ab trahison \u00bb, ce mardi 30 septembre 2025, \u00e0 la Haute Cour militaire de Kinshasa.<\/p>\n<div class=\"entry\">\n<p>Celui qui a dirig\u00e9 la R\u00e9publique d\u00e9mocratique du Congo (<strong><a href=\"https:\/\/www.rfi.fr\/fr\/tag\/rdc\/\" target=\"_self\" rel=\"noopener noreferrer\">RDC<\/a><\/strong>) de 2001 \u00e0 2019 a \u00e9t\u00e9 condamn\u00e9 \u00e0 la peine de mort. La Haute Cour militaire a rendu son arr\u00eat ce mardi apr\u00e8s pr\u00e8s de quatre\u00a0heures de prononc\u00e9 du jugement. L\u2019ancien chef de l\u2019\u00c9tat \u00e9tait absent de ce proc\u00e8s puisqu\u2019il est en exil depuis plus de deux ans.<\/p>\n<p><strong><a href=\"https:\/\/www.rfi.fr\/fr\/tag\/joseph-kabila\/\" target=\"_self\" rel=\"noopener noreferrer\">Joseph Kabila<\/a><\/strong>\u00a0\u00e9tait notamment poursuivi pour \u00ab\u00a0crimes de guerre\u00a0\u00bb, \u00ab\u00a0trahison\u00a0\u00bb et \u00ab\u00a0organisation d\u2019un mouvement insurrectionnel\u00a0\u00bb pour ses liens pr\u00e9sum\u00e9s avec le mouvement politico-militaire AFC\/M23. Pour l\u2019accusation, Joseph Kabila, 54 ans, \u00e9tait l\u2019un des initiateurs de l\u2019Alliance Fleuve Congo (AFC), branche politique du\u00a0<strong><a href=\"https:\/\/www.rfi.fr\/fr\/tag\/m23\/\" target=\"_self\" rel=\"noopener noreferrer\">M23<\/a><\/strong>. La peine de mort avait \u00e9t\u00e9 requise.<\/p>\n<p>L\u2019ancien pr\u00e9sident a \u00e9t\u00e9 reconnu coupable de complicit\u00e9 avec le groupe arm\u00e9 antigouvernemental soutenu par le Rwanda.\u00a0Ce verdict est historique pour la RDC, car Joseph Kabila, coupable\u00a0de tous les chefs d\u2019accusation, est le premier pr\u00e9sident congolais \u00e0 \u00eatre condamn\u00e9 par une juridiction militaire.<\/p>\n<h2>L\u2019ancien pr\u00e9sident\u00a0\u00ab\u00a0<em>est le chef de la coalition AFC\/M23<\/em>\u00a0\u00bb selon la Haute Cour militaire de Kinshasa<\/h2>\n<p>Pendant pr\u00e8s de quatre heures, les juges de la Haute Cour militaire ont motiv\u00e9 leur d\u00e9cision. Ils sont longuement revenus sur toutes les \u00e9tapes de cette instruction, la lev\u00e9e des immunit\u00e9s devant le Senat pour Joseph Kabila, mais aussi les r\u00e9quisitoires du minist\u00e8re public et les plaidoiries des parties civiles, explique notre correspondante \u00e0 Kinshasa, Paulina Zidi.<\/p>\n<p>La juridiction a ensuite abord\u00e9 l\u2019ensemble des accusations retenues contre Joseph Kabila et d\u00e9taill\u00e9 la chronologie de cette crise avec le M23. La Cour affirme que \u00ab\u00a0<em>Joseph Kabila est le chef de la coalition AFC\/M23<\/em>\u00a0\u00bb. Durant l\u2019audience, avant m\u00eame l\u2019\u00e9nonc\u00e9 du verdict, elle a pr\u00e9venu que l\u2019ancien pr\u00e9sident \u00ab\u00a0sera condamn\u00e9 \u00e0 une lourde peine et son arrestation imm\u00e9diate demand\u00e9e\u00a0\u00bb.<\/p>\n<p>La Haute Cour militaire condamne aussi l\u2019ancien pr\u00e9sident \u00e0 verser d\u2019importants dommages et int\u00e9r\u00eats : plus de 33 milliards de dollars pour l\u2019\u00c9tat congolais, les provinces du Nord et du Sud-Kivu et des associations d\u2019aide aux victimes.\u00a0Une proc\u00e9dure d\u00e9nonc\u00e9e par le camp de l\u2019ancien pr\u00e9sident. Pour Emmanuel Shadary, le secr\u00e9taire permanent de son parti le PPRD, c\u2019est une \u00ab\u00a0<em>vaste blague. Nous avons toujours dit qu\u2019il s\u2019agit d\u2019un proc\u00e8s politique<\/em>\u00a0\u00bb, a-t-il affirm\u00e9 apr\u00e8s le verdict.<\/p>\n<h2>L\u2019est de la RDC d\u00e9vast\u00e9 par 30 ann\u00e9es de conflits<\/h2>\n<p>Le verdict \u00e9tait initialement pr\u00e9vu le 12 septembre mais avait \u00e9t\u00e9 report\u00e9, les parties civiles ayant demand\u00e9 la reprise de l\u2019instruction. Elles promettaient de nouveaux \u00e9l\u00e9ments, notamment des t\u00e9moins qui devaient d\u00e9montrer les liens financiers pr\u00e9sum\u00e9s entre l\u2019ancien pr\u00e9sident et l\u2019AFC\/M23. Mais, \u00e0 la derni\u00e8re audience, les t\u00e9moins ne se sont finalement pas pr\u00e9sent\u00e9s. Et le dossier reposait donc sur les \u00e9l\u00e9ments d\u00e9j\u00e0 pr\u00e9sent\u00e9s par l\u2019accusation. \u00c0 savoir des prises de parole de Joseph Kabila et de ses proches, ainsi que le pr\u00e9sum\u00e9 t\u00e9moignage d\u2019un homme pr\u00e9sent\u00e9 comme proche du chef de l\u2019AFC\/M23.<\/p>\n<p>L\u2019est de la RDC, r\u00e9gion situ\u00e9e \u00e0 la fronti\u00e8re du Rwanda et riche en ressources naturelles, notamment en minerais, est d\u00e9chir\u00e9e par les conflits depuis 30 ans. Les violences se sont intensifi\u00e9es d\u00e9but 2025. Le groupe arm\u00e9 M23, soutenu par le Rwanda, et les troupes rwandaises se sont empar\u00e9s des grandes villes de Goma en janvier, puis de Bukavu en f\u00e9vrier.<\/p>\n<p>&nbsp;<\/p>\n<p><strong>Par RFI<\/strong><\/p>\n<\/div>\n","protected":false},"excerpt":{"rendered":"<p>L\u2019ancien pr\u00e9sident de la R\u00e9publique d\u00e9mocratique du Congo (RDC), Joseph Kabila (2001-2019), a \u00e9t\u00e9 condamn\u00e9 en son absence \u00e0 la peine de mort notamment pour \u00ab crimes de guerre \u00bb et \u00ab trahison \u00bb, ce mardi 30 septembre 2025, \u00e0 la Haute Cour militaire de Kinshasa. Celui qui a dirig\u00e9 la R\u00e9publique d\u00e9mocratique du Congo [&hellip;]<\/p>\n","protected":false},"author":2,"featured_media":36412,"comment_status":"closed","ping_status":"closed","sticky":false,"template":"","format":"standard","meta":{"footnotes":""},"categories":[58],"tags":[],"class_list":{"0":"post-36411","1":"post","2":"type-post","3":"status-publish","4":"format-standard","5":"has-post-thumbnail","7":"category-societe"},"_links":{"self":[{"href":"https:\/\/conakrynews.org\/index.php\/wp-json\/wp\/v2\/posts\/36411","targetHints":{"allow":["GET"]}}],"collection":[{"href":"https:\/\/conakrynews.org\/index.php\/wp-json\/wp\/v2\/posts"}],"about":[{"href":"https:\/\/conakrynews.org\/index.php\/wp-json\/wp\/v2\/types\/post"}],"author":[{"embeddable":true,"href":"https:\/\/conakrynews.org\/index.php\/wp-json\/wp\/v2\/users\/2"}],"replies":[{"embeddable":true,"href":"https:\/\/conakrynews.org\/index.php\/wp-json\/wp\/v2\/comments?post=36411"}],"version-history":[{"count":0,"href":"https:\/\/conakrynews.org\/index.php\/wp-json\/wp\/v2\/posts\/36411\/revisions"}],"wp:featuredmedia":[{"embeddable":true,"href":"https:\/\/conakrynews.org\/index.php\/wp-json\/wp\/v2\/media\/36412"}],"wp:attachment":[{"href":"https:\/\/conakrynews.org\/index.php\/wp-json\/wp\/v2\/media?parent=36411"}],"wp:term":[{"taxonomy":"category","embeddable":true,"href":"https:\/\/conakrynews.org\/index.php\/wp-json\/wp\/v2\/categories?post=36411"},{"taxonomy":"post_tag","embeddable":true,"href":"https:\/\/conakrynews.org\/index.php\/wp-json\/wp\/v2\/tags?post=36411"}],"curies":[{"name":"wp","href":"https:\/\/api.w.org\/{rel}","templated":true}]}}