{"id":36431,"date":"2025-10-01T20:09:54","date_gmt":"2025-10-01T20:09:54","guid":{"rendered":"https:\/\/conakrynews.org\/?p=36431"},"modified":"2025-10-01T20:12:13","modified_gmt":"2025-10-01T20:12:13","slug":"a-la-veille-de-la-fete-nationale-ibrahima-kone-salue-le-leadership-du-general-mamadi-doumbouya","status":"publish","type":"post","link":"https:\/\/conakrynews.org\/index.php\/a-la-veille-de-la-fete-nationale-ibrahima-kone-salue-le-leadership-du-general-mamadi-doumbouya\/","title":{"rendered":"\u00c0 la veille de la f\u00eate nationale, Ibrahima Kon\u00e9 salue le leadership du G\u00e9n\u00e9ral Mamadi Doumbouya"},"content":{"rendered":"<div class=\"td-post-header\">\n<header class=\"td-post-title\">\n<h1 class=\"entry-title\"><\/h1>\n<div class=\"td-module-meta-info\">\n<div class=\"td-post-author-name\">\n<div class=\"td-author-by\"><\/div>\n<p>\u00c0 la veille de la 67\u1d49 f\u00eate de l\u2019ind\u00e9pendance, Ibrahima Kon\u00e9, Directeur G\u00e9n\u00e9ral de Horoya et coordinateur du Collectif des Journalistes pour la r\u00e9ussite de la refondation, a adress\u00e9 un message fort au peuple de Guin\u00e9e, mettant en avant le leadership du Pr\u00e9sident Mamadi Doumbouya et les principales r\u00e9alisations du pays.<\/p>\n<\/div>\n<\/div>\n<\/header>\n<\/div>\n<div class=\"td-post-content tagdiv-type\">\n<div id=\"m#msg-a:r2976087541404262132\" class=\"mail-message expanded\">\n<div id=\"m#msg-a:r2976087541404262132-content\" class=\"mail-message-content collapsible zoom-normal mail-show-images \">\n<div class=\"clear\">\n<div dir=\"auto\">\n<div dir=\"auto\"><\/div>\n<div dir=\"auto\"><\/div>\n<div dir=\"auto\">\u00ab Au nom du collectif, il est de mon devoir de souhaiter au Chef de l\u2019\u00c9tat, \u00e0 la Premi\u00e8re Dame, au Premier Ministre, aux membres du gouvernement et \u00e0 tout le peuple de Guin\u00e9e, une bonne et heureuse f\u00eate de l\u2019ind\u00e9pendance \u00bb, a d\u00e9clar\u00e9 Ibrahima Kon\u00e9.<\/div>\n<div dir=\"auto\"><\/div>\n<div dir=\"auto\">Dans son discours, il a dress\u00e9 le bilan des 12 derniers mois, en mettant l\u2019accent sur les projets phares qui t\u00e9moignent du dynamisme du pays : Simandou, la construction du port de Moribaya, ainsi que l\u2019acad\u00e9mie Simandou avec l\u2019\u00e9cole militaire des Prytan\u00e8s de Guin\u00e9e. Selon lui, ces avanc\u00e9es montrent que le train du d\u00e9veloppement de la Guin\u00e9e est bel et bien lanc\u00e9.<\/div>\n<div dir=\"auto\"><\/div>\n<div dir=\"auto\">Ibrahima Kon\u00e9 a \u00e9galement exprim\u00e9 sa gratitude envers le CNRD et le peuple de Guin\u00e9e, soulignant le r\u00f4le crucial de la nouvelle constitution et de la vulgarisation de la loi \u00e9lectorale dans le renforcement de la d\u00e9mocratie et la participation citoyenne.<\/div>\n<div dir=\"auto\"><\/div>\n<div dir=\"auto\">Il a conclu sur un appel \u00e0 la paix, l\u2019unit\u00e9 et la convivialit\u00e9 : \u00ab C\u00e9l\u00e9brons cette f\u00eate nationale dans la paix, tout en saluant le Pr\u00e9sident Mamadi Doumbouya, le candidat du peuple de Guin\u00e9e. Continuons \u00e0 travailler ensemble pour b\u00e2tir une Guin\u00e9e prosp\u00e8re et stable. \u00bb<\/div>\n<div dir=\"auto\"><\/div>\n<div dir=\"auto\">Avec ce message, le Collectif des Journalistes r\u00e9affirme son engagement pour la refondation, la paix et le d\u00e9veloppement, faisant de cette f\u00eate nationale un symbole de renouveau et d\u2019espoir pour la Guin\u00e9e.<\/div>\n<div dir=\"auto\"><\/div>\n<div dir=\"auto\">Source:repereguinee.com<\/div>\n<\/div>\n<\/div>\n<\/div>\n<\/div>\n<\/div>\n","protected":false},"excerpt":{"rendered":"<p>\u00c0 la veille de la 67\u1d49 f\u00eate de l\u2019ind\u00e9pendance, Ibrahima Kon\u00e9, Directeur G\u00e9n\u00e9ral de Horoya et coordinateur du Collectif des Journalistes pour la r\u00e9ussite de la refondation, a adress\u00e9 un message fort au peuple de Guin\u00e9e, mettant en avant le leadership du Pr\u00e9sident Mamadi Doumbouya et les principales r\u00e9alisations du pays. \u00ab Au nom du [&hellip;]<\/p>\n","protected":false},"author":2,"featured_media":36432,"comment_status":"closed","ping_status":"closed","sticky":false,"template":"","format":"standard","meta":{"footnotes":""},"categories":[57],"tags":[],"class_list":{"0":"post-36431","1":"post","2":"type-post","3":"status-publish","4":"format-standard","5":"has-post-thumbnail","7":"category-politique"},"_links":{"self":[{"href":"https:\/\/conakrynews.org\/index.php\/wp-json\/wp\/v2\/posts\/36431","targetHints":{"allow":["GET"]}}],"collection":[{"href":"https:\/\/conakrynews.org\/index.php\/wp-json\/wp\/v2\/posts"}],"about":[{"href":"https:\/\/conakrynews.org\/index.php\/wp-json\/wp\/v2\/types\/post"}],"author":[{"embeddable":true,"href":"https:\/\/conakrynews.org\/index.php\/wp-json\/wp\/v2\/users\/2"}],"replies":[{"embeddable":true,"href":"https:\/\/conakrynews.org\/index.php\/wp-json\/wp\/v2\/comments?post=36431"}],"version-history":[{"count":0,"href":"https:\/\/conakrynews.org\/index.php\/wp-json\/wp\/v2\/posts\/36431\/revisions"}],"wp:featuredmedia":[{"embeddable":true,"href":"https:\/\/conakrynews.org\/index.php\/wp-json\/wp\/v2\/media\/36432"}],"wp:attachment":[{"href":"https:\/\/conakrynews.org\/index.php\/wp-json\/wp\/v2\/media?parent=36431"}],"wp:term":[{"taxonomy":"category","embeddable":true,"href":"https:\/\/conakrynews.org\/index.php\/wp-json\/wp\/v2\/categories?post=36431"},{"taxonomy":"post_tag","embeddable":true,"href":"https:\/\/conakrynews.org\/index.php\/wp-json\/wp\/v2\/tags?post=36431"}],"curies":[{"name":"wp","href":"https:\/\/api.w.org\/{rel}","templated":true}]}}