{"id":36442,"date":"2025-10-02T17:53:14","date_gmt":"2025-10-02T17:53:14","guid":{"rendered":"https:\/\/conakrynews.org\/?p=36442"},"modified":"2025-10-04T07:30:02","modified_gmt":"2025-10-04T07:30:02","slug":"celebration-de-lan-67-de-lindependance-de-la-guinee-des-membres-du-gouvernement-saluent-des-progres-enregistres","status":"publish","type":"post","link":"https:\/\/conakrynews.org\/index.php\/celebration-de-lan-67-de-lindependance-de-la-guinee-des-membres-du-gouvernement-saluent-des-progres-enregistres\/","title":{"rendered":"C\u00e9l\u00e9bration de l&rsquo;an 67 de l&rsquo;ind\u00e9pendance de la Guin\u00e9e : Des membres du Gouvernement saluent des progr\u00e8s enregistr\u00e9s"},"content":{"rendered":"<div dir=\"auto\"><img loading=\"lazy\" decoding=\"async\" class=\"alignnone size-medium wp-image-36454\" src=\"https:\/\/conakrynews.org\/wp-content\/uploads\/2025\/10\/IMG-20251002-WA0109-428x375.jpg\" alt=\"\" width=\"428\" height=\"375\" srcset=\"https:\/\/conakrynews.org\/wp-content\/uploads\/2025\/10\/IMG-20251002-WA0109-428x375.jpg 428w, https:\/\/conakrynews.org\/wp-content\/uploads\/2025\/10\/IMG-20251002-WA0109-768x673.jpg 768w, https:\/\/conakrynews.org\/wp-content\/uploads\/2025\/10\/IMG-20251002-WA0109-150x131.jpg 150w, https:\/\/conakrynews.org\/wp-content\/uploads\/2025\/10\/IMG-20251002-WA0109-300x263.jpg 300w, https:\/\/conakrynews.org\/wp-content\/uploads\/2025\/10\/IMG-20251002-WA0109-696x610.jpg 696w, https:\/\/conakrynews.org\/wp-content\/uploads\/2025\/10\/IMG-20251002-WA0109-1068x935.jpg 1068w, https:\/\/conakrynews.org\/wp-content\/uploads\/2025\/10\/IMG-20251002-WA0109-479x420.jpg 479w, https:\/\/conakrynews.org\/wp-content\/uploads\/2025\/10\/IMG-20251002-WA0109.jpg 1080w\" sizes=\"auto, (max-width: 428px) 100vw, 428px\" \/><img loading=\"lazy\" decoding=\"async\" class=\"alignnone size-medium wp-image-36453\" src=\"https:\/\/conakrynews.org\/wp-content\/uploads\/2025\/10\/IMG-20251002-WA0110-515x343.jpg\" alt=\"\" width=\"515\" height=\"343\" srcset=\"https:\/\/conakrynews.org\/wp-content\/uploads\/2025\/10\/IMG-20251002-WA0110-515x343.jpg 515w, https:\/\/conakrynews.org\/wp-content\/uploads\/2025\/10\/IMG-20251002-WA0110-768x512.jpg 768w, https:\/\/conakrynews.org\/wp-content\/uploads\/2025\/10\/IMG-20251002-WA0110-150x100.jpg 150w, https:\/\/conakrynews.org\/wp-content\/uploads\/2025\/10\/IMG-20251002-WA0110-300x200.jpg 300w, https:\/\/conakrynews.org\/wp-content\/uploads\/2025\/10\/IMG-20251002-WA0110-696x464.jpg 696w, https:\/\/conakrynews.org\/wp-content\/uploads\/2025\/10\/IMG-20251002-WA0110-1068x712.jpg 1068w, https:\/\/conakrynews.org\/wp-content\/uploads\/2025\/10\/IMG-20251002-WA0110-630x420.jpg 630w, https:\/\/conakrynews.org\/wp-content\/uploads\/2025\/10\/IMG-20251002-WA0110.jpg 1080w\" sizes=\"auto, (max-width: 515px) 100vw, 515px\" \/><\/div>\n<div dir=\"auto\">\u00c0 l&rsquo;occasion de la c\u00e9l\u00e9bration du 67 \u00e8me anniversaire de l&rsquo;accession \u00e0 l&rsquo;ind\u00e9pendance de la\u00a0 R\u00e9publique de Guin\u00e9e,le chef de l&rsquo;\u00c9tat G\u00e9n\u00e9ral Mamadi Doumbouya,a\u00a0 proc\u00e9d\u00e9 \u00e0 la pose de la Gerbe de fleurs ce jeudi 02 Octobre 2025 \u00e0 la place des Martyrs o\u00f9 une c\u00e9r\u00e9monie officielle \u00e9tait organis\u00e9e dans ce sens.Cette c\u00e9r\u00e9monie solennelle a r\u00e9uni\u00a0 plusieurs personnalit\u00e9s Gouvernementales, notamment le\u00a0 ministre\u00a0 Finances,Mourana Soumah,le ministre des postes et t\u00e9l\u00e9communications et de l&rsquo;\u00e9conomie num\u00e9rique,Mme Rose Pola precemou,le ministre de mines et de la G\u00e9ologie,la ministre de l&rsquo;industrie,des petites et moyennes entreprises,Dre Djaka Sidib\u00e9,des responsables des institutions r\u00e9publicaines,des\u00a0 cadres de l&rsquo;administration publique et priv\u00e9e,des Ambassadeurs et des repr\u00e9sentants des consulats \u00e9trangers accr\u00e9dit\u00e9s en Guin\u00e9e&#8230;<\/div>\n<div dir=\"auto\"><\/div>\n<div dir=\"auto\">\u00a0Avant la pose officielle de la gerbe de fleurs par le premier magistrat du pays, nous avons interrog\u00e9 des ministres sur les avanc\u00e9es socio\u00e9conomiques de la Guin\u00e9e.<\/div>\n<div dir=\"auto\"><\/div>\n<div dir=\"auto\">Interrog\u00e9,le ministre des finances, Mourana Soumah, a rappel\u00e9 que le 67 anniversaire de la Guin\u00e9e est marqu\u00e9e par des progr\u00e8s sur le plan sanitaire, \u00e9conomique et socio\u00e9ducatif.\u00a0\u00bbJe trouve que la Guin\u00e9e, dans certains dimensions, a bien not\u00e9 beaucoup d&rsquo;effets, notamment des effets de l&rsquo;\u00e9ducation.On a des niveaux de sant\u00e9, mais de l&rsquo;autre c\u00f4t\u00e9, nous avions un ratio d&rsquo;un m\u00e9decin sur 1000,<\/div>\n<div dir=\"auto\">et il n&rsquo;y a pas un m\u00e9decin sur 1000, la norme de l&rsquo;OMS est de 4,5 m\u00e9decins sur 1000.<\/div>\n<div dir=\"auto\">Nous sommes \u00e0 combien ? Donc, en mati\u00e8re de s\u00e9curit\u00e9 sociale, malgr\u00e9\u00a0 des r\u00e9sultats satisfaisants, nous avions des d\u00e9fis que nous allons essayer de r\u00e9gler pour que le pays puisse avoir dans toutes les composantes de l&rsquo;autonomie, dans toutes les composantes de la souverainet\u00e9, des acquis et des investissements\u00a0\u00bb, a expliqu\u00e9 le ministre de l&rsquo;\u00e9conomie et des finances.<\/div>\n<div dir=\"auto\"><\/div>\n<div dir=\"auto\">\u00a0\u00bb Le\u00a0 pr\u00e9sident l&rsquo;a dit dans son adresse \u00e0 la nation \u00e0 l&rsquo;occasion de l&rsquo;An 67 de l&rsquo;ind\u00e9pendance de notre pays, il avait dit hier que la souverainet\u00e9 \u00e9conomique est une tendance, c&rsquo;est-\u00e0-dire que nous allons veiller\u00a0\u00bb a indiqu\u00e9 le patron du d\u00e9partement de l&rsquo;\u00e9conomie et des finances.<\/div>\n<div dir=\"auto\"><\/div>\n<div dir=\"auto\">\n<div dir=\"auto\">\n<div dir=\"auto\">\n<div dir=\"auto\">\n<div>\n<div dir=\"auto\"><\/div>\n<div dir=\"auto\">\n<div dir=\"auto\">\n<div dir=\"auto\"><\/div>\n<div dir=\"auto\">La ministre des postes et t\u00e9l\u00e9communications et de l&rsquo;\u00e9conomie num\u00e9rique, Rose Pola Precemou, a d\u00e9clar\u00e9:\u00a0\u00bb Avec l&rsquo;acquisition du \u00ab\u00a0GN\u00a0\u00bb aujourd&rsquo;hui,on ne peut plus se donner une id\u00e9e de l&rsquo;humilit\u00e9 dans l&rsquo;espace, dans l&rsquo;\u00e9conomie, et c&rsquo;est le but de l&rsquo;\u00e9conomie.Et nous devons renforcer cette libert\u00e9 \u00e0 travers la gestion que l&rsquo;on conna\u00eet, \u00e0 travers la gestion de nos diverses fa\u00e7ons\u00a0\u00bb, a -telle d\u00e9clar\u00e9.<\/div>\n<div dir=\"auto\"><\/div>\n<div dir=\"auto\">Avant de pr\u00e9ciser\u00a0 qu&rsquo;\u00e0 travers ce point GN, les Guin\u00e9ens aiment leur passeport num\u00e9rique.&rsquo;Ils aiment leur identit\u00e9 num\u00e9rique.Merci \u00e0 tous les partenaires pour leur soutien constant \u00e0 ce projet.Et nous pouvons dire aujourd&rsquo;hui que nos donn\u00e9es sont ma\u00eetris\u00e9es sur l&rsquo;\u00e9tendue du territoire et nous pouvons en \u00eatre fiers\u00a0\u00bb, a conclu la ministre des postes et t\u00e9l\u00e9communications et de l&rsquo;\u00e9conomie num\u00e9rique.<\/div>\n<div dir=\"auto\"><\/div>\n<\/div>\n<\/div>\n<\/div>\n<div><\/div>\n<\/div>\n<\/div>\n<div dir=\"auto\">Le ministre de l&rsquo;administration du territoire et de la D\u00e9centralisation, G\u00e9n\u00e9ral Ibrahima Kalil Cond\u00e9, a invit\u00e9 les Guin\u00e9ens \u00e0 se donner la main comme un seul homme pour voter pour le pr\u00e9sident de la R\u00e9publique le 28 d\u00e9cembre 2025.<\/div>\n<\/div>\n<\/div>\n<div dir=\"auto\">\n<div dir=\"auto\"><\/div>\n<div dir=\"auto\">R\u00e9pondant \u00e0 la question des journalistes par rapport \u00e0 la tenue de la date du 28 Septembre pour la pr\u00e9sidentielle annonc\u00e9e d\u00e9cret pr\u00e9sidentiel,le ministre de l&rsquo;Administration du Territoire et de la D\u00e9centralisation, a rassur\u00e9 l&rsquo;opinion publique.\u00a0\u00bbJe vous rassure que tous les moyens sont d\u00e9j\u00e0 \u00e0 notre disposition pour organiser ces \u00e9lections pr\u00e9sidentielles.Seulement on ne veut pas faire de bruit, on n&rsquo;a pas fait de commentaire.Seulement quand les kits d&rsquo;enr\u00f4lement sont arriv\u00e9s \u00e0 l&rsquo;a\u00e9roport,<\/div>\n<div dir=\"auto\">j&rsquo;ai fais un\u00a0 communiqu\u00e9 pour dire que les kits sont d\u00e9j\u00e0 en place.Alors je vous mets \u00e0 l&rsquo;aise que tous les moyens sont d\u00e9j\u00e0 mis \u00e0 notre disposition<\/div>\n<div dir=\"auto\">pour organiser les \u00e9lections pr\u00e9sidentielles\u00a0\u00bb, a affirm\u00e9 le ministre Ibrahima Kalil Cond\u00e9.<\/div>\n<div dir=\"auto\"><\/div>\n<div dir=\"auto\">Avant d&rsquo;inviter Le peuple de Guin\u00e9e \u00e0 se pr\u00e9senter aux urnes le\u00a0 28 d\u00e9cembre prochain\u00a0 pour \u00e9lire leur pr\u00e9sident.<\/div>\n<div dir=\"auto\">Sylla Ibrahima Kalil, pour www.conakrynews.org,625444534<\/div>\n<div dir=\"auto\"><\/div>\n<div dir=\"auto\"><img loading=\"lazy\" decoding=\"async\" class=\"alignnone size-medium wp-image-36444\" src=\"https:\/\/conakrynews.org\/wp-content\/uploads\/2025\/10\/IMG-20251002-WA0070-515x341.jpg\" alt=\"\" width=\"515\" height=\"341\" srcset=\"https:\/\/conakrynews.org\/wp-content\/uploads\/2025\/10\/IMG-20251002-WA0070-515x341.jpg 515w, https:\/\/conakrynews.org\/wp-content\/uploads\/2025\/10\/IMG-20251002-WA0070-768x508.jpg 768w, https:\/\/conakrynews.org\/wp-content\/uploads\/2025\/10\/IMG-20251002-WA0070-150x99.jpg 150w, https:\/\/conakrynews.org\/wp-content\/uploads\/2025\/10\/IMG-20251002-WA0070-300x199.jpg 300w, https:\/\/conakrynews.org\/wp-content\/uploads\/2025\/10\/IMG-20251002-WA0070-696x461.jpg 696w, https:\/\/conakrynews.org\/wp-content\/uploads\/2025\/10\/IMG-20251002-WA0070-1068x707.jpg 1068w, https:\/\/conakrynews.org\/wp-content\/uploads\/2025\/10\/IMG-20251002-WA0070-634x420.jpg 634w, https:\/\/conakrynews.org\/wp-content\/uploads\/2025\/10\/IMG-20251002-WA0070.jpg 1080w\" sizes=\"auto, (max-width: 515px) 100vw, 515px\" \/>444534<\/div>\n<div dir=\"auto\"><\/div>\n<div dir=\"auto\"><\/div>\n<div dir=\"auto\">\n<div dir=\"auto\">\n<div>\n<div dir=\"auto\">\n<div dir=\"auto\">\n<div dir=\"auto\"><\/div>\n<\/div>\n<\/div>\n<\/div>\n<\/div>\n<\/div>\n<\/div>\n","protected":false},"excerpt":{"rendered":"<p>\u00c0 l&rsquo;occasion de la c\u00e9l\u00e9bration du 67 \u00e8me anniversaire de l&rsquo;accession \u00e0 l&rsquo;ind\u00e9pendance de la\u00a0 R\u00e9publique de Guin\u00e9e,le chef de l&rsquo;\u00c9tat G\u00e9n\u00e9ral Mamadi Doumbouya,a\u00a0 proc\u00e9d\u00e9 \u00e0 la pose de la Gerbe de fleurs ce jeudi 02 Octobre 2025 \u00e0 la place des Martyrs o\u00f9 une c\u00e9r\u00e9monie officielle \u00e9tait organis\u00e9e dans ce sens.Cette c\u00e9r\u00e9monie solennelle a [&hellip;]<\/p>\n","protected":false},"author":2,"featured_media":36465,"comment_status":"closed","ping_status":"closed","sticky":false,"template":"","format":"standard","meta":{"footnotes":""},"categories":[1],"tags":[],"class_list":{"0":"post-36442","1":"post","2":"type-post","3":"status-publish","4":"format-standard","5":"has-post-thumbnail","7":"category-non-classe"},"_links":{"self":[{"href":"https:\/\/conakrynews.org\/index.php\/wp-json\/wp\/v2\/posts\/36442","targetHints":{"allow":["GET"]}}],"collection":[{"href":"https:\/\/conakrynews.org\/index.php\/wp-json\/wp\/v2\/posts"}],"about":[{"href":"https:\/\/conakrynews.org\/index.php\/wp-json\/wp\/v2\/types\/post"}],"author":[{"embeddable":true,"href":"https:\/\/conakrynews.org\/index.php\/wp-json\/wp\/v2\/users\/2"}],"replies":[{"embeddable":true,"href":"https:\/\/conakrynews.org\/index.php\/wp-json\/wp\/v2\/comments?post=36442"}],"version-history":[{"count":0,"href":"https:\/\/conakrynews.org\/index.php\/wp-json\/wp\/v2\/posts\/36442\/revisions"}],"wp:featuredmedia":[{"embeddable":true,"href":"https:\/\/conakrynews.org\/index.php\/wp-json\/wp\/v2\/media\/36465"}],"wp:attachment":[{"href":"https:\/\/conakrynews.org\/index.php\/wp-json\/wp\/v2\/media?parent=36442"}],"wp:term":[{"taxonomy":"category","embeddable":true,"href":"https:\/\/conakrynews.org\/index.php\/wp-json\/wp\/v2\/categories?post=36442"},{"taxonomy":"post_tag","embeddable":true,"href":"https:\/\/conakrynews.org\/index.php\/wp-json\/wp\/v2\/tags?post=36442"}],"curies":[{"name":"wp","href":"https:\/\/api.w.org\/{rel}","templated":true}]}}