{"id":36469,"date":"2025-10-02T20:20:25","date_gmt":"2025-10-02T20:20:25","guid":{"rendered":"https:\/\/conakrynews.org\/?p=36469"},"modified":"2025-10-02T20:20:25","modified_gmt":"2025-10-02T20:20:25","slug":"guinee-environnement-ouverture-et-autorisation-des-operations-de-coupe-et-transport-de-bois-campagne-2025-2026","status":"publish","type":"post","link":"https:\/\/conakrynews.org\/index.php\/guinee-environnement-ouverture-et-autorisation-des-operations-de-coupe-et-transport-de-bois-campagne-2025-2026\/","title":{"rendered":"Guin\u00e9e\/Environnement: ouverture et autorisation des op\u00e9rations de coupe et transport de bois (campagne 2025- 2026)"},"content":{"rendered":"<h1 class=\"name post-title entry-title\"><\/h1>\n<p class=\"post-meta\">\n<div class=\"clear\">\u00c0 travers un communiqu\u00e9 publi\u00e9 mercredi 1er octobre 2025, les autorit\u00e9s en charge de l\u2019Environnement et du D\u00e9veloppement Durable ont annonc\u00e9 l\u2019ouverture et autorisation des op\u00e9rations de coupe et transport de bois (campagne 2025- 2026) sur toute l\u2019\u00e9tendue du territoire national.<\/div>\n<div class=\"entry\">\n<p><strong>Voici le contenu dudit communiqu\u00e9 du Minist\u00e8re de l\u2019Environnement et du D\u00e9veloppement Durable\u00a0<\/strong><\/p>\n<figure id=\"attachment_37002\" class=\"wp-caption alignnone\" aria-describedby=\"caption-attachment-37002\"><img loading=\"lazy\" decoding=\"async\" class=\"wp-image-37002 size-large tie-appear\" src=\"https:\/\/www.guineequotidien.com\/wp-content\/uploads\/2025\/10\/IMG_1111-737x1024.jpeg\" alt=\"\" width=\"618\" height=\"859\" \/><figcaption id=\"caption-attachment-37002\" class=\"wp-caption-text\"><\/figcaption><\/figure>\n<figure id=\"attachment_37003\" class=\"wp-caption alignnone\" aria-describedby=\"caption-attachment-37003\"><img loading=\"lazy\" decoding=\"async\" class=\"wp-image-37003 size-large tie-appear\" src=\"https:\/\/www.guineequotidien.com\/wp-content\/uploads\/2025\/10\/IMG_1112-725x1024.jpeg\" alt=\"\" width=\"618\" height=\"873\" \/><\/figure>\n<\/div>\n","protected":false},"excerpt":{"rendered":"<p>\u00c0 travers un communiqu\u00e9 publi\u00e9 mercredi 1er octobre 2025, les autorit\u00e9s en charge de l\u2019Environnement et du D\u00e9veloppement Durable ont annonc\u00e9 l\u2019ouverture et autorisation des op\u00e9rations de coupe et transport de bois (campagne 2025- 2026) sur toute l\u2019\u00e9tendue du territoire national. Voici le contenu dudit communiqu\u00e9 du Minist\u00e8re de l\u2019Environnement et du D\u00e9veloppement Durable\u00a0<\/p>\n","protected":false},"author":2,"featured_media":36470,"comment_status":"closed","ping_status":"closed","sticky":false,"template":"","format":"standard","meta":{"footnotes":""},"categories":[60],"tags":[],"class_list":{"0":"post-36469","1":"post","2":"type-post","3":"status-publish","4":"format-standard","5":"has-post-thumbnail","7":"category-environnement"},"_links":{"self":[{"href":"https:\/\/conakrynews.org\/index.php\/wp-json\/wp\/v2\/posts\/36469","targetHints":{"allow":["GET"]}}],"collection":[{"href":"https:\/\/conakrynews.org\/index.php\/wp-json\/wp\/v2\/posts"}],"about":[{"href":"https:\/\/conakrynews.org\/index.php\/wp-json\/wp\/v2\/types\/post"}],"author":[{"embeddable":true,"href":"https:\/\/conakrynews.org\/index.php\/wp-json\/wp\/v2\/users\/2"}],"replies":[{"embeddable":true,"href":"https:\/\/conakrynews.org\/index.php\/wp-json\/wp\/v2\/comments?post=36469"}],"version-history":[{"count":0,"href":"https:\/\/conakrynews.org\/index.php\/wp-json\/wp\/v2\/posts\/36469\/revisions"}],"wp:featuredmedia":[{"embeddable":true,"href":"https:\/\/conakrynews.org\/index.php\/wp-json\/wp\/v2\/media\/36470"}],"wp:attachment":[{"href":"https:\/\/conakrynews.org\/index.php\/wp-json\/wp\/v2\/media?parent=36469"}],"wp:term":[{"taxonomy":"category","embeddable":true,"href":"https:\/\/conakrynews.org\/index.php\/wp-json\/wp\/v2\/categories?post=36469"},{"taxonomy":"post_tag","embeddable":true,"href":"https:\/\/conakrynews.org\/index.php\/wp-json\/wp\/v2\/tags?post=36469"}],"curies":[{"name":"wp","href":"https:\/\/api.w.org\/{rel}","templated":true}]}}