{"id":36473,"date":"2025-10-03T13:15:45","date_gmt":"2025-10-03T13:15:45","guid":{"rendered":"https:\/\/conakrynews.org\/?p=36473"},"modified":"2025-10-03T13:17:46","modified_gmt":"2025-10-03T13:17:46","slug":"coyah-l-ecole-franco-arabe-de-kenketen-se-prepare-activement-pour-la-rentree-scolaire-2025-2026","status":"publish","type":"post","link":"https:\/\/conakrynews.org\/index.php\/coyah-l-ecole-franco-arabe-de-kenketen-se-prepare-activement-pour-la-rentree-scolaire-2025-2026\/","title":{"rendered":"Coyah: L\u2019 ecole franco-arabe de K\u00e9nk\u00e9t\u00e9n se pr\u00e9pare activement pour la rentr\u00e9e scolaire 2025-2026\u00a0"},"content":{"rendered":"<div class=\"td-pb-row\">\n<div class=\"td-pb-span12\">\n<div class=\"td-post-header\">\n<header class=\"td-post-title\">\n<h1 class=\"entry-title\"><\/h1>\n<div class=\"td-module-meta-info\">\n<div class=\"td-post-author-name\">\n<div class=\"td-author-by\"><\/div>\n<p>&nbsp;<\/p>\n<p>Ce Vendredi 03 octobre 2025, la direction du Coll\u00e8ge de franco-arabe de K\u00e9nk\u00e9t\u00e9n \u00e0 Coyah a tenu une r\u00e9union de concertation pr\u00e9paratoire en pr\u00e9lude de\u00a0 l\u2019ouverture des classes de rentr\u00e9e scolaire pr\u00e9vue le lundi prochain. La rencontre a \u00e9t\u00e9 pr\u00e9sid\u00e9e par le Directeur des etudes monsieur Oumar Camara au nom du principal du Coll\u00e8ge de l\u2019\u00e9cole, il a d\u2019abord \u00e9t\u00e9 l\u2019occasion de remercier chaleureusement l\u2019ensemble du corps enseignant pour les efforts fournis durant l\u2019ann\u00e9e \u00e9coul\u00e9e.<\/p>\n<\/div>\n<\/div>\n<\/header>\n<\/div>\n<\/div>\n<\/div>\n<div class=\"td-pb-row\">\n<div class=\"td-pb-span8 td-main-content\" role=\"main\">\n<div class=\"td-ss-main-content\">\n<div class=\"td-post-content\">\n<p><a href=\"https:\/\/i0.wp.com\/liberationinfo.com\/wp-content\/uploads\/2025\/10\/IMG-20251003-WA0017.jpg\"><img loading=\"lazy\" decoding=\"async\" class=\"alignnone size-medium wp-image-28503 td-animation-stack-type0-2\" src=\"https:\/\/i0.wp.com\/liberationinfo.com\/wp-content\/uploads\/2025\/10\/IMG-20251003-WA0017.jpg?resize=300%2C135\" alt=\"\" width=\"300\" height=\"135\" data-recalc-dims=\"1\" \/><\/a><\/p>\n<p>Gr\u00e2ce \u00e0 leur engagement et leur professionnalisme, l\u2019\u00e9tablissement a enregistr\u00e9 un taux de r\u00e9ussite remarquable, salu\u00e9 par toute la communaut\u00e9 \u00e9ducative de Coyah, a-t-il mentionn\u00e9.<br \/>\nAu cours des \u00e9changes, le Directeur a \u00e9galement soulev\u00e9 plusieurs d\u00e9fis auxquels l\u2019\u00e9cole est confront\u00e9e. Il a notamment insist\u00e9 sur le besoin urgent de renforcer les infrastructures et les \u00e9quipements p\u00e9dagogiques. Parmi les priorit\u00e9s \u00e9voqu\u00e9es figurent :<\/p>\n<p>Le manque de tables-bancs pour accueillir convenablement les \u00e9l\u00e8ves,<\/p>\n<p>La construction d\u2019un b\u00e2timent destin\u00e9 \u00e0 la direction, ainsi que l\u2019am\u00e9lioration des conditions d\u2019encadrement.<\/p>\n<p>Dans ce cadre, le D.E, au nom de la direction g\u00e9n\u00e9rale, a sollicit\u00e9 l\u2019appui financier de l\u2019\u00c9tat et des partenaires \u00e9ducatifs afin de permettre \u00e0 l\u2019\u00e9cole Coll\u00e8ge Franco-Arabe \u00e0 Kenketen de remplir pleinement sa mission d\u2019\u00e9ducation et de formation.<\/p>\n<p>La r\u00e9union a permis de recueillir les avis et propositions des enseignants, tout en r\u00e9affirmant la volont\u00e9 commune de faire de l\u2019\u00e9cole franco-arabe de Coyah Kenket\u00e9n un mod\u00e8le de r\u00e9ussite acad\u00e9mique et de rayonnement culturel.<\/p>\n<p><strong>Ibrahima Sort Camara<\/strong><\/p>\n<\/div>\n<\/div>\n<\/div>\n<\/div>\n","protected":false},"excerpt":{"rendered":"<p>&nbsp; Ce Vendredi 03 octobre 2025, la direction du Coll\u00e8ge de franco-arabe de K\u00e9nk\u00e9t\u00e9n \u00e0 Coyah a tenu une r\u00e9union de concertation pr\u00e9paratoire en pr\u00e9lude de\u00a0 l\u2019ouverture des classes de rentr\u00e9e scolaire pr\u00e9vue le lundi prochain. La rencontre a \u00e9t\u00e9 pr\u00e9sid\u00e9e par le Directeur des etudes monsieur Oumar Camara au nom du principal du Coll\u00e8ge [&hellip;]<\/p>\n","protected":false},"author":2,"featured_media":36474,"comment_status":"closed","ping_status":"closed","sticky":false,"template":"","format":"standard","meta":{"footnotes":""},"categories":[58],"tags":[],"class_list":{"0":"post-36473","1":"post","2":"type-post","3":"status-publish","4":"format-standard","5":"has-post-thumbnail","7":"category-societe"},"_links":{"self":[{"href":"https:\/\/conakrynews.org\/index.php\/wp-json\/wp\/v2\/posts\/36473","targetHints":{"allow":["GET"]}}],"collection":[{"href":"https:\/\/conakrynews.org\/index.php\/wp-json\/wp\/v2\/posts"}],"about":[{"href":"https:\/\/conakrynews.org\/index.php\/wp-json\/wp\/v2\/types\/post"}],"author":[{"embeddable":true,"href":"https:\/\/conakrynews.org\/index.php\/wp-json\/wp\/v2\/users\/2"}],"replies":[{"embeddable":true,"href":"https:\/\/conakrynews.org\/index.php\/wp-json\/wp\/v2\/comments?post=36473"}],"version-history":[{"count":0,"href":"https:\/\/conakrynews.org\/index.php\/wp-json\/wp\/v2\/posts\/36473\/revisions"}],"wp:featuredmedia":[{"embeddable":true,"href":"https:\/\/conakrynews.org\/index.php\/wp-json\/wp\/v2\/media\/36474"}],"wp:attachment":[{"href":"https:\/\/conakrynews.org\/index.php\/wp-json\/wp\/v2\/media?parent=36473"}],"wp:term":[{"taxonomy":"category","embeddable":true,"href":"https:\/\/conakrynews.org\/index.php\/wp-json\/wp\/v2\/categories?post=36473"},{"taxonomy":"post_tag","embeddable":true,"href":"https:\/\/conakrynews.org\/index.php\/wp-json\/wp\/v2\/tags?post=36473"}],"curies":[{"name":"wp","href":"https:\/\/api.w.org\/{rel}","templated":true}]}}