{"id":36496,"date":"2025-10-06T13:28:31","date_gmt":"2025-10-06T13:28:31","guid":{"rendered":"https:\/\/conakrynews.org\/?p=36496"},"modified":"2025-10-06T13:31:38","modified_gmt":"2025-10-06T13:31:38","slug":"rentree-scolaire-2025-2026-declaration-du-ministre-de-lenseignement-pre-universitaire-et-de-lalphabetisation","status":"publish","type":"post","link":"https:\/\/conakrynews.org\/index.php\/rentree-scolaire-2025-2026-declaration-du-ministre-de-lenseignement-pre-universitaire-et-de-lalphabetisation\/","title":{"rendered":"Rentr\u00e9e Scolaire 2025-2026: D\u00e9claration du ministre de l&rsquo;Enseignement Pr\u00e9-Universitaire et de l&rsquo;Alphab\u00e9tisation"},"content":{"rendered":"<div class=\"xdj266r x14z9mp xat24cr x1lziwak x1vvkbs x126k92a\">\n<div dir=\"auto\"><\/div>\n<div dir=\"auto\">Chers \u00e9l\u00e8ves, enseignants, parents, partenaires et acteurs engag\u00e9s du syst\u00e8me \u00e9ducatif\u00a0<span class=\"html-span xdj266r x14z9mp xat24cr x1lziwak xexx8yu xyri2b x18d9i69 x1c1uobl x1hl2dhg x16tdsg8 x1vvkbs\"><span class=\"xt0psk2\"><span class=\"xjp7ctv\">de la R\u00e9publique de Guin\u00e9e<\/span><\/span><\/span>,<\/div>\n<\/div>\n<div class=\"x14z9mp xat24cr x1lziwak x1vvkbs xtlvy1s x126k92a\">\n<div dir=\"auto\">C\u2019est avec une immense fiert\u00e9 et un enthousiasme profond que je m\u2019adresse \u00e0 vous au lendemain de notre f\u00eate nationale et \u00e0 la veille de la rentr\u00e9e scolaire 2025-2026, une ann\u00e9e plac\u00e9e sous le signe de la fiert\u00e9 et de la responsabilit\u00e9 selon les propres mots du Pr\u00e9sident de la R\u00e9publique le 1 octobre \u00e0 l\u2019occasion de son adresse \u00e0 la nation.<\/div>\n<\/div>\n<div class=\"x14z9mp xat24cr x1lziwak x1vvkbs xtlvy1s x126k92a\">\n<div dir=\"auto\">Fiert\u00e9, car nous mesurons le travail accompli dans notre syst\u00e8me \u00e9ducatif par tous les acteurs. J\u2019en profite pour les f\u00e9liciter et les remercier. Nous sommes fiers de voir que nos enseignants accompagnent avec plus de professionnalisme les apprenants. En t\u00e9moigne la qui\u00e9tude dans nos concessions scolaires et la cr\u00e9dibilit\u00e9 des r\u00e9sultats. Nous nous battons pour faire perdurer cette qui\u00e9tude propice \u00e0 l\u2019apprentissage des \u00e9l\u00e8ves.<\/div>\n<\/div>\n<div class=\"x14z9mp xat24cr x1lziwak x1vvkbs xtlvy1s x126k92a\">\n<div dir=\"auto\">Cette ann\u00e9e, ce sont plus de cinq cent soixante nouveaux \u00e9l\u00e8ves que nous attendons dans nos concessions scolaires. J\u2019en profite pour remercier tr\u00e8s chaleureusement nos partenaires techniques et financiers pour leur accompagnement en ce moment crucial d\u2019une ann\u00e9e scolaire.<\/div>\n<\/div>\n<div class=\"x14z9mp xat24cr x1lziwak x1vvkbs xtlvy1s x126k92a\">\n<div dir=\"auto\">Le Pr\u00e9sident de la R\u00e9publique et le Gouvernement ont une conviction claire : notre plus grande richesse, c\u2019est notre jeunesse, notre capital humain. Le Pr\u00e9sident de la R\u00e9publique l\u2019a exprim\u00e9 dans son discours \u00e0 la nation la nuit du 1er octobre : \u00ab Le Programme Simandou 2040 est le moteur de notre avenir, un v\u00e9ritable pont vers la prosp\u00e9rit\u00e9. Le capital humain est au c\u0153ur de ma vision pour un d\u00e9veloppement socio\u00e9conomique durable et responsable \u00bb, a-t-il dit.<\/div>\n<\/div>\n<div class=\"x14z9mp xat24cr x1lziwak x1vvkbs xtlvy1s x126k92a\">\n<div dir=\"auto\">Et, nous enseignants, sommes convaincus que le c\u0153ur de ce capital humain bat dons notre syst\u00e8me \u00e9ducatif et particuli\u00e8rement dans le pr\u00e9scolaire et le primaire. C\u2019est pourquoi, gr\u00e2ce \u00e0 des efforts soutenus, l\u2019Etat a mis \u00e0 disposition des manuels scolaires en quantit\u00e9 suffisante, d\u00e9velopp\u00e9 des cantines scolaires dans quelques zones rurales pour garantir aux \u00e9l\u00e8ves une alimentation saine et renforc\u00e9 les infirmeries au sein de nos \u00e9tablissements.<\/div>\n<\/div>\n<div class=\"x14z9mp xat24cr x1lziwak x1vvkbs xtlvy1s x126k92a\">\n<div dir=\"auto\">Cette ann\u00e9e, au pr\u00e9scolaire, ce sont 566 salles qui vont \u00eatre mise \u00e0 disposition avec des cahiers d\u2019activit\u00e9 et des jeux p\u00e9dagogiques.<\/div>\n<\/div>\n<div class=\"x14z9mp xat24cr x1lziwak x1vvkbs xtlvy1s x126k92a\">\n<div dir=\"auto\">Au primaire, 225 nouvelles salles de classes, 375 latrines et 75 forages sont mises \u00e0 disposition. Ensuite, 1.671. 292 manuels du nouveau programme, en lecture, math\u00e9matiques et cahiers multi mati\u00e8res seront distribu\u00e9s aux \u00e9l\u00e8ves des CP1 et CP2.<\/div>\n<\/div>\n<div class=\"x14z9mp xat24cr x1lziwak x1vvkbs xtlvy1s x126k92a\">\n<div dir=\"auto\">Au secondaire, 471 salles de classes ont \u00e9t\u00e9 r\u00e9nov\u00e9es am\u00e9liorant ainsi les conditions de r\u00e9ception des \u00e9l\u00e8ves.<\/div>\n<\/div>\n<div class=\"x14z9mp xat24cr x1lziwak x1vvkbs xtlvy1s x126k92a\">\n<div dir=\"auto\">Ces actions concr\u00e8tes prouvent que nous voulons construire ensemble un environnement o\u00f9 chaque enfant peut grandir, apprendre et s\u2019\u00e9panouir pleinement.<\/div>\n<div dir=\"auto\">C\u2019est tout le sens du projet SIMANDOU Acad\u00e9mie qui place la formation, l\u2019innovation et le d\u00e9veloppement durable au c\u0153ur de notre engagement professionnel.<\/div>\n<\/div>\n<div class=\"x14z9mp xat24cr x1lziwak x1vvkbs xtlvy1s x126k92a\">\n<div dir=\"auto\">Une ann\u00e9e de responsabilit\u00e9 ! A vous enseignants ! C\u2019est la volont\u00e9 exprim\u00e9e par tous ces jeunes enseignants nouvellement engag\u00e9s qui se battent pour changer la perception de ce m\u00e9tier d\u2019enseignant. A eux, je tiens \u00e0 rendre un hommage particulier. Un nouveau statut valorisant est en pr\u00e9paration pour reconna\u00eetre pleinement votre mission capitale, am\u00e9liorer vos conditions de travail, votre image dans notre soci\u00e9t\u00e9 et vous offrir davantage des possibilit\u00e9s d\u2019\u00e9panouissement. Votre engagement est la cl\u00e9 de vo\u00fbte de notre syst\u00e8me \u00e9ducatif. Le Gouvernement est d\u00e9termin\u00e9 \u00e0 vous soutenir avec la plus grande force. Cette ann\u00e9e, d\u00e9j\u00e0 460 d\u00e9l\u00e9gu\u00e9s scolaires ont \u00e9t\u00e9 form\u00e9s en \u00e9valuation diagnostique pour entamer la nouvelle ann\u00e9e.<\/div>\n<\/div>\n<div class=\"x14z9mp xat24cr x1lziwak x1vvkbs xtlvy1s x126k92a\">\n<div dir=\"auto\">Je vous invite toutes et tous, \u00e9l\u00e8ves, enseignants, parents, partenaires, \u00e0 faire de cette ann\u00e9e scolaire une v\u00e9ritable r\u00e9ussite collective, une ann\u00e9e de paix, de progr\u00e8s et d\u2019espoir.<\/div>\n<\/div>\n<div class=\"x14z9mp xat24cr x1lziwak x1vvkbs xtlvy1s x126k92a\">\n<div dir=\"auto\">Chers coll\u00e8gues, je fais mien les propos du pr\u00e9sident de la r\u00e9publique, le G\u00e9n\u00e9ral\u00a0<span class=\"html-span xdj266r x14z9mp xat24cr x1lziwak xexx8yu xyri2b x18d9i69 x1c1uobl x1hl2dhg x16tdsg8 x1vvkbs\"><span class=\"xt0psk2\"><span class=\"xjp7ctv\">Mamadi Doumbouya<\/span><\/span><\/span>\u00a0: Restons unis, disciplin\u00e9s et solidaires, car c\u2019est ensemble et seulement ensemble, que nous construirons la Guin\u00e9e de demain.<\/div>\n<\/div>\n<div class=\"x14z9mp xat24cr x1lziwak x1vvkbs xtlvy1s x126k92a\">\n<div dir=\"auto\">Je vous souhaite une rentr\u00e9e scolaire 2025-2026 pleine de succ\u00e8s et d\u2019\u00e9panouissement.<\/div>\n<\/div>\n<div class=\"x14z9mp xat24cr x1lziwak x1vvkbs xtlvy1s x126k92a\">\n<div dir=\"auto\">Vive l\u2019\u00c9ducation en Guin\u00e9e !<\/div>\n<\/div>\n<div class=\"x14z9mp xat24cr x1lziwak x1vvkbs xtlvy1s x126k92a\">\n<div dir=\"auto\">Vive la R\u00e9publique !<\/div>\n<\/div>\n<div class=\"x14z9mp xat24cr x1lziwak x1vvkbs xtlvy1s x126k92a\">\n<div dir=\"auto\">Je vous remercie.<\/div>\n<div dir=\"auto\"><\/div>\n<\/div>\n<div class=\"x14z9mp xat24cr x1lziwak x1vvkbs xtlvy1s x126k92a\">\n<div dir=\"auto\"><span class=\"html-span xdj266r x14z9mp xat24cr x1lziwak xexx8yu xyri2b x18d9i69 x1c1uobl x1hl2dhg x16tdsg8 x1vvkbs\"><span class=\"xt0psk2\"><span class=\"xjp7ctv\">Minist\u00e8re de l\u2019Education Nationale et de l\u2019Alphab\u00e9tisation Guin\u00e9e<\/span><\/span><\/span><\/div>\n<\/div>\n","protected":false},"excerpt":{"rendered":"<p>Chers \u00e9l\u00e8ves, enseignants, parents, partenaires et acteurs engag\u00e9s du syst\u00e8me \u00e9ducatif\u00a0de la R\u00e9publique de Guin\u00e9e, C\u2019est avec une immense fiert\u00e9 et un enthousiasme profond que je m\u2019adresse \u00e0 vous au lendemain de notre f\u00eate nationale et \u00e0 la veille de la rentr\u00e9e scolaire 2025-2026, une ann\u00e9e plac\u00e9e sous le signe de la fiert\u00e9 et de [&hellip;]<\/p>\n","protected":false},"author":2,"featured_media":36500,"comment_status":"closed","ping_status":"closed","sticky":false,"template":"","format":"standard","meta":{"footnotes":""},"categories":[58],"tags":[],"class_list":{"0":"post-36496","1":"post","2":"type-post","3":"status-publish","4":"format-standard","5":"has-post-thumbnail","7":"category-societe"},"_links":{"self":[{"href":"https:\/\/conakrynews.org\/index.php\/wp-json\/wp\/v2\/posts\/36496","targetHints":{"allow":["GET"]}}],"collection":[{"href":"https:\/\/conakrynews.org\/index.php\/wp-json\/wp\/v2\/posts"}],"about":[{"href":"https:\/\/conakrynews.org\/index.php\/wp-json\/wp\/v2\/types\/post"}],"author":[{"embeddable":true,"href":"https:\/\/conakrynews.org\/index.php\/wp-json\/wp\/v2\/users\/2"}],"replies":[{"embeddable":true,"href":"https:\/\/conakrynews.org\/index.php\/wp-json\/wp\/v2\/comments?post=36496"}],"version-history":[{"count":0,"href":"https:\/\/conakrynews.org\/index.php\/wp-json\/wp\/v2\/posts\/36496\/revisions"}],"wp:featuredmedia":[{"embeddable":true,"href":"https:\/\/conakrynews.org\/index.php\/wp-json\/wp\/v2\/media\/36500"}],"wp:attachment":[{"href":"https:\/\/conakrynews.org\/index.php\/wp-json\/wp\/v2\/media?parent=36496"}],"wp:term":[{"taxonomy":"category","embeddable":true,"href":"https:\/\/conakrynews.org\/index.php\/wp-json\/wp\/v2\/categories?post=36496"},{"taxonomy":"post_tag","embeddable":true,"href":"https:\/\/conakrynews.org\/index.php\/wp-json\/wp\/v2\/tags?post=36496"}],"curies":[{"name":"wp","href":"https:\/\/api.w.org\/{rel}","templated":true}]}}