{"id":36502,"date":"2025-10-06T13:43:48","date_gmt":"2025-10-06T13:43:48","guid":{"rendered":"https:\/\/conakrynews.org\/?p=36502"},"modified":"2025-10-06T13:43:48","modified_gmt":"2025-10-06T13:43:48","slug":"primature-la-communaute-guineo-libanaise-reaffirme-son-soutien-au-gouvernement","status":"publish","type":"post","link":"https:\/\/conakrynews.org\/index.php\/primature-la-communaute-guineo-libanaise-reaffirme-son-soutien-au-gouvernement\/","title":{"rendered":"Primature : la communaut\u00e9 guin\u00e9o-libanaise r\u00e9affirme son soutien au gouvernement"},"content":{"rendered":"<article id=\"the-post\" class=\"post-listing post-37028 post type-post status-publish format-standard has-post-thumbnail category-politique tag-primature-la-communaute-guineo-libanaise-reaffirme-son-soutien-au-gouvernement\">\n<div class=\"post-inner\">\n<h1 class=\"name post-title entry-title\"><\/h1>\n<div class=\"clear\"><span class=\"html-span xdj266r x14z9mp xat24cr x1lziwak xexx8yu xyri2b x18d9i69 x1c1uobl x1hl2dhg x16tdsg8 x1vvkbs\"><span class=\"xt0psk2\">Le Premier Ministre Amadou Oury BAH<\/span><\/span>, a re\u00e7u en audience une d\u00e9l\u00e9gation de la communaut\u00e9 guin\u00e9o-libanaise conduite par M. Aly Saadi, Pr\u00e9sident d\u2019honneur de la communaut\u00e9 libanaise de Guin\u00e9e.<\/div>\n<div class=\"entry\">\n<div class=\"x14z9mp xat24cr x1lziwak x1vvkbs xtlvy1s x126k92a\">\n<div dir=\"auto\">Cette rencontre s\u2019inscrit dans le cadre du renforcement des liens historiques, \u00e9conomiques et sociaux qui unissent les deux communaut\u00e9s depuis plusieurs g\u00e9n\u00e9rations.<\/div>\n<\/div>\n<div class=\"x14z9mp xat24cr x1lziwak x1vvkbs xtlvy1s x126k92a\">\n<div dir=\"auto\">Au sortir d\u2019audience, M. Aly Saadi a salu\u00e9 la nouvelle dynamique impuls\u00e9e par le Gouvernement sous le leadership du Pr\u00e9sident de la R\u00e9publique, Chef de l\u2019Etat, le G\u00e9n\u00e9ral Mamadi Doumbouya. Notamment \u00e0 la suite de l\u2019adoption de la Constitution et de la fixation de la date de l\u2019\u00e9lection pr\u00e9sidentielle au 28 d\u00e9cembre 2025.<\/div>\n<\/div>\n<div class=\"x14z9mp xat24cr x1lziwak x1vvkbs xtlvy1s x126k92a\">\n<div dir=\"auto\">Le Premier ministre a salu\u00e9 cette d\u00e9marche et rappel\u00e9 que la soci\u00e9t\u00e9 guin\u00e9enne est une et indivisible, sans distinction aucune.<\/div>\n<\/div>\n<div class=\"x14z9mp xat24cr x1lziwak x1vvkbs xtlvy1s x126k92a\">\n<div dir=\"auto\">Il a encourag\u00e9 la communaut\u00e9 guin\u00e9o-libanaise \u00e0 poursuivre ses efforts d\u2019investissement et de solidarit\u00e9, tout en r\u00e9affirmant la volont\u00e9 du Gouvernement de promouvoir un climat favorable aux affaires et au d\u00e9veloppement partag\u00e9.<\/div>\n<\/div>\n<div dir=\"auto\"><\/div>\n<div dir=\"auto\"><strong>Avec CCG<\/strong><\/div>\n<\/div>\n<div class=\"share-post\">\n<p>&nbsp;<\/p>\n<p>&nbsp;<\/p>\n<div class=\"clear\"><\/div>\n<\/div>\n<div class=\"clear\"><\/div>\n<\/div>\n<\/article>\n","protected":false},"excerpt":{"rendered":"<p>Le Premier Ministre Amadou Oury BAH, a re\u00e7u en audience une d\u00e9l\u00e9gation de la communaut\u00e9 guin\u00e9o-libanaise conduite par M. Aly Saadi, Pr\u00e9sident d\u2019honneur de la communaut\u00e9 libanaise de Guin\u00e9e. Cette rencontre s\u2019inscrit dans le cadre du renforcement des liens historiques, \u00e9conomiques et sociaux qui unissent les deux communaut\u00e9s depuis plusieurs g\u00e9n\u00e9rations. Au sortir d\u2019audience, M. [&hellip;]<\/p>\n","protected":false},"author":2,"featured_media":36505,"comment_status":"closed","ping_status":"closed","sticky":false,"template":"","format":"standard","meta":{"footnotes":""},"categories":[57],"tags":[],"class_list":{"0":"post-36502","1":"post","2":"type-post","3":"status-publish","4":"format-standard","5":"has-post-thumbnail","7":"category-politique"},"_links":{"self":[{"href":"https:\/\/conakrynews.org\/index.php\/wp-json\/wp\/v2\/posts\/36502","targetHints":{"allow":["GET"]}}],"collection":[{"href":"https:\/\/conakrynews.org\/index.php\/wp-json\/wp\/v2\/posts"}],"about":[{"href":"https:\/\/conakrynews.org\/index.php\/wp-json\/wp\/v2\/types\/post"}],"author":[{"embeddable":true,"href":"https:\/\/conakrynews.org\/index.php\/wp-json\/wp\/v2\/users\/2"}],"replies":[{"embeddable":true,"href":"https:\/\/conakrynews.org\/index.php\/wp-json\/wp\/v2\/comments?post=36502"}],"version-history":[{"count":0,"href":"https:\/\/conakrynews.org\/index.php\/wp-json\/wp\/v2\/posts\/36502\/revisions"}],"wp:featuredmedia":[{"embeddable":true,"href":"https:\/\/conakrynews.org\/index.php\/wp-json\/wp\/v2\/media\/36505"}],"wp:attachment":[{"href":"https:\/\/conakrynews.org\/index.php\/wp-json\/wp\/v2\/media?parent=36502"}],"wp:term":[{"taxonomy":"category","embeddable":true,"href":"https:\/\/conakrynews.org\/index.php\/wp-json\/wp\/v2\/categories?post=36502"},{"taxonomy":"post_tag","embeddable":true,"href":"https:\/\/conakrynews.org\/index.php\/wp-json\/wp\/v2\/tags?post=36502"}],"curies":[{"name":"wp","href":"https:\/\/api.w.org\/{rel}","templated":true}]}}