{"id":36531,"date":"2025-10-06T19:02:00","date_gmt":"2025-10-06T19:02:00","guid":{"rendered":"https:\/\/conakrynews.org\/?p=36531"},"modified":"2025-10-06T19:03:25","modified_gmt":"2025-10-06T19:03:25","slug":"matoto-lancement-de-la-campagne-de-lutte-contre-la-rage","status":"publish","type":"post","link":"https:\/\/conakrynews.org\/index.php\/matoto-lancement-de-la-campagne-de-lutte-contre-la-rage\/","title":{"rendered":"Matoto : lancement de la campagne de lutte contre la rage"},"content":{"rendered":"<div class=\"td-pb-row\">\n<div class=\"td-pb-span12\">\n<div class=\"td-post-header\">\n<header class=\"td-post-title\">\n<h1 class=\"entry-title\"><\/h1>\n<div class=\"td-module-meta-info\">\n<div class=\"td-post-author-name\">\n<div class=\"td-author-by\"><\/div>\n<p>La campagne de vaccination contre la rage a \u00e9t\u00e9 officiellement lanc\u00e9e ce lundi 6 octobre 2025 \u00e0 la mairie de Matoto. Pr\u00e9sid\u00e9e par l\u2019autorit\u00e9 communale, la c\u00e9r\u00e9monie a r\u00e9uni les Directeurs communaux de l\u2019Agriculture et de l\u2019\u00c9levage du Grand Conakry, ainsi que les chefs de quartier de Matoto.<\/p>\n<\/div>\n<\/div>\n<\/header>\n<\/div>\n<\/div>\n<\/div>\n<div class=\"td-pb-row\">\n<div class=\"td-pb-span8 td-main-content\" role=\"main\">\n<div class=\"td-ss-main-content\">\n<div class=\"td-post-content\">\n<p>Dans son allocution, le pr\u00e9sident de la D\u00e9l\u00e9gation sp\u00e9ciale de Matoto M. Moussa Diallo a tout d\u2019abord souhait\u00e9 la bienvenue \u00e0 l\u2019ensemble des participants, avant de rappeler l\u2019importance de cette campagne de vaccination au sein des communaut\u00e9s. Il a soulign\u00e9 que cette initiative s\u2019inscrit dans la vision du Chef de l\u2019\u00c9tat, le G\u00e9n\u00e9ral Mamadi Doumbouya, qui \u0153uvre sans rel\u00e2che pour la promotion de la sant\u00e9 publique \u00e0 travers son gouvernement.<\/p>\n<p>Repr\u00e9sentant le Directeur national du Service v\u00e9t\u00e9rinaire, le Docteur Samor\u00f6 Oular\u00e9 a expliqu\u00e9 les fondements de cette campagne :<\/p>\n<p><a href=\"https:\/\/i0.wp.com\/liberationinfo.com\/wp-content\/uploads\/2025\/10\/IMG-20251006-WA0034.jpg\"><img loading=\"lazy\" decoding=\"async\" class=\"alignnone size-medium wp-image-28532 td-animation-stack-type0-2\" src=\"https:\/\/i0.wp.com\/liberationinfo.com\/wp-content\/uploads\/2025\/10\/IMG-20251006-WA0034.jpg?resize=300%2C200\" alt=\"\" width=\"300\" height=\"200\" data-recalc-dims=\"1\" \/><\/a><\/p>\n<p>\u00ab Cette journ\u00e9e est c\u00e9l\u00e9br\u00e9e \u00e0 travers le monde chaque 28 septembre, en m\u00e9moire de Louis Pasteur, inventeur du premier vaccin contre la rage. Elle vise \u00e0 sensibiliser les populations, \u00e0 renforcer la pr\u00e9vention et \u00e0 rappeler que la rage est une maladie mortelle mais \u00e9vitable gr\u00e2ce \u00e0 la vaccination et \u00e0 des comportements responsables. La commune de Matoto a \u00e9t\u00e9 choisie pour abriter les activit\u00e9s de Conakry en raison des cas confirm\u00e9s de rage r\u00e9cemment enregistr\u00e9s chez les chiens. Ce choix traduit la volont\u00e9 de renforcer la sensibilisation et la vaccination dans les communaut\u00e9s les plus expos\u00e9es \u00bb, a-t-il soulign\u00e9.<\/p>\n<p>Abordant les statistiques, le Docteur Oular\u00e9 a pr\u00e9cis\u00e9 que chaque ann\u00e9e, la rage cause environ 59 000 d\u00e9c\u00e8s humains dans le monde, dont plus de 21 000 en Afrique. Selon lui, plus de 95 % de ces cas sont dus \u00e0 des morsures de chiens non vaccin\u00e9s, \u00ab Les enfants de moins de 15 ans sont les plus touch\u00e9s, repr\u00e9sentant environ 40 % des victimes. En Guin\u00e9e, les statistiques nationales font \u00e9tat de pr\u00e8s de 1 500 cas de morsures enregistr\u00e9s au premier semestre 2025, dont plus de la moiti\u00e9 caus\u00e9s par des chiens errants \u00bb, a-t-il ajout\u00e9.<\/p>\n<p><a href=\"https:\/\/i0.wp.com\/liberationinfo.com\/wp-content\/uploads\/2025\/10\/IMG-20251006-WA0033.jpg\"><img loading=\"lazy\" decoding=\"async\" class=\"alignnone size-medium wp-image-28531 td-animation-stack-type0-2\" src=\"https:\/\/i0.wp.com\/liberationinfo.com\/wp-content\/uploads\/2025\/10\/IMG-20251006-WA0033.jpg?resize=300%2C200\" alt=\"\" width=\"300\" height=\"200\" data-recalc-dims=\"1\" \/><\/a><\/p>\n<p>Pour sa part, la Directrice communale de l\u2019Agriculture et de l\u2019\u00c9levage de Matoto, Madame Bamb\u00e9 Soumah, s\u2019est r\u00e9jouie du choix port\u00e9 sur sa commune pour abriter cette campagne. Elle a exprim\u00e9 sa gratitude envers les autorit\u00e9s pour les efforts constants visant \u00e0 am\u00e9liorer les conditions sanitaires des populations.<\/p>\n<p>Elle a \u00e9galement invit\u00e9 les professionnels de sant\u00e9, les v\u00e9t\u00e9rinaires et les leaders communautaires \u00e0 poursuivre leur engagement sur le terrain afin d\u2019atteindre l\u2019objectif mondial : \u226a Z\u00e9ro d\u00e9c\u00e8s humain d\u00fb \u00e0 la rage \u00e0 l\u2019horizon 2030&gt;&gt;<\/p>\n<p>&nbsp;<\/p>\n<p><strong>Source:liberationinfo.com<\/strong><\/p>\n<div id=\"jp-relatedposts\" class=\"jp-relatedposts\">\n<h3 class=\"jp-relatedposts-headline\"><\/h3>\n<div class=\"jp-relatedposts-items jp-relatedposts-items-minimal jp-relatedposts-grid \">\n<p class=\"jp-relatedposts-post jp-relatedposts-post0\" data-post-id=\"27878\" data-post-format=\"false\">\n<\/div>\n<\/div>\n<\/div>\n<\/div>\n<\/div>\n<\/div>\n","protected":false},"excerpt":{"rendered":"<p>La campagne de vaccination contre la rage a \u00e9t\u00e9 officiellement lanc\u00e9e ce lundi 6 octobre 2025 \u00e0 la mairie de Matoto. Pr\u00e9sid\u00e9e par l\u2019autorit\u00e9 communale, la c\u00e9r\u00e9monie a r\u00e9uni les Directeurs communaux de l\u2019Agriculture et de l\u2019\u00c9levage du Grand Conakry, ainsi que les chefs de quartier de Matoto. Dans son allocution, le pr\u00e9sident de la [&hellip;]<\/p>\n","protected":false},"author":2,"featured_media":36535,"comment_status":"closed","ping_status":"closed","sticky":false,"template":"","format":"standard","meta":{"footnotes":""},"categories":[58],"tags":[],"class_list":{"0":"post-36531","1":"post","2":"type-post","3":"status-publish","4":"format-standard","5":"has-post-thumbnail","7":"category-societe"},"_links":{"self":[{"href":"https:\/\/conakrynews.org\/index.php\/wp-json\/wp\/v2\/posts\/36531","targetHints":{"allow":["GET"]}}],"collection":[{"href":"https:\/\/conakrynews.org\/index.php\/wp-json\/wp\/v2\/posts"}],"about":[{"href":"https:\/\/conakrynews.org\/index.php\/wp-json\/wp\/v2\/types\/post"}],"author":[{"embeddable":true,"href":"https:\/\/conakrynews.org\/index.php\/wp-json\/wp\/v2\/users\/2"}],"replies":[{"embeddable":true,"href":"https:\/\/conakrynews.org\/index.php\/wp-json\/wp\/v2\/comments?post=36531"}],"version-history":[{"count":0,"href":"https:\/\/conakrynews.org\/index.php\/wp-json\/wp\/v2\/posts\/36531\/revisions"}],"wp:featuredmedia":[{"embeddable":true,"href":"https:\/\/conakrynews.org\/index.php\/wp-json\/wp\/v2\/media\/36535"}],"wp:attachment":[{"href":"https:\/\/conakrynews.org\/index.php\/wp-json\/wp\/v2\/media?parent=36531"}],"wp:term":[{"taxonomy":"category","embeddable":true,"href":"https:\/\/conakrynews.org\/index.php\/wp-json\/wp\/v2\/categories?post=36531"},{"taxonomy":"post_tag","embeddable":true,"href":"https:\/\/conakrynews.org\/index.php\/wp-json\/wp\/v2\/tags?post=36531"}],"curies":[{"name":"wp","href":"https:\/\/api.w.org\/{rel}","templated":true}]}}