{"id":36538,"date":"2025-10-06T19:10:11","date_gmt":"2025-10-06T19:10:11","guid":{"rendered":"https:\/\/conakrynews.org\/?p=36538"},"modified":"2025-10-06T19:10:11","modified_gmt":"2025-10-06T19:10:11","slug":"enseignement-superieur-diplomes-reconnus-en-allemagne-un-pays-africain-dans-le-top-5","status":"publish","type":"post","link":"https:\/\/conakrynews.org\/index.php\/enseignement-superieur-diplomes-reconnus-en-allemagne-un-pays-africain-dans-le-top-5\/","title":{"rendered":"Enseignement sup\u00e9rieur\/Dipl\u00f4mes reconnus en Allemagne : Un pays africain dans le top 5"},"content":{"rendered":"<div><\/div>\n<div><\/div>\n<div class=\"clear\">La nouvelle loi allemande sur l\u2019immigration facilite l\u2019embauche des travailleurs qualifi\u00e9s \u00e9trangers ayant suivi une formation professionnelle.<\/div>\n<div class=\"entry\">\n<div class=\"content\">\n<section class=\"main\">L\u2019Allemagne a reconnu en 2024 environ 79 100 dipl\u00f4mes professionnels obtenus \u00e0 l\u2019\u00e9tranger, soit une augmentation de 21 pour cent par rapport \u00e0 2023 (65 300 dipl\u00f4mes), selon l\u2019Office f\u00e9d\u00e9ral allemand de la statistique (Destatis).&nbsp;<\/p>\n<p>Avec 9 200 dipl\u00f4mes reconnus, la Turquie est rest\u00e9e le pays de formation le plus repr\u00e9sent\u00e9 en 2024, suivie de l\u2019Ukraine (6 400), de la Tunisie (5 300), de l\u2019Inde (4 900) et de la Syrie (4 300), a indiqu\u00e9 Destatis.<\/p>\n<p>Le top 5 des professions les plus reconnues est rest\u00e9 pratiquement inchang\u00e9 en 2024 par rapport \u00e0 l\u2019ann\u00e9e pr\u00e9c\u00e9dente, a-t-on fait remarquer.<\/p>\n<p>Il s\u2019agit respectivement des infirmiers (32 500 demandes approuv\u00e9es), des m\u00e9decins (11 000 reconnaissances), des ing\u00e9nieurs (4 400), des enseignants (2 800) et des kin\u00e9sith\u00e9rapeutes (2 200).<\/p>\n<p>L\u2019Allemagne a reform\u00e9, en 2023 et en 2024, sa loi sur l\u2019immigration qualifi\u00e9e pour faciliter l\u2019embauche des travailleurs qualifi\u00e9s \u00e9trangers ayant suivi une formation professionnelle et des personnes ayant des connaissances pratiques de leur m\u00e9tier.<\/p>\n<p>La loi reform\u00e9e assouplit la reconnaissance des dipl\u00f4mes professionnels obtenus \u00e0 l\u2019\u00e9tranger.<\/p>\n<p>La reconnaissance professionnelle signifie qu\u2019une qualification professionnelle acquise \u00e0 l\u2019\u00e9tranger est juridiquement \u00e9quivalente \u00e0 une qualification allemande, rapporte le m\u00e9dia allemand Deutchland.de.<\/p>\n<p>Selon la loi reform\u00e9e, sont consid\u00e9r\u00e9es comme \u00ab travailleurs qualifi\u00e9s \u00bb les personnes titulaires d\u2019un dipl\u00f4me universitaire ou d\u2019un dipl\u00f4me justifiant l\u2019apprentissage d\u2019une profession.<\/p>\n<p>En Allemagne, des postes vacants ne sont pas pourvus du fait du manque de travailleurs qualifi\u00e9s dans certains secteurs et dans certaines r\u00e9gions du pays, d\u2019apr\u00e8s le minist\u00e8re f\u00e9d\u00e9ral allemand en charge de l\u2019\u00c9conomie.<\/p>\n<p>Cela concerne surtout le domaine des sciences, de la technologie, de l\u2019ing\u00e9nierie et des math\u00e9matiques (STIM) ainsi que de la sant\u00e9, selon le minist\u00e8re.<\/p>\n<p>D\u2019apr\u00e8s ce d\u00e9partement, \u00ab le vieillissement de la population en Allemagne est un facteur important qui aura en particulier, \u00e0 l\u2019avenir, une influence d\u00e9terminante sur la p\u00e9nurie de main d\u2019\u0153uvre qualifi\u00e9e existante. En tant que partie int\u00e9grante de la transition d\u00e9mographique, il renforce les probl\u00e8mes de p\u00e9nurie de main d\u2019\u0153uvre \u00bb.<\/p>\n<p>\u00ab La population en \u00e2ge de travailler, c\u2019est-\u00e0-dire les personnes entre 20 et 65 ans, diminuera d\u00e9j\u00e0 de 3,9 millions d\u2019ici 2030 pour s\u2019\u00e9lever alors \u00e0 45,9 millions de personnes. En 2060, la population en \u00e2ge de travailler aura d\u00e9j\u00e0 diminu\u00e9 de 10,2 millions de personnes \u00bb, a ajout\u00e9 le minist\u00e8re, citant des \u00ab pr\u00e9visions actuelles \u00bb.<\/p>\n<p><strong>Avec dpa-news<\/strong><\/p>\n<p>&nbsp;<\/p>\n<\/section>\n<\/div>\n<\/div>\n","protected":false},"excerpt":{"rendered":"<p>La nouvelle loi allemande sur l\u2019immigration facilite l\u2019embauche des travailleurs qualifi\u00e9s \u00e9trangers ayant suivi une formation professionnelle. L\u2019Allemagne a reconnu en 2024 environ 79 100 dipl\u00f4mes professionnels obtenus \u00e0 l\u2019\u00e9tranger, soit une augmentation de 21 pour cent par rapport \u00e0 2023 (65 300 dipl\u00f4mes), selon l\u2019Office f\u00e9d\u00e9ral allemand de la statistique (Destatis).&nbsp; Avec 9 200 [&hellip;]<\/p>\n","protected":false},"author":2,"featured_media":36539,"comment_status":"closed","ping_status":"closed","sticky":false,"template":"","format":"standard","meta":{"footnotes":""},"categories":[58],"tags":[],"class_list":{"0":"post-36538","1":"post","2":"type-post","3":"status-publish","4":"format-standard","5":"has-post-thumbnail","7":"category-societe"},"_links":{"self":[{"href":"https:\/\/conakrynews.org\/index.php\/wp-json\/wp\/v2\/posts\/36538","targetHints":{"allow":["GET"]}}],"collection":[{"href":"https:\/\/conakrynews.org\/index.php\/wp-json\/wp\/v2\/posts"}],"about":[{"href":"https:\/\/conakrynews.org\/index.php\/wp-json\/wp\/v2\/types\/post"}],"author":[{"embeddable":true,"href":"https:\/\/conakrynews.org\/index.php\/wp-json\/wp\/v2\/users\/2"}],"replies":[{"embeddable":true,"href":"https:\/\/conakrynews.org\/index.php\/wp-json\/wp\/v2\/comments?post=36538"}],"version-history":[{"count":0,"href":"https:\/\/conakrynews.org\/index.php\/wp-json\/wp\/v2\/posts\/36538\/revisions"}],"wp:featuredmedia":[{"embeddable":true,"href":"https:\/\/conakrynews.org\/index.php\/wp-json\/wp\/v2\/media\/36539"}],"wp:attachment":[{"href":"https:\/\/conakrynews.org\/index.php\/wp-json\/wp\/v2\/media?parent=36538"}],"wp:term":[{"taxonomy":"category","embeddable":true,"href":"https:\/\/conakrynews.org\/index.php\/wp-json\/wp\/v2\/categories?post=36538"},{"taxonomy":"post_tag","embeddable":true,"href":"https:\/\/conakrynews.org\/index.php\/wp-json\/wp\/v2\/tags?post=36538"}],"curies":[{"name":"wp","href":"https:\/\/api.w.org\/{rel}","templated":true}]}}