{"id":36598,"date":"2025-10-08T08:50:36","date_gmt":"2025-10-08T08:50:36","guid":{"rendered":"https:\/\/conakrynews.org\/?p=36598"},"modified":"2025-10-08T08:50:36","modified_gmt":"2025-10-08T08:50:36","slug":"guinee-tournee-de-remerciements-du-premier-ministre-apres-ladoption-de-la-nouvelle-constitution","status":"publish","type":"post","link":"https:\/\/conakrynews.org\/index.php\/guinee-tournee-de-remerciements-du-premier-ministre-apres-ladoption-de-la-nouvelle-constitution\/","title":{"rendered":"Guin\u00e9e: Tourn\u00e9e de remerciements du Premier ministre apr\u00e8s l\u2019adoption de la nouvelle constitution"},"content":{"rendered":"<h1 class=\"name post-title entry-title\"><\/h1>\n<div class=\"clear\">Faranah, le 7 octobre 2025 \u2013 \u00c0 la suite de l\u2019adoption de la nouvelle Constitution lors du r\u00e9f\u00e9rendum du 21 septembre 2025, le Le Premier Ministre Amadou Oury BAH, \u00e9galement coordonnateur national de la campagne pour le \u201coui\u201d, a entam\u00e9 une tourn\u00e9e nationale de remerciements \u00e0 l\u2019endroit des citoyens.<\/div>\n<div class=\"entry\">\n<p>La r\u00e9gion de Faranah, situ\u00e9e au centre de la Guin\u00e9e, est la premi\u00e8re \u00e9tape de cette tourn\u00e9e. Ce choix symbolique rend hommage \u00e0 l\u2019histoire du pays, Faranah \u00e9tant la ville natale du premier pr\u00e9sident de la R\u00e9publique, le camarade Ahmed S\u00e9kou Tour\u00e9.<\/p>\n<p>Au nom du Pr\u00e9sident de la R\u00e9publique, le G\u00e9n\u00e9ral Mamadi Doumbouya, Amadou Oury Bah a exprim\u00e9, dans les langues locales, sa profonde gratitude aux populations pour leur forte mobilisation en faveur du \u201coui\u201d. Il a salu\u00e9 le climat de calme et de responsabilit\u00e9 citoyenne qui a marqu\u00e9 le scrutin.<\/p>\n<p>Le Chef du Gouvernement a \u00e9galement exhort\u00e9 les jeunes, les femmes, les notables, ainsi que les associations et mouvements de soutien, \u00e0 maintenir leur engagement en vue de l\u2019\u00e9lection pr\u00e9sidentielle pr\u00e9vue le 28 d\u00e9cembre 2025.<\/p>\n<p><strong>Avec CCG<\/strong><\/p>\n<\/div>\n","protected":false},"excerpt":{"rendered":"<p>Faranah, le 7 octobre 2025 \u2013 \u00c0 la suite de l\u2019adoption de la nouvelle Constitution lors du r\u00e9f\u00e9rendum du 21 septembre 2025, le Le Premier Ministre Amadou Oury BAH, \u00e9galement coordonnateur national de la campagne pour le \u201coui\u201d, a entam\u00e9 une tourn\u00e9e nationale de remerciements \u00e0 l\u2019endroit des citoyens. La r\u00e9gion de Faranah, situ\u00e9e au [&hellip;]<\/p>\n","protected":false},"author":2,"featured_media":36599,"comment_status":"closed","ping_status":"closed","sticky":false,"template":"","format":"standard","meta":{"footnotes":""},"categories":[57],"tags":[],"class_list":{"0":"post-36598","1":"post","2":"type-post","3":"status-publish","4":"format-standard","5":"has-post-thumbnail","7":"category-politique"},"_links":{"self":[{"href":"https:\/\/conakrynews.org\/index.php\/wp-json\/wp\/v2\/posts\/36598","targetHints":{"allow":["GET"]}}],"collection":[{"href":"https:\/\/conakrynews.org\/index.php\/wp-json\/wp\/v2\/posts"}],"about":[{"href":"https:\/\/conakrynews.org\/index.php\/wp-json\/wp\/v2\/types\/post"}],"author":[{"embeddable":true,"href":"https:\/\/conakrynews.org\/index.php\/wp-json\/wp\/v2\/users\/2"}],"replies":[{"embeddable":true,"href":"https:\/\/conakrynews.org\/index.php\/wp-json\/wp\/v2\/comments?post=36598"}],"version-history":[{"count":0,"href":"https:\/\/conakrynews.org\/index.php\/wp-json\/wp\/v2\/posts\/36598\/revisions"}],"wp:featuredmedia":[{"embeddable":true,"href":"https:\/\/conakrynews.org\/index.php\/wp-json\/wp\/v2\/media\/36599"}],"wp:attachment":[{"href":"https:\/\/conakrynews.org\/index.php\/wp-json\/wp\/v2\/media?parent=36598"}],"wp:term":[{"taxonomy":"category","embeddable":true,"href":"https:\/\/conakrynews.org\/index.php\/wp-json\/wp\/v2\/categories?post=36598"},{"taxonomy":"post_tag","embeddable":true,"href":"https:\/\/conakrynews.org\/index.php\/wp-json\/wp\/v2\/tags?post=36598"}],"curies":[{"name":"wp","href":"https:\/\/api.w.org\/{rel}","templated":true}]}}