{"id":36610,"date":"2025-10-09T13:20:16","date_gmt":"2025-10-09T13:20:16","guid":{"rendered":"https:\/\/conakrynews.org\/?p=36610"},"modified":"2025-10-09T13:20:16","modified_gmt":"2025-10-09T13:20:16","slug":"est-de-la-rdc-a-bruxelles-le-president-congolais-tend-la-main-a-son-homologue-rwandais-pour-faire-la-paix","status":"publish","type":"post","link":"https:\/\/conakrynews.org\/index.php\/est-de-la-rdc-a-bruxelles-le-president-congolais-tend-la-main-a-son-homologue-rwandais-pour-faire-la-paix\/","title":{"rendered":"Est de la RDC: \u00e0 Bruxelles, le pr\u00e9sident congolais tend la main \u00e0 son homologue rwandais pour faire \u00abla paix\u00bb"},"content":{"rendered":"<h1 class=\"name post-title entry-title\"><\/h1>\n<div class=\"clear\">Le pr\u00e9sident congolais Felix Tshisekedi a appel\u00e9 ce 9 octobre 2025 \u00e0 Bruxelles son homologue rwandais Paul Kagame \u00e0 avoir \u00ab <em>le courage<\/em>\u00a0\u00bb de travailler avec lui pour faire \u00ab\u00a0<em>la paix des braves\u00a0<\/em>\u00bb et cesser les violences dans l\u2019est de la R\u00e9publique d\u00e9mocratique du Congo (RDC). \u00ab\u00a0<em>Je prends \u00e0 t\u00e9moin l\u2019assistance ici pr\u00e9sente et le monde entier [\u2026] pour lancer un appel \u00e0 la paix, lui tendre la main et demander \u00e0 ce qu\u2019on arr\u00eate cette escalade<\/em>\u00a0\u00bb, a-t-il d\u00e9clar\u00e9 lors d\u2019un forum auquel participait \u00e9galement le chef de l\u2019\u00c9tat rwandais. \u00ab\u00a0<em>Aujourd\u2019hui, nous sommes les deux seuls capables d\u2019arr\u00eater cette escalade<\/em>\u00a0\u00bb, a-t-il ajout\u00e9 dans une r\u00e9f\u00e9rence aux violences qui se poursuivent en d\u00e9pit d\u2019un accord de paix sign\u00e9 fin juin \u00e0 Washington.<\/div>\n<div class=\"entry\">\n<p>La main tendue du pr\u00e9sident de la\u00a0<strong><a href=\"https:\/\/www.rfi.fr\/fr\/tag\/rdc\/\" target=\"_self\" rel=\"noopener noreferrer\">RDC\u00a0<\/a><\/strong>\u00e0 son homologue rwandais, Paul Kagame. C\u2019\u00e9tait ce 9 octobre 2025 \u00e0 Bruxelles \u00e0 l\u2019occasion d\u2019un forum sur les investissements europ\u00e9ens en Afrique auquel assistent les deux chefs d\u2019\u00c9tat.<\/p>\n<p>Lors de son allocution, F\u00e9lix Tshisekedi est revenu sur les combats qui ont repris ces derni\u00e8res semaines dans l\u2019est de son pays entre forces congolaises et le groupe politico-militaire AFC\/M23.<\/p>\n<p>\u00ab\u00a0<em>Aujourd\u2019hui, nous vivons cette situation et nous sommes les deux seuls capables d\u2019arr\u00eater cette escalade<\/em>, a-t-il lanc\u00e9 \u00e0 son homologue rwandais.\u00a0<em>Je le dis en prenant \u00e0 t\u00e9moin le pr\u00e9sident Joao Louren\u00e7o, notre pr\u00e9sident actuel de l\u2019Union africaine, auquel je rends d\u2019ailleurs un hommage particulier pour son implication dans cette crise [<\/em>\u00e0 travers le processus de Luanda, entre Congolais et Rwandais, NDLR<em>] et qui, comme vous le savez, \u00e9tait \u00e0 quelques encablures de la r\u00e9gler d\u00e9finitivement. Mais malheureusement, sans aucune raison \u2013 en tout cas, je n\u2019en ai jamais entendu jusqu\u2019\u00e0 ce jour \u2013 vous avez boycott\u00e9 cette c\u00e9r\u00e9monie alors que nous \u00e9tions \u00e0 98\u00a0% d\u00e9j\u00e0 de recouvrer une paix durable<\/em>\u00a0\u00bb.<\/p>\n<h2>\u00ab\u00a0<em>Que vous donniez l\u2019ordre aux troupes du M23 d\u2019arr\u00eater cette escalade\u00a0<\/em>\u00bb<\/h2>\n<p>Et F\u00e9lix Tshisekedi d\u2019ajouter : \u00ab\u00a0<em>Mais il n\u2019est pas trop tard pour bien faire et c\u2019est pour cela que je prends \u00e0 t\u00e9moin ce forum et, \u00e0 travers lui, le monde entier, pour vous tendre la main, Monsieur le pr\u00e9sident, pour que nous fassions la paix des braves. Et cela demande que vous donniez l\u2019ordre aux troupes du M23 qui sont soutenues par votre pays, d\u2019arr\u00eater cette escalade qui a fait suffisamment de morts comme cela. Nous les comptons par millions. Il est temps d\u2019arr\u00eater et de nous tourner vers la paix et le d\u00e9veloppement.<\/em>\u00a0\u00bb<\/p>\n<p>Paul Kagam\u00e9, qui s\u2019\u00e9tait exprim\u00e9 avant le pr\u00e9sident congolais lors du m\u00eame forum, n\u2019avait pas r\u00e9agi \u00e0 ce discours, \u00e0 la mi-journ\u00e9e, ce jeudi. Pr\u00e9sent \u00e0 la tribune quelques instants auparavant, le pr\u00e9sident rwandais n\u2019a pas explicitement \u00e9voqu\u00e9 ces efforts de paix. Il a fait part d\u2019une \u00ab\u00a0<em>\u00e9nergie positive<\/em>\u00a0\u00bb concernant \u00ab\u00a0<em>les affaires, les investissements, la paix<\/em>\u00a0\u00bb.<\/p>\n<h2>\u00ab<em>\u00a0Du cin\u00e9ma politique\u00a0<\/em>\u00bb<\/h2>\n<p>En revanche, le ministre rwandais des Affaires \u00e9trang\u00e8res, Olivier Nduhungirehe, a r\u00e9agi s\u00e8chement \u00e0 l\u2019appel lanc\u00e9 par F\u00e9lix Tshisekedi. \u00ab\u00a0<em>C\u2019est quand m\u00eame assez consternant de voir un chef d\u2019\u00c9tat qui est en train d\u2019abuser d\u2019un forum ou d\u2019un podium qui est destin\u00e9 \u00e0 la coop\u00e9ration entre l\u2019Union europ\u00e9enne et les pays africains pour en faire une tribune pour faire du cin\u00e9ma politique\u00a0<\/em>\u00bb, a-t-il lanc\u00e9 au micro de\u00a0<strong>Patient Ligodi<\/strong>. Interrog\u00e9 sur cette main tendue du pr\u00e9sident congolais, le chef de la diplomatie rwandaise r\u00e9plique\u00a0: \u00ab\u00a0<em>Mais de quelle main tendue parlez-vous ? Moi je vous ai dit que c\u2019est du cin\u00e9ma politique, puisque le pr\u00e9sident Tshisekedi sait lui-m\u00eame qu\u2019il y a d\u00e9j\u00e0 un accord qui a \u00e9t\u00e9 sign\u00e9, mais que c\u2019est lui qui viole cet accord.<\/em>\u00a0\u00bb<\/p>\n<p>Il poursuit\u00a0: \u00ab\u00a0<em>Et d\u2019ailleurs, vous vous souviendrez qu\u2019il y a quelques, alors que les d\u00e9l\u00e9gations rwandaise et congolaise \u00e9taient \u00e0 Washington pour parapher l\u2019accord sur le cadre r\u00e9gional d\u2019int\u00e9gration \u00e9conomique, alors que les deux d\u00e9l\u00e9gations s\u2019\u00e9taient mises d\u2019accord sur le texte mot pour mot, eh bien c\u2019est le pr\u00e9sident Tshisekedi lui-m\u00eame qui a instruit sa d\u00e9l\u00e9gation de ne pas le signer. Donc, c\u2019est lui qui met des b\u00e2tons dans les roues \u00e0 l\u2019application des accords existants. Donc, il ne peut pas venir \u00e0 Bruxelles la main sur le c\u0153ur, faire semblant de tendre la main au pr\u00e9sident Kagame, alors que c\u2019est lui qui viole des accords existants.<\/em>\u00a0\u00bb<\/p>\n<p>Le Rwanda a toujours d\u00e9fendu la th\u00e8se selon laquelle il existe deux probl\u00e8mes distincts et qu\u2019il ne pouvait pas avancer dans les n\u00e9gociations avec Kinshasa tant que la RDC n\u2019aura pas r\u00e9gl\u00e9 son diff\u00e9rend avec l\u2019AFC\/M23. C\u2019est l\u2019explication donn\u00e9e par la diplomatie rwandaise pour justifier l\u2019absence de Paul Kagame au sommet convoqu\u00e9 par le pr\u00e9sident angolais pour la signature de l\u2019accord de paix entre Kinshasa et Kigali.<\/p>\n<p>\u00ab\u00a0<em>Nous avons \u00e9t\u00e9 invit\u00e9s \u00e0 ce sommet par lettre du facilitateur le 30 novembre 2024, qui indiquait que la partie congolaise avait donn\u00e9 son accord sur le dialogue avec le M23 dans le cadre du processus de Nairobi [<\/em>processus de discussion avec d\u2019autres groupes arm\u00e9s, NDLR<em>]. On a aussi re\u00e7u un projet d\u2019accord qui, lui aussi, contenait le mot dialogue. On est venu ici \u00e0 Luanda et on a \u00e9t\u00e9 surpris que la ministre des Affaires \u00e9trang\u00e8res de la RDC a cat\u00e9goriquement refus\u00e9 toute id\u00e9e de dialogue avec le M23, ce qui contredisait l\u2019accord initial puisque le seul objet du sommet \u00e9tait la signature de l\u2019accord et qu\u2019il n\u2019y avait pas d\u2019accord entre les ministres sur cette question<\/em>\u00a0\u00bb, assurait alors Olivier Nduhungirehe.<\/p>\n<p>C\u2019est dans cette logique qu\u2019il existe aujourd\u2019hui deux processus : celui de Doha (entre Kinshasa et l\u2019AFC\/M23) et celui de Washington (entre Kinshasa et Kigali). Demander \u00e0 Paul Kagame de donner l\u2019ordre aux troupes de l\u2019AFC\/M23 de se retirer serait donc contraire \u00e0 la position d\u00e9fendue par Kigali, explique un diplomate de la r\u00e9gion.<\/p>\n<h2>Contexte particuli\u00e8rement tendu<\/h2>\n<p>Le discours de F\u00e9lix Tshisekedi intervient aussi dans un moment particuli\u00e8rement tendu, tant sur le plan militaire que sur celui des n\u00e9gociations. Il y a pr\u00e8s de deux semaines, la d\u00e9l\u00e9gation congolaise a refus\u00e9 de signer le cadre \u00e9conomique r\u00e9gional n\u00e9goci\u00e9 \u00e0 Washington, pr\u00e9sent\u00e9 comme le prolongement \u00e9conomique de l\u2019accord de paix sign\u00e9 le 27 juin \u00e0 Washington sous m\u00e9diation am\u00e9ricaine. Selon un conseiller \u00e0 la pr\u00e9sidence de la R\u00e9publique en RDC, la ligne d\u00e9fendue par le chef de l\u2019\u00c9tat est claire : \u00ab\u00a0<em>Il n\u2019y aura pas de coop\u00e9ration \u00e9conomique tant que les discussions sur les questions de s\u00e9curit\u00e9 et sur les garanties que Kinshasa attend de Kigali et de l\u2019AFC\/M23 ne seront pas finalis\u00e9es.<\/em>\u00a0\u00bb Un proche du pr\u00e9sident congolais ajoute : \u00ab<em>\u00a0\u00c7a ne ferait aucun sens pour notre population de nous voir conclure ce type d\u2019accord alors que le Rwanda est toujours sur notre territoire et que le soutien au M23 se poursuit.<\/em>\u00a0\u00bb Ces positions ont irrit\u00e9 la partie rwandaise, selon plusieurs sources proches du dossier.<\/p>\n<p>L\u2019est de la RDC, r\u00e9gion riche en ressources naturelles et frontali\u00e8re du Rwanda, est en proie \u00e0 des conflits depuis 30 ans. Les violences se sont intensifi\u00e9es depuis janvier avec la prise des grandes villes de Goma et Bukavu par l\u2019AFC\/ M23, soutenu par Kigali et son arm\u00e9e.<\/p>\n<p>&nbsp;<\/p>\n<p><strong>Avec AFP<\/strong><\/p>\n<\/div>\n","protected":false},"excerpt":{"rendered":"<p>Le pr\u00e9sident congolais Felix Tshisekedi a appel\u00e9 ce 9 octobre 2025 \u00e0 Bruxelles son homologue rwandais Paul Kagame \u00e0 avoir \u00ab le courage\u00a0\u00bb de travailler avec lui pour faire \u00ab\u00a0la paix des braves\u00a0\u00bb et cesser les violences dans l\u2019est de la R\u00e9publique d\u00e9mocratique du Congo (RDC). \u00ab\u00a0Je prends \u00e0 t\u00e9moin l\u2019assistance ici pr\u00e9sente et le [&hellip;]<\/p>\n","protected":false},"author":2,"featured_media":36611,"comment_status":"closed","ping_status":"closed","sticky":false,"template":"","format":"standard","meta":{"footnotes":""},"categories":[57],"tags":[],"class_list":{"0":"post-36610","1":"post","2":"type-post","3":"status-publish","4":"format-standard","5":"has-post-thumbnail","7":"category-politique"},"_links":{"self":[{"href":"https:\/\/conakrynews.org\/index.php\/wp-json\/wp\/v2\/posts\/36610","targetHints":{"allow":["GET"]}}],"collection":[{"href":"https:\/\/conakrynews.org\/index.php\/wp-json\/wp\/v2\/posts"}],"about":[{"href":"https:\/\/conakrynews.org\/index.php\/wp-json\/wp\/v2\/types\/post"}],"author":[{"embeddable":true,"href":"https:\/\/conakrynews.org\/index.php\/wp-json\/wp\/v2\/users\/2"}],"replies":[{"embeddable":true,"href":"https:\/\/conakrynews.org\/index.php\/wp-json\/wp\/v2\/comments?post=36610"}],"version-history":[{"count":0,"href":"https:\/\/conakrynews.org\/index.php\/wp-json\/wp\/v2\/posts\/36610\/revisions"}],"wp:featuredmedia":[{"embeddable":true,"href":"https:\/\/conakrynews.org\/index.php\/wp-json\/wp\/v2\/media\/36611"}],"wp:attachment":[{"href":"https:\/\/conakrynews.org\/index.php\/wp-json\/wp\/v2\/media?parent=36610"}],"wp:term":[{"taxonomy":"category","embeddable":true,"href":"https:\/\/conakrynews.org\/index.php\/wp-json\/wp\/v2\/categories?post=36610"},{"taxonomy":"post_tag","embeddable":true,"href":"https:\/\/conakrynews.org\/index.php\/wp-json\/wp\/v2\/tags?post=36610"}],"curies":[{"name":"wp","href":"https:\/\/api.w.org\/{rel}","templated":true}]}}