{"id":36614,"date":"2025-10-09T13:26:21","date_gmt":"2025-10-09T13:26:21","guid":{"rendered":"https:\/\/conakrynews.org\/?p=36614"},"modified":"2025-10-09T13:26:21","modified_gmt":"2025-10-09T13:26:21","slug":"guinee-macenta-exprime-sa-gratitude-envers-le-president-de-la-republique-et-le-gouvernement","status":"publish","type":"post","link":"https:\/\/conakrynews.org\/index.php\/guinee-macenta-exprime-sa-gratitude-envers-le-president-de-la-republique-et-le-gouvernement\/","title":{"rendered":"Guin\u00e9e: Macenta exprime sa gratitude envers le Pr\u00e9sident de la R\u00e9publique et le gouvernement"},"content":{"rendered":"<div><\/div>\n<div class=\"clear\">Ce mercredi, les communaut\u00e9s de Macenta se sont rassembl\u00e9es autour du Conseil des sages pour accueillir avec chaleur et ferveur la d\u00e9l\u00e9gation gouvernementale conduite par <span class=\"html-span xdj266r x14z9mp xat24cr x1lziwak xexx8yu xyri2b x18d9i69 x1c1uobl x1hl2dhg x16tdsg8 x1vvkbs\"><span class=\"xt0psk2\"><span class=\"xjp7ctv\">Le Premier Ministre Amadou Oury BAH<\/span><\/span><\/span>. Cette visite de courtoisie visait \u00e0 transmettre, au nom du Chef de l\u2019\u00c9tat, le G\u00e9n\u00e9ral Mamadi Doumbouya, les remerciements sinc\u00e8res aux populations de Macenta pour leur mobilisation exemplaire et leur soutien d\u00e9cisif au succ\u00e8s du \u201coui\u201d lors du r\u00e9f\u00e9rendum du 21 septembre dernier.<\/div>\n<div class=\"entry\">\n<div class=\"x14z9mp xat24cr x1lziwak x1vvkbs xtlvy1s x126k92a\">\n<div dir=\"auto\">\u00c0 cette occasion, \u00ab le v\u00e9n\u00e9rable notable \u00bb de Macenta, accompagn\u00e9 du repr\u00e9sentant du patriarche, a exprim\u00e9 sa profonde satisfaction \u00e0 l\u2019\u00e9gard du Pr\u00e9sident de la R\u00e9publique et de l\u2019action gouvernementale, par l\u2019interm\u00e9diaire du Premier ministre. Ils ont \u00e9galement renouvel\u00e9 leur souhait de voir aboutir les travaux d\u2019am\u00e9nagement routier du centre-ville et du grand march\u00e9, projets jug\u00e9s essentiels pour le d\u00e9veloppement local.<\/div>\n<\/div>\n<div class=\"x14z9mp xat24cr x1lziwak x1vvkbs xtlvy1s x126k92a\">\n<div dir=\"auto\">Enfin, la notabilit\u00e9 de Macenta a r\u00e9affirm\u00e9 sa confiance dans la gouvernance actuelle, saluant les efforts entrepris pour la stabilit\u00e9 et le progr\u00e8s du pays.<\/div>\n<\/div>\n<div dir=\"auto\"><\/div>\n<div dir=\"auto\"><strong>Avec CCG<\/strong><\/div>\n<\/div>\n<div class=\"share-post\">\n<p>&nbsp;<\/p>\n<\/div>\n","protected":false},"excerpt":{"rendered":"<p>Ce mercredi, les communaut\u00e9s de Macenta se sont rassembl\u00e9es autour du Conseil des sages pour accueillir avec chaleur et ferveur la d\u00e9l\u00e9gation gouvernementale conduite par Le Premier Ministre Amadou Oury BAH. Cette visite de courtoisie visait \u00e0 transmettre, au nom du Chef de l\u2019\u00c9tat, le G\u00e9n\u00e9ral Mamadi Doumbouya, les remerciements sinc\u00e8res aux populations de Macenta [&hellip;]<\/p>\n","protected":false},"author":2,"featured_media":36615,"comment_status":"closed","ping_status":"closed","sticky":false,"template":"","format":"standard","meta":{"footnotes":""},"categories":[57],"tags":[],"class_list":{"0":"post-36614","1":"post","2":"type-post","3":"status-publish","4":"format-standard","5":"has-post-thumbnail","7":"category-politique"},"_links":{"self":[{"href":"https:\/\/conakrynews.org\/index.php\/wp-json\/wp\/v2\/posts\/36614","targetHints":{"allow":["GET"]}}],"collection":[{"href":"https:\/\/conakrynews.org\/index.php\/wp-json\/wp\/v2\/posts"}],"about":[{"href":"https:\/\/conakrynews.org\/index.php\/wp-json\/wp\/v2\/types\/post"}],"author":[{"embeddable":true,"href":"https:\/\/conakrynews.org\/index.php\/wp-json\/wp\/v2\/users\/2"}],"replies":[{"embeddable":true,"href":"https:\/\/conakrynews.org\/index.php\/wp-json\/wp\/v2\/comments?post=36614"}],"version-history":[{"count":0,"href":"https:\/\/conakrynews.org\/index.php\/wp-json\/wp\/v2\/posts\/36614\/revisions"}],"wp:featuredmedia":[{"embeddable":true,"href":"https:\/\/conakrynews.org\/index.php\/wp-json\/wp\/v2\/media\/36615"}],"wp:attachment":[{"href":"https:\/\/conakrynews.org\/index.php\/wp-json\/wp\/v2\/media?parent=36614"}],"wp:term":[{"taxonomy":"category","embeddable":true,"href":"https:\/\/conakrynews.org\/index.php\/wp-json\/wp\/v2\/categories?post=36614"},{"taxonomy":"post_tag","embeddable":true,"href":"https:\/\/conakrynews.org\/index.php\/wp-json\/wp\/v2\/tags?post=36614"}],"curies":[{"name":"wp","href":"https:\/\/api.w.org\/{rel}","templated":true}]}}